{"id":55553,"date":"2018-05-23T17:26:57","date_gmt":"2018-05-23T20:26:57","guid":{"rendered":"http:\/\/portalcatolico.net\/portal\/?p=55553"},"modified":"2018-05-23T19:49:22","modified_gmt":"2018-05-23T22:49:22","slug":"festejos-em-homenagens-a-santa-rita-de-cassia-atrairam-centenas-de-fieis-em-itabuna","status":"publish","type":"post","link":"http:\/\/portalcatolico.net\/portal\/festejos-em-homenagens-a-santa-rita-de-cassia-atrairam-centenas-de-fieis-em-itabuna\/","title":{"rendered":"Festejos em homenagens a Santa Rita de C\u00e1ssia atra\u00edram centenas de fieis em Itabuna"},"content":{"rendered":"<p class=\"m_6186281493820650535xgmail-msonospacing\">Ap\u00f3s 10 dias de intensa participa\u00e7\u00e3o de fi\u00e9is cat\u00f3licos na Festa de Santa Rita de C\u00e1ssia, padroeira do bairro S\u00e3o Caetano, em Itabuna (BA), a programa\u00e7\u00e3o religiosa chegou ao fim nesta ter\u00e7a-feira (22). O tema central da festa deste ano foi: &#8220;Santa Rita inspirando os crist\u00e3os leigos e leigas a serem sal da terra e luz do mundo.&#8221;<u><\/u><u><\/u><\/p>\n<p class=\"m_6186281493820650535xgmail-msonospacing\">Como em anos anteriores, a Par\u00f3quia de Santa Rita de C\u00e1ssia&nbsp;&nbsp;recebeu milhares de fieis de Itabuna e de v\u00e1rias cidades circunvizinhas para participarem especialmente da santa missa e da&nbsp;&nbsp;tradicional&nbsp;&nbsp;prociss\u00e3o com a imagem da santa.<u><\/u><u><\/u><\/p>\n<p class=\"m_6186281493820650535xgmail-msonospacing\">A programa\u00e7\u00e3o deste \u00faltimo dia come\u00e7ou&nbsp;&nbsp;\u00e0s 5h, com alvorada, e com missa solene na igreja matriz de Santa Rita de C\u00e1ssia, celebrada pelo vig\u00e1rio geral da Diocese de Itabuna, o padre Nicolau Klak, e concelebrada pelo&nbsp;&nbsp;p\u00e1roco, o Frei Pe. Jos\u00e9 Genilton Castro, al\u00e9m dos Frades Capuchinhos da par\u00f3quia, juntamente com di\u00e1conos e padres da Diocese de Itabuna.<u><\/u><u><\/u><\/p>\n<p class=\"m_6186281493820650535xgmail-msonospacing\">Na homilia, padre Nicolau disse: \u201cEstamos aqui celebrando a vida, o exemplo, este patrim\u00f4nio espiritual que Santa Rita deixou.\u201d<u><\/u><u><\/u><\/p>\n<p class=\"m_6186281493820650535xgmail-msonospacing\">Dentre os destaques do Noven\u00e1rio deste ano, aconteceu a inaugura\u00e7\u00e3o do monumento de Frei Joaquim,&nbsp;&nbsp;no dia 12 de maio. Frei Joaquim foi um dos fundadores da par\u00f3quia de Santa Rita e&nbsp;<em>faleceu no dia 10 de julho de 2017, aos 87 anos. E por ser devoto de Santa Rita de C\u00e1ssia, ele pediu ainda em vida, para ser sepultado aos p\u00e9s da santa, e queria que um monumento fosse constru\u00eddo na igreja matriz, em sua homenagem. N\u00e3o haveria oportunidade melhor para poder realizar o pedido do saudoso sacerdote.<\/em><u><\/u><u><\/u><\/p>\n<p class=\"m_6186281493820650535xgmail-msonospacing\">Santa Rita de C\u00e1ssia,que&nbsp;\u00e9 considerada junto com&nbsp;S\u00e3o Judas Tadeu, a&nbsp;<strong>padroeira das causas imposs\u00edveis<\/strong>&nbsp;e tamb\u00e9m das&nbsp;<strong>causas perdidas<\/strong>. Ela \u00e9 uma das santas mais populares que existe e a cada ano que passa atrai mais e mais fi\u00e9is para as comemora\u00e7\u00f5es e celebra\u00e7\u00f5es pelo seu dia.<\/p>\n<p>Texto:Reda\u00e7\u00e3o\/Portal Cat\u00f3lico<\/p>\n<p>\u00c1lbuns de fotos: <a href=\"http:\/\/portalcatolico.net\/portal\/55556-2\/\"><span style=\"color: #ff0000;\">CLIQUE AQUI<\/span><\/a><\/p>\n","protected":false},"excerpt":{"rendered":"<p>Ap\u00f3s 10 dias de intensa participa\u00e7\u00e3o de fi\u00e9is cat\u00f3licos na Festa de Santa Rita de C\u00e1ssia, padroeira do bairro S\u00e3o Caetano, em Itabuna (BA), a programa\u00e7\u00e3o religiosa chegou ao fim nesta ter\u00e7a-feira (22). O tema central da festa deste ano foi: &#8220;Santa Rita inspirando os crist\u00e3os leigos e leigas a serem sal da terra e&nbsp;<\/p>\n<p><a class=\"btn btn-style\" href=\"http:\/\/portalcatolico.net\/portal\/festejos-em-homenagens-a-santa-rita-de-cassia-atrairam-centenas-de-fieis-em-itabuna\/\">Continue Reading<\/a><\/p>\n","protected":false},"author":2,"featured_media":55554,"comment_status":"open","ping_status":"open","sticky":false,"template":"","format":"standard","meta":{"footnotes":""},"categories":[68],"tags":[],"class_list":["post-55553","post","type-post","status-publish","format-standard","has-post-thumbnail","hentry","category-homilias"],"_links":{"self":[{"href":"http:\/\/portalcatolico.net\/portal\/wp-json\/wp\/v2\/posts\/55553","targetHints":{"allow":["GET"]}}],"collection":[{"href":"http:\/\/portalcatolico.net\/portal\/wp-json\/wp\/v2\/posts"}],"about":[{"href":"http:\/\/portalcatolico.net\/portal\/wp-json\/wp\/v2\/types\/post"}],"author":[{"embeddable":true,"href":"http:\/\/portalcatolico.net\/portal\/wp-json\/wp\/v2\/users\/2"}],"replies":[{"embeddable":true,"href":"http:\/\/portalcatolico.net\/portal\/wp-json\/wp\/v2\/comments?post=55553"}],"version-history":[{"count":3,"href":"http:\/\/portalcatolico.net\/portal\/wp-json\/wp\/v2\/posts\/55553\/revisions"}],"predecessor-version":[{"id":55764,"href":"http:\/\/portalcatolico.net\/portal\/wp-json\/wp\/v2\/posts\/55553\/revisions\/55764"}],"wp:featuredmedia":[{"embeddable":true,"href":"http:\/\/portalcatolico.net\/portal\/wp-json\/wp\/v2\/media\/55554"}],"wp:attachment":[{"href":"http:\/\/portalcatolico.net\/portal\/wp-json\/wp\/v2\/media?parent=55553"}],"wp:term":[{"taxonomy":"category","embeddable":true,"href":"http:\/\/portalcatolico.net\/portal\/wp-json\/wp\/v2\/categories?post=55553"},{"taxonomy":"post_tag","embeddable":true,"href":"http:\/\/portalcatolico.net\/portal\/wp-json\/wp\/v2\/tags?post=55553"}],"curies":[{"name":"wp","href":"https:\/\/api.w.org\/{rel}","templated":true}]}}