{"id":55463,"date":"2018-05-23T13:16:40","date_gmt":"2018-05-23T16:16:40","guid":{"rendered":"http:\/\/portalcatolico.net\/portal\/?p=55463"},"modified":"2018-05-23T13:25:21","modified_gmt":"2018-05-23T16:25:21","slug":"administrador-apostolico-para-a-eparquia-greco-melquita","status":"publish","type":"post","link":"http:\/\/portalcatolico.net\/portal\/administrador-apostolico-para-a-eparquia-greco-melquita\/","title":{"rendered":"Administrador Apost\u00f3lico para a Eparquia Greco-Melquita"},"content":{"rendered":"<p>O papa Francisco nomeou hoje, 23 de maio, o bispo auxiliar de S\u00e3o Paulo, dom S\u00e9rgio de Deus Borges (na foto acima) como Administrador Apost\u00f3lico da Eparquia de Nossa Senhora do Para\u00edso em S\u00e3o Paulo dos Greco-Melquitas. A decis\u00e3o do pont\u00edfice foi tomada ap\u00f3s a transfer\u00eancia de dom Joseph G\u00e9bara \u00e0 Arquieparquia de Petra e Filad\u00e9lfia (Jord\u00e2nia) dos Greco-Melquitas. Com a mudan\u00e7a, dom G\u00e9bara passa a ser arcebispo.<\/p>\n<p><strong>A Eparquia<\/strong><\/p>\n<p>A Eparquia Greco-Melquita Nossa Senhora do Para\u00edso, ou Eparquia Nossa Senhora do Para\u00edso em S\u00e3o Paulo dos Greco-Melquitas \u00e9 uma circunscri\u00e7\u00e3o eclesi\u00e1stica da Igreja Greco-Cat\u00f3lica Melquita no Brasil, sendo uma das igrejas&nbsp;<em>Sui Iuris<\/em>&nbsp;em comunh\u00e3o com a Igreja Cat\u00f3lica Apost\u00f3lica Romana. Foi institu\u00edda em 26 de maio de 1972 pelo papa Paulo VI, sendo sua S\u00e9 a Catedral de Nossa Senhora do Para\u00edso em S\u00e3o Paulo.<\/p>\n<p>Informa\u00e7\u00f5es&nbsp; do site oficial da CNBB&nbsp;<\/p>\n","protected":false},"excerpt":{"rendered":"<p>O papa Francisco nomeou hoje, 23 de maio, o bispo auxiliar de S\u00e3o Paulo, dom S\u00e9rgio de Deus Borges (na foto acima) como Administrador Apost\u00f3lico da Eparquia de Nossa Senhora do Para\u00edso em S\u00e3o Paulo dos Greco-Melquitas. A decis\u00e3o do pont\u00edfice foi tomada ap\u00f3s a transfer\u00eancia de dom Joseph G\u00e9bara \u00e0 Arquieparquia de Petra e&nbsp;<\/p>\n<p><a class=\"btn btn-style\" href=\"http:\/\/portalcatolico.net\/portal\/administrador-apostolico-para-a-eparquia-greco-melquita\/\">Continue Reading<\/a><\/p>\n","protected":false},"author":2,"featured_media":55470,"comment_status":"open","ping_status":"open","sticky":false,"template":"","format":"standard","meta":{"footnotes":""},"categories":[5],"tags":[],"class_list":["post-55463","post","type-post","status-publish","format-standard","has-post-thumbnail","hentry","category-igreja_no_mundo"],"_links":{"self":[{"href":"http:\/\/portalcatolico.net\/portal\/wp-json\/wp\/v2\/posts\/55463","targetHints":{"allow":["GET"]}}],"collection":[{"href":"http:\/\/portalcatolico.net\/portal\/wp-json\/wp\/v2\/posts"}],"about":[{"href":"http:\/\/portalcatolico.net\/portal\/wp-json\/wp\/v2\/types\/post"}],"author":[{"embeddable":true,"href":"http:\/\/portalcatolico.net\/portal\/wp-json\/wp\/v2\/users\/2"}],"replies":[{"embeddable":true,"href":"http:\/\/portalcatolico.net\/portal\/wp-json\/wp\/v2\/comments?post=55463"}],"version-history":[{"count":1,"href":"http:\/\/portalcatolico.net\/portal\/wp-json\/wp\/v2\/posts\/55463\/revisions"}],"predecessor-version":[{"id":55465,"href":"http:\/\/portalcatolico.net\/portal\/wp-json\/wp\/v2\/posts\/55463\/revisions\/55465"}],"wp:featuredmedia":[{"embeddable":true,"href":"http:\/\/portalcatolico.net\/portal\/wp-json\/wp\/v2\/media\/55470"}],"wp:attachment":[{"href":"http:\/\/portalcatolico.net\/portal\/wp-json\/wp\/v2\/media?parent=55463"}],"wp:term":[{"taxonomy":"category","embeddable":true,"href":"http:\/\/portalcatolico.net\/portal\/wp-json\/wp\/v2\/categories?post=55463"},{"taxonomy":"post_tag","embeddable":true,"href":"http:\/\/portalcatolico.net\/portal\/wp-json\/wp\/v2\/tags?post=55463"}],"curies":[{"name":"wp","href":"https:\/\/api.w.org\/{rel}","templated":true}]}}