{"id":55460,"date":"2018-05-23T06:04:03","date_gmt":"2018-05-23T09:04:03","guid":{"rendered":"http:\/\/portalcatolico.net\/portal\/?p=55460"},"modified":"2018-05-23T06:04:03","modified_gmt":"2018-05-23T09:04:03","slug":"quem-sao-os-14-cardeais-que-o-papa-francisco-criara","status":"publish","type":"post","link":"http:\/\/portalcatolico.net\/portal\/quem-sao-os-14-cardeais-que-o-papa-francisco-criara\/","title":{"rendered":"Quem s\u00e3o os 14 Cardeais que o Papa Francisco criar\u00e1?"},"content":{"rendered":"<p>O Papa Francisco anunciou durante a ora\u00e7\u00e3o do Regina Coeli a cria\u00e7\u00e3o de 14 novos&nbsp;Cardeais&nbsp;em um consist\u00f3rio que ser\u00e1 realizado no pr\u00f3ximo dia 29 de junho.<\/p>\n<p>Entre os novos cardeais anunciados no domingo, 20 de maio, procedentes de 11 pa\u00edses diferentes, est\u00e3o o Patriarca de Babil\u00f4nia dos Caldeus, Sua Beatitude Louis Raphael I Sako; o Prefeito da Congrega\u00e7\u00e3o para a Doutrina da F\u00e9, Dom Luis Ladaria, o Vig\u00e1rio Geral de Roma, Dom Angelo De Donatis; e o Delegado Pontif\u00edcio para a Soberana Ordem Militar de Malta, Dom Giovanni Angelo Becciu.<\/p>\n<p>Al\u00e9m disso, tamb\u00e9m ser\u00e3o criados cardeais Dom Ant\u00f3nio dos Santos Marto, Bispo de Leiria-F\u00e1tima, em Portugal; Dom Pedro Barreto Jimeno, Arcebispo de Huancayo, Peru; Dom Tom\u00e1s Aquinas Manyo Maeda, Arcebispo de Osaka, Jap\u00e3o; e o sacerdote claretiano Pe. Aquilino Bocos Merino.<\/p>\n<p>A seguir, as biografias dos 14 novos cardeais:<\/p>\n<p><strong>Sua Beatitude Louis Raphael I Sako<\/strong>, Patriarca de Babil\u00f4nia dos Caldeus, nasceu em Zakho, Iraque, em 4 de julho de 1948. Realizou os seus estudos em Mossul, no Semin\u00e1rio local de St. Jean, administrado pelos Sacerdotes Dominicanos.<\/p>\n<p>Foi ordenado sacerdote em 1\u00ba de junho de 1974 e desenvolveu o seu servi\u00e7o pastoral na Catedral de Mossul at\u00e9 1979.<\/p>\n<p>Mudou-se para Roma e obteve o Doutorado em Patrologia Oriental no Pontif\u00edcio Instituto Oriental. Logo depois, obteve o Doutorado em Hist\u00f3ria na Sorbonne de Paris. Entre 1997 e 2002, foi Reitor do Semin\u00e1rio Patriarcal de Bagd\u00e1.<\/p>\n<p>Quando voltou para Mossul, foi p\u00e1roco da Par\u00f3quia do Perp\u00e9tuo Socorro, at\u00e9 que foi nomeado Arcebispo de Kerkuk em 27 de setembro de 2003. Recebeu a ordena\u00e7\u00e3o episcopal em 14 de novembro do mesmo ano.<\/p>\n<p>Em 31 de janeiro de 2013, durante o S\u00ednodo convocado em Roma pelo&nbsp;Papa Bento XVI, ap\u00f3s a ren\u00fancia do Patriarca Cardeal Delly, foi eleito, Patriarca e recebeu do Sumo Pont\u00edfice a Comunh\u00e3o Eclesial em 1\u00ba de fevereiro.<\/p>\n<p><strong>Dom Luis Francisco Ladaria Ferrer<\/strong>, Prefeito da Congrega\u00e7\u00e3o para a Doutrina da F\u00e9 nasceu em Manacor, Diocese de Mallorca, Espanha, em 19 de abril de 1944. Graduou-se em Jurisprud\u00eancia na Universidade de Madri em 1966. Entrou na Companhia de Jesus em 17 de outubro de 1966.<\/p>\n<p>Realizou os seus estudos de Filosofia e Teologia na Pontif\u00edcia Universidade Comillas de Madri e na Philosophisch-Theologische Hochschule Sankt Georgen, em Frankfurt (Alemanha). Recebeu a ordem sacerdotal em 29 de julho de 1973.<\/p>\n<p>Obteve o Doutorado em Teologia na Pontif\u00edcia Universidade Gregoriana em 1975. A partir deste ano, foi professor de Teologia Dogm\u00e1tica na Pontif\u00edcia Universidade de Comillas, em Madri. Desde 1984 \u00e9 Ordin\u00e1rio de Teologia Dogm\u00e1tica na Faculdade de Teologia da Pontif\u00edcia Universidade Gregoriana.<\/p>\n<p>Tamb\u00e9m foi Vice-Reitor desta institui\u00e7\u00e3o entre 1986 e 1994. Foi membro da Comiss\u00e3o Teol\u00f3gica Internacional de 1992 a 1997. Consultor da Congrega\u00e7\u00e3o para a Doutrina da F\u00e9 desde 1995 e Secret\u00e1rio Geral da Comiss\u00e3o Teol\u00f3gica Internacional desde 2004.<\/p>\n<p>Em 9 de julho foi nomeado Secret\u00e1rio da Congrega\u00e7\u00e3o para a Doutrina da F\u00e9. Em 1\u00ba de julho de 2017, foi nomeado Prefeito da Congrega\u00e7\u00e3o para a Doutrina da F\u00e9 e Presidente da Pontif\u00edcia Comiss\u00e3o Ecclesia Dei, da Pontif\u00edcia Comiss\u00e3o B\u00edblica e da Comiss\u00e3o Teol\u00f3gica Internacional.<\/p>\n<p><strong>Dom Angelo de Donati<\/strong>, Vig\u00e1rio Geral de Roma, nasceu em 4 de janeiro de 1954 em Casarano, na prov\u00edncia de Lecce e Diocese de Nardo-Gallipoli (It\u00e1lia). Realizou os seus estudos no Semin\u00e1rio de Taranto e logo depois no Pontif\u00edcio Semin\u00e1rio Romano Maior. Realizou os seus estudos filos\u00f3ficos na Pontif\u00edcia Universidade Lateranense e os teol\u00f3gicos na Pontif\u00edcia Universidade Gregoriana, onde se graduou em Teologia Moral.<\/p>\n<p>Foi ordenado sacerdote em 12 de abril de 1980 na Diocese de Nardo-Gallipoli e, em 28 de novembro de 1983, foi incardinado na Diocese de Roma.<\/p>\n<p>Em seu minist\u00e9rio, realizou diversas miss\u00f5es pastorais nas par\u00f3quias da Diocese de Roma. Em 1989, foi admitido como cavaleiro na Ordem Equestre do Santo Sepulcro de Jerusal\u00e9m. Na&nbsp;Quaresma&nbsp;de 2014, fez as medita\u00e7\u00f5es dos Exerc\u00edcios Espirituais da C\u00faria Romana.<\/p>\n<p>Foi nomeado Bispo Auxiliar de Roma em 14 de setembro de 2015. Em 26 de maio do mesmo ano, foi nomeado Vig\u00e1rio Geral da Diocese de Roma.<\/p>\n<p><strong>Dom Giovanni Angelo Becciu<\/strong>, Substituto para os Assuntos Gerais da Secretaria de Estado e Delegado Especial na Soberana Ordem Militar de Malta, nasceu em Pattada, Sassari (It\u00e1lia), em 2 de Junho de 1948.<\/p>\n<p>Foi ordenado sacerdote em 27 de agosto de 1972. Foi incardinado em Ozieri, na Sardenha, e graduou-se em Direito Can\u00f4nico. Entrou no servi\u00e7o diplom\u00e1tico da Santa S\u00e9 em 1\u00ba de maio de 1984 e prestou seus servi\u00e7os diplom\u00e1ticos nas Representa\u00e7\u00f5es Pontif\u00edcias na Rep\u00fablica Centro-Africana, Sud\u00e3o, Nova Zel\u00e2ndia, Lib\u00e9ria, Gr\u00e3-Bretanha, Fran\u00e7a e Estados Unidos.<\/p>\n<p>Em 5 de outubro de 2001, o Papa Jo\u00e3o Paulo II o nomeou N\u00fancio Apost\u00f3lico em Angola, concedendo-lhe a sede titular de Roselle com dignidade de Arcebispo. Em 5 de novembro do mesmo ano, tamb\u00e9m foi nomeado N\u00fancio Apost\u00f3lico em S\u00e3o Tom\u00e9 e Pr\u00edncipe. Recebeu a consagra\u00e7\u00e3o episcopal em 1\u00ba de dezembro de 2001.<\/p>\n<p>Em 23 de Julho de 2009, o Papa&nbsp;Bento XVI&nbsp;o nomeou N\u00fancio Apost\u00f3lico em Cuba at\u00e9 2011. Em 10 de maio de 2011, o Papa o nomeou Substituto para os Assuntos Gerais da Secretaria de Estado.<\/p>\n<p>Em 4 de fevereiro de 2017, o Papa Francisco o nomeou Delegado Especial para a Soberana Ordem Militar de Malta.<\/p>\n<p><strong>Dom Konrad Krajewski<\/strong>, Esmoleiro Apost\u00f3lico, nasceu em Lodz, na Pol\u00f4nia, em 25 de novembro de 1963. Entrou ao Semin\u00e1rio Diocesano em 11 de junho, 1988, e depois de graduar-se em Teologia na Universidade Cat\u00f3lica de Lublin, foi ordenado sacerdote.<\/p>\n<p>Durante dois anos foi Vig\u00e1rio Paroquial em diferentes par\u00f3quias da sua Diocese. Em 1990, mudou-se para Roma a fim de continuar estudando no Instituto Lit\u00fargico de Santo Anselmo. Em 5 de mar\u00e7o de 1993, obteve Licenciatura em Liturgia Sagrada e, em 10 mar\u00e7o de 1995, Licenciatura em Teologia na Pontif\u00edcia Universidade de Santo Tommaso.<\/p>\n<p>Em 1995 voltou para a sua Diocese e serviu como Cerimoni\u00e1rio do Arcebispo e ensinou liturgia no Semin\u00e1rio Diocesano, dos Franciscanos e dos Salesianos, assim como na Academia de Vars\u00f3via. Tamb\u00e9m foi nomeado Prefeito do Semin\u00e1rio Diocesano.<\/p>\n<p>Em 1998, voltou a Roma e incorporou-se ao Escrit\u00f3rio de Celebra\u00e7\u00f5es Lit\u00fargicas do Sumo Pont\u00edfice. Em 12 de maio de 1999, foi nomeado Cerimoni\u00e1rio Pontif\u00edcio. Em 3 de agosto de 2013, foi nomeado Esmoleiro da Sua Santidade e Arcebispo titular de Benevento.<\/p>\n<p><strong>Dom Joseph Coutts<\/strong>, Arcebispo de Karachi, nasceu em 21 de julho, 1945 em Amristar, na Diocese de Jullundur, na \u00cdndia. Foi ordenado sacerdote em 9 de janeiro de 1971 para o clero de Lahore. Foi eleito Bispo Coadjutor de Hyderabad (Paquist\u00e3o), em 5 de maio de 1988 e foi consagrado em 16 de setembro do mesmo ano. Sucedeu o Bispo de Hyderabad em 1\u00ba de setembro de 1990.<\/p>\n<p>Em seguida, foi transferido a Faisalabad em 27 de junho de 1998 e promovido \u00e0 Sede Metropolitana de Karachi em 25 de janeiro de 2012. Foi Presidente da Confer\u00eancia Episcopal do Paquist\u00e3o de 2011 a 2017.<\/p>\n<p><strong>Dom Ant\u00f3nio dos Santos Marto<\/strong>, Bispo de Leira-F\u00e1tima, nasceu em 5 de maio de 1947, em Tronco, concelho de Chaves. Ap\u00f3s ter completado os estudos preparat\u00f3rios no Semin\u00e1rio menor de Vela Real, continuou os estudos de Filosofia e Teologia na Universidade Cat\u00f3lica Portuguesa, como aluno do Semin\u00e1rio do Porto.<\/p>\n<p>Em 1978, obteve o Doutorado em Teologia na Pontif\u00edcia Universidade Gregoriana de Roma. Em 7 de novembro de 1971, recebeu a ordena\u00e7\u00e3o sacerdotal, sendo incardinado no clero de Vila Real.<\/p>\n<p>Depois de seu regresso de Roma, permaneceu de forma est\u00e1vel na cidade do Porto como docente de Teologia na Universidade Cat\u00f3lica. Tamb\u00e9m foi Prefeito de Disciplina no Semin\u00e1rio Maior do Porto e Respons\u00e1vel pelos semin\u00e1rios da Diocese de Vila Real.<\/p>\n<p>Foi nomeado Bispo Auxiliar de Braga em 10 de novembro de 2000 e recebeu a ordena\u00e7\u00e3o episcopal em 11 de fevereiro de 2001.<\/p>\n<p>Em 22 de abril de 2004, foi nomeado Bispo de Viseu e, em 22 de abril de 2006, foi nomeado Bispo de Leiria-F\u00e1tima.<\/p>\n<p><strong>Dom Pedro Barreto Jimeno,<\/strong>&nbsp;Arcebispo de Huancayo, nasceu em Lima (Peru), em 12 de fevereiro de 1944. Realizou o ensino m\u00e9dio j\u00e1 sendo aspirante \u00e0&nbsp;vida&nbsp;religiosa no noviciado dos jesu\u00edtas em Lima. Realizou os estudos filos\u00f3ficos na Faculdade da Companhia de Jesus em Alcal\u00e1 de Henares (Espanha) e os estudos teol\u00f3gicos na Faculdade Pontif\u00edcia e Civil de Lima.<\/p>\n<p>Obteve o t\u00edtulo de Educador no Instituto Pedag\u00f3gico Champagnat em Lima. Foi ordenado sacerdote em 18 de setembro de 1971 e fez a profiss\u00e3o perp\u00e9tua em 3 de outubro de 1976.<\/p>\n<p>Como sacerdote, realizou diversas miss\u00f5es pastorais. Em 9 de novembro de 2001, foi eleito Vig\u00e1rio Apost\u00f3lico de Ja\u00e9n e Bispo titular de Acufida. Em 1\u00ba. de janeiro de 2002, recebeu a Ordena\u00e7\u00e3o Episcopal. Em 17 de julho de 2004, foi nomeado Arcebispo de Huancayo.<\/p>\n<p><strong>Dom Desir\u00e9 Tsarahazana<\/strong>, Arcebispo de Toamasina, nasceu em Amboangibe, Madagascar, em 13 de junho de 1954, e foi ordenado sacerdote em 28 de setembro de 1986.<\/p>\n<p>Depois da sua ordena\u00e7\u00e3o, recebeu a miss\u00e3o de Vig\u00e1rio em Mananara-Nord, Reitor do Semin\u00e1rio Proped\u00eautico e professor do Semin\u00e1rio Menor. Entre 1993 e 1999 foi Secret\u00e1rio Coordenador dos Sacerdotes de Antsiranana. Obteve um diploma em Teologia na Universidade de Antananarivo. Realizou os estudos de especializa\u00e7\u00e3o em Teologia na Universidade Cat\u00f3lica do Lion (Fran\u00e7a).<\/p>\n<p>Foi nomeado Bispo de Fenoarivo Atsinamana em 30 de outubro de 2000 e consagrado em 18 de fevereiro de 2001. Em seguida, foi transferido \u00e0 Diocese de Toamasina em 24 de novembro de 2008 e promovido Arcebispo da mesma sede em 26 de fevereiro de 2010.<\/p>\n<p>Entre 2006 e 2012, foi Vice-presidente da Confer\u00eancia dos&nbsp;Bispos&nbsp;de Madagascar e, em 2012, foi nomeado Presidente.<\/p>\n<p><strong>Dom Giuseppe Petrocchi<\/strong>, Arcebispo de L&#8217;Aquila (It\u00e1lia). Nasceu em Ascoli Piceno (It\u00e1lia), em 1948. Entrou ao Semin\u00e1rio de Ascoli Piceno em 1965. Estudou Filosofia e Teologia na Pontif\u00edcia Universidade Lateranense.<\/p>\n<p>Tamb\u00e9m se graduou em Filosofia em Macerata e Psicologia em Roma. Fala franc\u00eas, ingl\u00eas, alem\u00e3o e espanhol.<\/p>\n<p>Foi ordenado sacerdote em setembro de 1973 em Ascoli Piceno e depois ocupou v\u00e1rios cargos como respons\u00e1vel pela pastoral juvenil diocesana, diretor do Centro diocesano vocacional, professor de Filosofia, Pedagogia e Psicologia em v\u00e1rios institutos. Tamb\u00e9m foi p\u00e1roco em v\u00e1rias par\u00f3quias, editor chefe do boletim diocesano e psic\u00f3logo no consult\u00f3rio familiar diocesano.<\/p>\n<p>Trabalhou entre 1973 e 1998 no campo da pastoral juvenil e na pastoral da fam\u00edlia.<\/p>\n<p>Em 1998 foi nomeado Bispo de Latina-Terracina-Sezze-Priverno e, em 2013, foi nomeado Arcebispo de L&#8217;Aquila.<\/p>\n<p><strong>Dom Tom\u00e1s de Aquino Manyo Maeda<\/strong>, Arcebispo de Osaka (Jap\u00e3o). Nasceu em 1949 em Tsuwasaki, Kami-Goto, pertencente \u00e0 prefeitura de Nagasaki (Jap\u00e3o).<\/p>\n<p>Depois de terminar seus estudos em LIzeo, Nanzan de Nagasaki, entrou no Semin\u00e1rio Maior de San Sulpizio, em Fukuoka. Foi ordenado sacerdote em mar\u00e7o de 1975.<\/p>\n<p>Ap\u00f3s sua ordena\u00e7\u00e3o sacerdotal, serviu em diversos cargos como Vig\u00e1rio paroquial, p\u00e1roco, editor do Boletim diocesano e encarregado da Comiss\u00e3o diocesana para as Comunica\u00e7\u00f5es Sociais.<\/p>\n<p>Entre 2006 e 2011, foi Secret\u00e1rio Geral da Confer\u00eancia dos Bispos Cat\u00f3licos do Jap\u00e3o. Em setembro de 2011, foi consagrado Bispo de Hiroshima e, em 2014, foi transferido como Arcebispo de Osaka. Desde 2016 \u00e9 vice-presidente da Confer\u00eancia Episcopal Japonesa.<\/p>\n<p><strong>Dom Sergio Obeso Rivera<\/strong>, Arcebispo Em\u00e9rito de Xalapa (M\u00e9xico), nasceu em 1931. Depois de terminar seu estudo na \u00e1rea de humanas, foi enviado a Roma e estudou na Pontif\u00edcia Universidade Gregoriana, onde obteve o Doutorado em Teologia.<\/p>\n<p>Foi ordenado sacerdote em 31 de outubro de 1954. Mais tarde, voltou para o M\u00e9xico, onde desenvolveu diversos cargos no Semin\u00e1rio. Em 1971, foi nomeado Bispo para a Diocese de Papantla; em 1974, foi transferido como Arcebispo de Uppenna; em 1979, foi nomeado Arcebispo de Xalapa.<\/p>\n<p>Em novembro de 1982 foi eleito Presidente da Confer\u00eancia Episcopal do M\u00e9xico, por dois mandatos e, em 1995, foi reeleito a esse cargo.<\/p>\n<p>Em 2007, o Papa Bento XVI aceitou a sua ren\u00fancia ao governo pastoral da Arquidiocese de Xalapa, devido \u00e0 idade.<\/p>\n<p><strong>Dom Toribio Ticona Porco<\/strong>, Prelado em\u00e9rito de Corocoro (Bol\u00edvia). Nasceu em Atocha, na Bol\u00edvia, em 25 de abril de 1937.<\/p>\n<p>Antes de entrar no Semin\u00e1rio, trabalhou como mineiro para ajudar a sustentar a sua fam\u00edlia. Estudou Filosofia e Teologia no Semin\u00e1rio de Sucre e foi ordenado sacerdote em janeiro de 1967, aos 30 anos, na Prelatura de Corocoro.<\/p>\n<p>Completou seus estudos complementares no Instituto Pastoral do CELAM e o bi\u00eanio pastoral catequ\u00e9tico no Centro&nbsp;<em>Lumen Vitae<\/em>&nbsp;em Bruxelas (B\u00e9lgica).<\/p>\n<p>Em 31 de maio de 1986, foi ordenado Bispo de Timici e auxiliar de Potos\u00ed. Em 1992, foi transferido como Bispo Prelado de Corocoro.<\/p>\n<p>Al\u00e9m do espanhol e quechua, Dom Toribio Ticona aprendeu todas as l\u00ednguas faladas em sua prelatura.<\/p>\n<p>Em julho de 2012, apresentou a sua ren\u00fancia devido \u00e0 idade, e Bento XVI a aceitou.<\/p>\n<p><strong>O sacerdote Aquilino Bocos Merino<\/strong>&nbsp;\u00e9 claretiano, nascido em 17 de maio de 1938, em Canillas de Esgueva, Valladolid (Espanha). Entrou nos Mission\u00e1rios Claretianos em 1956 e foi ordenado sacerdote em 1963.<\/p>\n<p>Estudou Filosofia e Psicologia Cl\u00ednica na Universidade de Salamanca (Espanha).<\/p>\n<p>Durante os anos 1964 e 1967, foi Diretor Espiritual do Col\u00e9gio Maior Maronita em Salamanca. Em seguida e at\u00e9 1980, foi Diretor espiritual de professor do Curso de Teologia Claretiano, professor de diversos centros educativos da Congrega\u00e7\u00e3o, Diretor da Revista Vida Religiosa em Madri e diretor da Escola Regina Apostolorum.<\/p>\n<p>Em 1980 e 1991, foi Superior Provincial dos Mission\u00e1rios Claretianos de Castela e Conselheiro Geral dos Mission\u00e1rios Claretianos.<\/p>\n<p>Em 1991, foi eleito superior geral dos Claretianos durante dois per\u00edodos e, nesse tempo, participou como membro da Uni\u00e3o Geral Superior, por dois per\u00edodos.<\/p>\n<p>Participou no S\u00ednodo para a Vida Consagrada (1994), na Reuni\u00e3o especial para o S\u00ednodo da Europa (1999) e na reuni\u00e3o para o S\u00ednodo dos Bispos em 2002.<\/p>\n<p>Entre 1994 e 2004, participou como membro da Congrega\u00e7\u00e3o para a Vida Consagrada.<\/p>\n<p>Sua Beatitude Louis Rapha\u00ebl I Sako, Dom Ladaria Ferrer, Dom Angelo de Donatis, Dom Giovanni Angelo Becciu<\/p>\n<p>Fonte:ACI Digital<\/p>\n","protected":false},"excerpt":{"rendered":"<p>O Papa Francisco anunciou durante a ora\u00e7\u00e3o do Regina Coeli a cria\u00e7\u00e3o de 14 novos&nbsp;Cardeais&nbsp;em um consist\u00f3rio que ser\u00e1 realizado no pr\u00f3ximo dia 29 de junho. Entre os novos cardeais anunciados no domingo, 20 de maio, procedentes de 11 pa\u00edses diferentes, est\u00e3o o Patriarca de Babil\u00f4nia dos Caldeus, Sua Beatitude Louis Raphael I Sako; o&nbsp;<\/p>\n<p><a class=\"btn btn-style\" href=\"http:\/\/portalcatolico.net\/portal\/quem-sao-os-14-cardeais-que-o-papa-francisco-criara\/\">Continue Reading<\/a><\/p>\n","protected":false},"author":2,"featured_media":55461,"comment_status":"open","ping_status":"open","sticky":false,"template":"","format":"standard","meta":{"footnotes":""},"categories":[5],"tags":[],"class_list":["post-55460","post","type-post","status-publish","format-standard","has-post-thumbnail","hentry","category-igreja_no_mundo"],"_links":{"self":[{"href":"http:\/\/portalcatolico.net\/portal\/wp-json\/wp\/v2\/posts\/55460","targetHints":{"allow":["GET"]}}],"collection":[{"href":"http:\/\/portalcatolico.net\/portal\/wp-json\/wp\/v2\/posts"}],"about":[{"href":"http:\/\/portalcatolico.net\/portal\/wp-json\/wp\/v2\/types\/post"}],"author":[{"embeddable":true,"href":"http:\/\/portalcatolico.net\/portal\/wp-json\/wp\/v2\/users\/2"}],"replies":[{"embeddable":true,"href":"http:\/\/portalcatolico.net\/portal\/wp-json\/wp\/v2\/comments?post=55460"}],"version-history":[{"count":1,"href":"http:\/\/portalcatolico.net\/portal\/wp-json\/wp\/v2\/posts\/55460\/revisions"}],"predecessor-version":[{"id":55462,"href":"http:\/\/portalcatolico.net\/portal\/wp-json\/wp\/v2\/posts\/55460\/revisions\/55462"}],"wp:featuredmedia":[{"embeddable":true,"href":"http:\/\/portalcatolico.net\/portal\/wp-json\/wp\/v2\/media\/55461"}],"wp:attachment":[{"href":"http:\/\/portalcatolico.net\/portal\/wp-json\/wp\/v2\/media?parent=55460"}],"wp:term":[{"taxonomy":"category","embeddable":true,"href":"http:\/\/portalcatolico.net\/portal\/wp-json\/wp\/v2\/categories?post=55460"},{"taxonomy":"post_tag","embeddable":true,"href":"http:\/\/portalcatolico.net\/portal\/wp-json\/wp\/v2\/tags?post=55460"}],"curies":[{"name":"wp","href":"https:\/\/api.w.org\/{rel}","templated":true}]}}