{"id":55449,"date":"2018-05-22T13:04:30","date_gmt":"2018-05-22T16:04:30","guid":{"rendered":"http:\/\/portalcatolico.net\/portal\/?p=55449"},"modified":"2018-05-22T13:12:19","modified_gmt":"2018-05-22T16:12:19","slug":"padre-avelino-preside-missa-em-novenario-de-santa-rita-de-cassia-em-itabuna","status":"publish","type":"post","link":"http:\/\/portalcatolico.net\/portal\/padre-avelino-preside-missa-em-novenario-de-santa-rita-de-cassia-em-itabuna\/","title":{"rendered":"Padre Avelino preside missa em Noven\u00e1rio de Santa Rita de C\u00e1ssia em Itabuna"},"content":{"rendered":"<p style=\"font-weight: 400;\"><em>Esta&nbsp;&nbsp;segunda-feira , 21 de maio, vai ficar na hist\u00f3ria da Par\u00f3quia Santa Rita de C\u00e1ssia em Itabuna (BA), pois o p\u00e1roco da Par\u00f3quia Nossa Senhora do Resgate da Arquidiocese de Salvador, o padre Avelino, participou da \u00faltima noite do Noven\u00e1rio, que antecede o grande dia festivo em comemora\u00e7\u00e3o \u00e0 Santa Rita e aos 50 anos de funda\u00e7\u00e3o da igreja matriz.<\/em><\/p>\n<p style=\"font-weight: 400;\"><em>Desde o dia 13 de maio, que a par\u00f3quia Santa Rita de C\u00e1ssia est\u00e1 em festejando o seu Jubileu de ouro.<\/em><\/p>\n<p style=\"font-weight: 400;\"><em>Sobre este convite especial, padre Avelino disse que o recebu com muita alegria: \u201cEu fui acolhido com muito carinho, muito amor, por meio do povo, por meio do p\u00e1roco. Ent\u00e3o, estar aqui \u00e9 uma d\u00e1diva, \u00e9 um presente. Santa Rita \u00e9 uma das padroeiras da minha vida, da nossa vida (l\u00e1 da Cidade Santa), ent\u00e3o isso s\u00f3 pode ser obra de Deus\u201d.<\/em><\/p>\n<p style=\"font-weight: 400;\"><em>Padre Avelino esteve diante de um p\u00fablico fiel e animado. Cerca de 6 mil fieis pessoas, tanto de<img loading=\"lazy\" decoding=\"async\" class=\"size-medium wp-image-55452 alignright\" src=\"http:\/\/portalcatolico.net\/portal\/wp-content\/uploads\/2018\/05\/9.7-300x225.jpg\" alt=\"\" width=\"300\" height=\"225\" srcset=\"http:\/\/portalcatolico.net\/portal\/wp-content\/uploads\/2018\/05\/9.7-300x225.jpg 300w, http:\/\/portalcatolico.net\/portal\/wp-content\/uploads\/2018\/05\/9.7-768x576.jpg 768w, http:\/\/portalcatolico.net\/portal\/wp-content\/uploads\/2018\/05\/9.7.jpg 1000w\" sizes=\"auto, (max-width: 300px) 100vw, 300px\" \/> Itabuna, quanto de outras cidades,&nbsp;&nbsp;participaram da celebra\u00e7\u00e3o que&nbsp;&nbsp;teve in\u00edcio \u00e0s 17h e foi composta de muita ora\u00e7\u00e3o, louvor,&nbsp;&nbsp;entre outros momentos de evangeliza\u00e7\u00e3o. A santa missa foi concelebrada por padres e di\u00e1conos da Diocese de Itabuna, al\u00e9m do Frei Genilton (p\u00e1roco da igreja aniversariante).&nbsp;&nbsp;Na homilia, dentre tantas coisas, padre Avelino ressaltou: \u201cH\u00e1 certos males que s\u00f3 podem sair da tua vida, s\u00f3 com o poder da ora\u00e7\u00e3o. \u00c9 confiss\u00e3o, \u00e9 eucaristia, \u00e9 colocar o joelho no ch\u00e3o\u201d.<\/em><\/p>\n<p style=\"font-weight: 400;\"><em>Ao todo, foram mais de quatro&nbsp;&nbsp;horas de louvor, missa, homilia, testemunho do padre Avelino. O p\u00e1tio da igreja matriz no bairro s\u00e3o Caetano ficou completamente lotado .<\/em><\/p>\n<p style=\"font-weight: 400;\"><em>Ao final da santa missa, ele concedeu uma entrevista a este Portal de Not\u00edcias e declarou: \u201cOs santos da minha vida s\u00e3o todos os santos de causas imposs\u00edveis: Santa Rita, Padre Pio, Santa Faustina&#8230; ent\u00e3o Santa Rita \u00e9 de invoca\u00e7\u00e3o di\u00e1ria, \u00e9 de ora\u00e7\u00e3o di\u00e1ria pra mim. Ela me protege, eu me espelho nela, ela me fortalece. Eu creio no exemplo que Santa Rita d\u00e1: que se&nbsp;&nbsp;a gente orar, se a gente confiar, Deus faz o mesmo na vida da gente. E participar do Noven\u00e1rio em homenagem a Santa Rita, renova a minha f\u00e9.\u201d<\/em><\/p>\n<p style=\"font-weight: 400;\"><em>As festividades da Par\u00f3quia encerram nesta ter\u00e7a-feira (22).<\/em><\/p>\n<p><img loading=\"lazy\" decoding=\"async\" class=\"alignnone size-medium wp-image-55454\" src=\"http:\/\/portalcatolico.net\/portal\/wp-content\/uploads\/2018\/05\/9.1-300x225.jpg\" alt=\"\" width=\"300\" height=\"225\" srcset=\"http:\/\/portalcatolico.net\/portal\/wp-content\/uploads\/2018\/05\/9.1-300x225.jpg 300w, http:\/\/portalcatolico.net\/portal\/wp-content\/uploads\/2018\/05\/9.1-768x576.jpg 768w, http:\/\/portalcatolico.net\/portal\/wp-content\/uploads\/2018\/05\/9.1.jpg 1000w\" sizes=\"auto, (max-width: 300px) 100vw, 300px\" \/><img loading=\"lazy\" decoding=\"async\" class=\"alignnone size-medium wp-image-55455\" src=\"http:\/\/portalcatolico.net\/portal\/wp-content\/uploads\/2018\/05\/94-300x225.jpg\" alt=\"\" width=\"300\" height=\"225\" srcset=\"http:\/\/portalcatolico.net\/portal\/wp-content\/uploads\/2018\/05\/94-300x225.jpg 300w, http:\/\/portalcatolico.net\/portal\/wp-content\/uploads\/2018\/05\/94-768x576.jpg 768w, http:\/\/portalcatolico.net\/portal\/wp-content\/uploads\/2018\/05\/94.jpg 1000w\" sizes=\"auto, (max-width: 300px) 100vw, 300px\" \/><img loading=\"lazy\" decoding=\"async\" class=\"alignnone size-medium wp-image-55456\" src=\"http:\/\/portalcatolico.net\/portal\/wp-content\/uploads\/2018\/05\/9.5-300x225.jpg\" alt=\"\" width=\"300\" height=\"225\" srcset=\"http:\/\/portalcatolico.net\/portal\/wp-content\/uploads\/2018\/05\/9.5-300x225.jpg 300w, http:\/\/portalcatolico.net\/portal\/wp-content\/uploads\/2018\/05\/9.5-768x576.jpg 768w, http:\/\/portalcatolico.net\/portal\/wp-content\/uploads\/2018\/05\/9.5.jpg 1000w\" sizes=\"auto, (max-width: 300px) 100vw, 300px\" \/> <img loading=\"lazy\" decoding=\"async\" class=\"alignnone size-medium wp-image-55457\" src=\"http:\/\/portalcatolico.net\/portal\/wp-content\/uploads\/2018\/05\/9.6-300x225.jpg\" alt=\"\" width=\"300\" height=\"225\" srcset=\"http:\/\/portalcatolico.net\/portal\/wp-content\/uploads\/2018\/05\/9.6-300x225.jpg 300w, http:\/\/portalcatolico.net\/portal\/wp-content\/uploads\/2018\/05\/9.6-768x576.jpg 768w, http:\/\/portalcatolico.net\/portal\/wp-content\/uploads\/2018\/05\/9.6.jpg 1000w\" sizes=\"auto, (max-width: 300px) 100vw, 300px\" \/><\/p>\n<p>ASSISTA OS VIDEOS&nbsp;<\/p>\n<p><iframe loading=\"lazy\"  id=\"_ytid_86969\"  width=\"480\" height=\"270\"  data-origwidth=\"480\" data-origheight=\"270\" src=\"https:\/\/www.youtube.com\/embed\/5kW34olO7Gw?enablejsapi=1&#038;autoplay=0&#038;cc_load_policy=0&#038;cc_lang_pref=&#038;iv_load_policy=1&#038;loop=0&#038;rel=1&#038;fs=1&#038;playsinline=0&#038;autohide=2&#038;theme=dark&#038;color=red&#038;controls=1&#038;disablekb=0&#038;\" class=\"__youtube_prefs__  epyt-is-override  no-lazyload\" title=\"YouTube player\"  allow=\"fullscreen; accelerometer; autoplay; clipboard-write; encrypted-media; gyroscope; picture-in-picture; web-share\" referrerpolicy=\"strict-origin-when-cross-origin\" allowfullscreen data-no-lazy=\"1\" data-skipgform_ajax_framebjll=\"\"><\/iframe><\/p>\n<p>2\u00aa V\u00cdDEO:<\/p>\n<p>&nbsp;<\/p>\n<p><iframe loading=\"lazy\"  id=\"_ytid_92708\"  width=\"480\" height=\"270\"  data-origwidth=\"480\" data-origheight=\"270\" src=\"https:\/\/www.youtube.com\/embed\/dma7tUtUCkw?enablejsapi=1&#038;autoplay=0&#038;cc_load_policy=0&#038;cc_lang_pref=&#038;iv_load_policy=1&#038;loop=0&#038;rel=1&#038;fs=1&#038;playsinline=0&#038;autohide=2&#038;theme=dark&#038;color=red&#038;controls=1&#038;disablekb=0&#038;\" class=\"__youtube_prefs__  epyt-is-override  no-lazyload\" title=\"YouTube player\"  allow=\"fullscreen; accelerometer; autoplay; clipboard-write; encrypted-media; gyroscope; picture-in-picture; web-share\" referrerpolicy=\"strict-origin-when-cross-origin\" allowfullscreen data-no-lazy=\"1\" data-skipgform_ajax_framebjll=\"\"><\/iframe><\/p>\n<p>&nbsp;<\/p>\n","protected":false},"excerpt":{"rendered":"<p>Esta&nbsp;&nbsp;segunda-feira , 21 de maio, vai ficar na hist\u00f3ria da Par\u00f3quia Santa Rita de C\u00e1ssia em Itabuna (BA), pois o p\u00e1roco da Par\u00f3quia Nossa Senhora do Resgate da Arquidiocese de Salvador, o padre Avelino, participou da \u00faltima noite do Noven\u00e1rio, que antecede o grande dia festivo em comemora\u00e7\u00e3o \u00e0 Santa Rita e aos 50 anos&nbsp;<\/p>\n<p><a class=\"btn btn-style\" href=\"http:\/\/portalcatolico.net\/portal\/padre-avelino-preside-missa-em-novenario-de-santa-rita-de-cassia-em-itabuna\/\">Continue Reading<\/a><\/p>\n","protected":false},"author":2,"featured_media":55450,"comment_status":"open","ping_status":"open","sticky":false,"template":"","format":"standard","meta":{"footnotes":""},"categories":[65],"tags":[],"class_list":["post-55449","post","type-post","status-publish","format-standard","has-post-thumbnail","hentry","category-entrevistas"],"_links":{"self":[{"href":"http:\/\/portalcatolico.net\/portal\/wp-json\/wp\/v2\/posts\/55449","targetHints":{"allow":["GET"]}}],"collection":[{"href":"http:\/\/portalcatolico.net\/portal\/wp-json\/wp\/v2\/posts"}],"about":[{"href":"http:\/\/portalcatolico.net\/portal\/wp-json\/wp\/v2\/types\/post"}],"author":[{"embeddable":true,"href":"http:\/\/portalcatolico.net\/portal\/wp-json\/wp\/v2\/users\/2"}],"replies":[{"embeddable":true,"href":"http:\/\/portalcatolico.net\/portal\/wp-json\/wp\/v2\/comments?post=55449"}],"version-history":[{"count":4,"href":"http:\/\/portalcatolico.net\/portal\/wp-json\/wp\/v2\/posts\/55449\/revisions"}],"predecessor-version":[{"id":55459,"href":"http:\/\/portalcatolico.net\/portal\/wp-json\/wp\/v2\/posts\/55449\/revisions\/55459"}],"wp:featuredmedia":[{"embeddable":true,"href":"http:\/\/portalcatolico.net\/portal\/wp-json\/wp\/v2\/media\/55450"}],"wp:attachment":[{"href":"http:\/\/portalcatolico.net\/portal\/wp-json\/wp\/v2\/media?parent=55449"}],"wp:term":[{"taxonomy":"category","embeddable":true,"href":"http:\/\/portalcatolico.net\/portal\/wp-json\/wp\/v2\/categories?post=55449"},{"taxonomy":"post_tag","embeddable":true,"href":"http:\/\/portalcatolico.net\/portal\/wp-json\/wp\/v2\/tags?post=55449"}],"curies":[{"name":"wp","href":"https:\/\/api.w.org\/{rel}","templated":true}]}}