{"id":55444,"date":"2018-05-21T11:18:44","date_gmt":"2018-05-21T14:18:44","guid":{"rendered":"http:\/\/portalcatolico.net\/portal\/?p=55444"},"modified":"2018-05-21T11:19:35","modified_gmt":"2018-05-21T14:19:35","slug":"show-de-suely-facanha-acontecera-em-camacan-participe","status":"publish","type":"post","link":"http:\/\/portalcatolico.net\/portal\/show-de-suely-facanha-acontecera-em-camacan-participe\/","title":{"rendered":"Show de Suely Fa\u00e7anha acontecer\u00e1 em Camacan. Participe!"},"content":{"rendered":"<p style=\"font-weight: 400;\"><em>A Par\u00f3quia S\u00e3o Sebasti\u00e3o de Camacan, em parceria com o coordenador da obra e da Comunidade Cat\u00f3lica Shalon, no dia 27 de maio ,realizar\u00e1 um show oracional com uma das mais belas vozes da m\u00fasica cat\u00f3lica&nbsp;&nbsp;brasileira, Suely Fa\u00e7anha.&nbsp;<\/em><\/p>\n<p style=\"font-weight: 400;\"><em>O show vai acontecer na Concha Ac\u00fastica de Camacan, a partir das 19h. os ingressos j\u00e1 est\u00e3o \u00e0 venda&nbsp;&nbsp;na secretaria paroquial, com membros da Obra Shalon e o valor do passaporte \u00e9 de R$ 10 reais. Para maiores informa\u00e7\u00f5es sobre as vendas dos bilhetes, entre em contato pelos telefones: (73) 9 8885-6944 ou 3283-1207 (secretaria).<\/em><\/p>\n<p><em>Suely Fa\u00e7anha, ministra de m\u00fasica e consagrada da Comunidade de Vida Shalom, \u00e9 natural de Fortaleza (CE), casada e m\u00e3e de tr\u00eas filhos.<\/em><\/p>\n<p><em>Com mais de 20 anos de carreira, Suely Fa\u00e7anha j\u00e1 gravou nove \u00e1lbuns. Seu \u00faltimo \u00e1lbum, \u201cViver de F\u00e9\u201d,&nbsp;foi lan\u00e7ado durante o Festival Halleluya de 2016,&nbsp;com&nbsp;destaque&nbsp;para as can\u00e7\u00f5es \u201cFeliz Contigo\u201d, \u201cDois Abismos\u201d e \u201cJesus, Eu Confio em Ti\u201d.<\/em><\/p>\n<p style=\"font-weight: 400;\"><em>Ou\u00e7a um dos v\u00eddeos neste link:<\/em><\/p>\n<p style=\"font-weight: 400;\"><a href=\"https:\/\/www.youtube.com\/watch?v=-D1166db5rg\" data-saferedirecturl=\"https:\/\/www.google.com\/url?hl=pt-BR&amp;q=https:\/\/www.youtube.com\/watch?v%3D-D1166db5rg&amp;source=gmail&amp;ust=1526998431363000&amp;usg=AFQjCNHfAQPW50ht3tXfyuCmfppfCAZUcg\">https:\/\/www.youtube.com\/watch?v=-D1166db5rg<\/a><\/p>\n<p style=\"font-weight: 400;\"><em>&nbsp;Foto:Divulga\u00e7\u00e3o<\/em><\/p>\n<p style=\"font-weight: 400;\"><em>Texto:Reda\u00e7\u00e3o Portal cat\u00f3lico<\/em><\/p>\n","protected":false},"excerpt":{"rendered":"<p>A Par\u00f3quia S\u00e3o Sebasti\u00e3o de Camacan, em parceria com o coordenador da obra e da Comunidade Cat\u00f3lica Shalon, no dia 27 de maio ,realizar\u00e1 um show oracional com uma das mais belas vozes da m\u00fasica cat\u00f3lica&nbsp;&nbsp;brasileira, Suely Fa\u00e7anha.&nbsp; O show vai acontecer na Concha Ac\u00fastica de Camacan, a partir das 19h. os ingressos j\u00e1 est\u00e3o&nbsp;<\/p>\n<p><a class=\"btn btn-style\" href=\"http:\/\/portalcatolico.net\/portal\/show-de-suely-facanha-acontecera-em-camacan-participe\/\">Continue Reading<\/a><\/p>\n","protected":false},"author":2,"featured_media":55445,"comment_status":"open","ping_status":"open","sticky":false,"template":"","format":"standard","meta":{"footnotes":""},"categories":[1],"tags":[],"class_list":["post-55444","post","type-post","status-publish","format-standard","has-post-thumbnail","hentry","category-agenda"],"_links":{"self":[{"href":"http:\/\/portalcatolico.net\/portal\/wp-json\/wp\/v2\/posts\/55444","targetHints":{"allow":["GET"]}}],"collection":[{"href":"http:\/\/portalcatolico.net\/portal\/wp-json\/wp\/v2\/posts"}],"about":[{"href":"http:\/\/portalcatolico.net\/portal\/wp-json\/wp\/v2\/types\/post"}],"author":[{"embeddable":true,"href":"http:\/\/portalcatolico.net\/portal\/wp-json\/wp\/v2\/users\/2"}],"replies":[{"embeddable":true,"href":"http:\/\/portalcatolico.net\/portal\/wp-json\/wp\/v2\/comments?post=55444"}],"version-history":[{"count":1,"href":"http:\/\/portalcatolico.net\/portal\/wp-json\/wp\/v2\/posts\/55444\/revisions"}],"predecessor-version":[{"id":55446,"href":"http:\/\/portalcatolico.net\/portal\/wp-json\/wp\/v2\/posts\/55444\/revisions\/55446"}],"wp:featuredmedia":[{"embeddable":true,"href":"http:\/\/portalcatolico.net\/portal\/wp-json\/wp\/v2\/media\/55445"}],"wp:attachment":[{"href":"http:\/\/portalcatolico.net\/portal\/wp-json\/wp\/v2\/media?parent=55444"}],"wp:term":[{"taxonomy":"category","embeddable":true,"href":"http:\/\/portalcatolico.net\/portal\/wp-json\/wp\/v2\/categories?post=55444"},{"taxonomy":"post_tag","embeddable":true,"href":"http:\/\/portalcatolico.net\/portal\/wp-json\/wp\/v2\/tags?post=55444"}],"curies":[{"name":"wp","href":"https:\/\/api.w.org\/{rel}","templated":true}]}}