{"id":55436,"date":"2018-05-21T06:09:35","date_gmt":"2018-05-21T09:09:35","guid":{"rendered":"http:\/\/portalcatolico.net\/portal\/?p=55436"},"modified":"2018-05-21T06:21:11","modified_gmt":"2018-05-21T09:21:11","slug":"parabens-dom-carlos-alberto-2","status":"publish","type":"post","link":"http:\/\/portalcatolico.net\/portal\/parabens-dom-carlos-alberto-2\/","title":{"rendered":"Parab\u00e9ns, Dom Carlos Alberto!"},"content":{"rendered":"<p class=\"m_1017985527198353992xgmail-msonospacing\"><em>Hoje, 21 de maio, o Bispo da Diocese de Itabuna, no sul da Bahia,&nbsp; Dom Carlos Alberto&nbsp;&nbsp;dos Santos, celebra 35 anos de ordena\u00e7\u00e3o sacerdotal. Dom Carlos Alberto dos Santos foi ordenado padre em&nbsp;&nbsp;21.05.1983, em Tobias Barreto (SE).<u><\/u><u><\/u><\/em><\/p>\n<p class=\"m_1017985527198353992xgmail-msonospacing\"><em>&nbsp;Em 15 de junho de 2005 ele foi nomeado e em&nbsp;&nbsp;26 de julho do mesmo ano, foi ordenado bispo em Aracaju (SE).<\/em><i><u><\/u><u><\/u><\/i><\/p>\n<p class=\"m_1017985527198353992xgmail-msonospacing\"><em>Em junho de&nbsp;2005, ele foi nomeado como Bispo da&nbsp;Diocese de Teixeira de Freitas-Caravelas&nbsp;pelo&nbsp;Papa Bento XVI, atualmente Papa Em\u00e9rito.<\/em><u><\/u><u><\/u><\/p>\n<p class=\"m_1017985527198353992xgmail-msonospacing\"><em>Dom Carlos tomou posse como 5\u00ba Bispo da&nbsp;Diocese de Itabuna&nbsp;em 7 de abril de 2017, \u00e0s 17h, na Catedral de S\u00e3o Jos\u00e9 na cidade e diocese de Itabuna-Bahia.<\/em><u><\/u><u><\/u><\/p>\n<p class=\"m_1017985527198353992xgmail-msonospacing\"><em>O Portal Cat\u00f3lico de Not\u00edcias deixa aqui a sua homenagem e parabeniza Dom Carlos por ser este servo de Deus, apaixonado por Jesus e&nbsp;sempre atento aos fieis e amigos desta Diocese entre outras.&nbsp;<\/em><\/p>\n<p class=\"m_1017985527198353992xgmail-msonospacing\"><em>Foto: Pascom-Diocese de Itabuna&nbsp;<\/em><\/p>\n<p>Texto:Reda\u00e7\u00e3o\/Portal Cat\u00f3lico<\/p>\n","protected":false},"excerpt":{"rendered":"<p>Hoje, 21 de maio, o Bispo da Diocese de Itabuna, no sul da Bahia,&nbsp; Dom Carlos Alberto&nbsp;&nbsp;dos Santos, celebra 35 anos de ordena\u00e7\u00e3o sacerdotal. Dom Carlos Alberto dos Santos foi ordenado padre em&nbsp;&nbsp;21.05.1983, em Tobias Barreto (SE). &nbsp;Em 15 de junho de 2005 ele foi nomeado e em&nbsp;&nbsp;26 de julho do mesmo ano, foi ordenado&nbsp;<\/p>\n<p><a class=\"btn btn-style\" href=\"http:\/\/portalcatolico.net\/portal\/parabens-dom-carlos-alberto-2\/\">Continue Reading<\/a><\/p>\n","protected":false},"author":2,"featured_media":55437,"comment_status":"open","ping_status":"open","sticky":false,"template":"","format":"standard","meta":{"footnotes":""},"categories":[4],"tags":[],"class_list":["post-55436","post","type-post","status-publish","format-standard","has-post-thumbnail","hentry","category-destaques"],"_links":{"self":[{"href":"http:\/\/portalcatolico.net\/portal\/wp-json\/wp\/v2\/posts\/55436","targetHints":{"allow":["GET"]}}],"collection":[{"href":"http:\/\/portalcatolico.net\/portal\/wp-json\/wp\/v2\/posts"}],"about":[{"href":"http:\/\/portalcatolico.net\/portal\/wp-json\/wp\/v2\/types\/post"}],"author":[{"embeddable":true,"href":"http:\/\/portalcatolico.net\/portal\/wp-json\/wp\/v2\/users\/2"}],"replies":[{"embeddable":true,"href":"http:\/\/portalcatolico.net\/portal\/wp-json\/wp\/v2\/comments?post=55436"}],"version-history":[{"count":4,"href":"http:\/\/portalcatolico.net\/portal\/wp-json\/wp\/v2\/posts\/55436\/revisions"}],"predecessor-version":[{"id":55442,"href":"http:\/\/portalcatolico.net\/portal\/wp-json\/wp\/v2\/posts\/55436\/revisions\/55442"}],"wp:featuredmedia":[{"embeddable":true,"href":"http:\/\/portalcatolico.net\/portal\/wp-json\/wp\/v2\/media\/55437"}],"wp:attachment":[{"href":"http:\/\/portalcatolico.net\/portal\/wp-json\/wp\/v2\/media?parent=55436"}],"wp:term":[{"taxonomy":"category","embeddable":true,"href":"http:\/\/portalcatolico.net\/portal\/wp-json\/wp\/v2\/categories?post=55436"},{"taxonomy":"post_tag","embeddable":true,"href":"http:\/\/portalcatolico.net\/portal\/wp-json\/wp\/v2\/tags?post=55436"}],"curies":[{"name":"wp","href":"https:\/\/api.w.org\/{rel}","templated":true}]}}