{"id":55428,"date":"2018-05-21T06:05:33","date_gmt":"2018-05-21T09:05:33","guid":{"rendered":"http:\/\/portalcatolico.net\/portal\/?p=55428"},"modified":"2018-05-21T06:23:03","modified_gmt":"2018-05-21T09:23:03","slug":"paroquia-santa-rita-de-cassia-celebra-8a-noite-do-novenario-e-solenidade-de-pentecostes","status":"publish","type":"post","link":"http:\/\/portalcatolico.net\/portal\/paroquia-santa-rita-de-cassia-celebra-8a-noite-do-novenario-e-solenidade-de-pentecostes\/","title":{"rendered":"Par\u00f3quia Santa Rita de C\u00e1ssia celebra  8\u00aa noite do Noven\u00e1rio e Solenidade de Pentecostes"},"content":{"rendered":"<p class=\"m_5654842295352872816xgmail-msonospacing\"><em>Neste domingo (20),&nbsp;<\/em><em>&nbsp;<\/em><em>aconteceu a 8\u00aa noite do Noven\u00e1rio em prepara\u00e7\u00e3o para festa de Santa Rita de C\u00e1ssia, que acontece nesta ter\u00e7a-feira, 22 de maio. A santa missa deste domingo teve in\u00edcio \u00e0s 19h e foi presidida pelo bispo da Diocese de Itabuna, Dom Carlos Alberto dos Santos, e foi concelebrada pelo Frdes Capuchinhos Jos\u00e9 Ara\u00fajo e Trajano Oswaldo<\/em><u><\/u><u><\/u><\/p>\n<p class=\"m_5654842295352872816xgmail-msonospacing\"><em>Dom Carlos dividiu&nbsp;&nbsp;a homilia em duas partes: primeiramente, ele falou de Pentecoste e s\u00f3 depois ele refletiu o subtema da noite, que foi \u201cOs crist\u00e3os leigos jovens e seu protagonismo na Igreja e no mundo, apoiados pelos presb\u00edteros e agentes de pastoral\u201d.<u><\/u><u><\/u><\/em><\/p>\n<p class=\"m_5654842295352872816xgmail-msonospacing\"><em>Na primeira parte, Dom Carlos disse: \u201cHoje n\u00f3s estamos celebrando a Solenidade de Pentecostes, cinquenta dias ap\u00f3s a Ressurrei\u00e7\u00e3o do Senhor. N\u00f3s celebramos a semana passada a Festa da Ascens\u00e3o do Senhor. Agora, o Pai nos envia o Esp\u00edrito Santo para nos confirmar a f\u00e9, para dizer: olha, voc\u00eas tem uma miss\u00e3o. Agora, coloquem em pr\u00e1tica\u201d.<u><\/u><u><\/u><\/em><\/p>\n<p class=\"m_5654842295352872816xgmail-msonospacing\"><em>Na homilia, ele deixou um recado para os jovens: \u201cJovens, sejam apaixonados por Jesus! Tenham a coragem de fazer o que Jesus fez. Seja protagonista, pois o jovem quando quer, faz tudo. Fa\u00e7am o poss\u00edvel para chegar l\u00e1 no Alto, no mais Alto, com a sua vida, com o seu testemunho. A Igreja nos d\u00e1 exemplo para que possamos segu\u00ed-los!\u201d.<u><\/u><u><\/u><\/em><\/p>\n<p class=\"m_5654842295352872816xgmail-msonospacing\"><em>&nbsp;Antes da b\u00ean\u00e7\u00e3o final,&nbsp;&nbsp;o bispo fez uma ora\u00e7\u00e3o e o rito para&nbsp;&nbsp;a pagar o c\u00edrio pascal&nbsp;&nbsp;no domingo de <img loading=\"lazy\" decoding=\"async\" class=\"wp-image-55430 alignright\" src=\"http:\/\/portalcatolico.net\/portal\/wp-content\/uploads\/2018\/05\/8.17-300x225.jpg\" alt=\"\" width=\"199\" height=\"149\" srcset=\"http:\/\/portalcatolico.net\/portal\/wp-content\/uploads\/2018\/05\/8.17-300x225.jpg 300w, http:\/\/portalcatolico.net\/portal\/wp-content\/uploads\/2018\/05\/8.17-768x576.jpg 768w, http:\/\/portalcatolico.net\/portal\/wp-content\/uploads\/2018\/05\/8.17.jpg 1000w\" sizes=\"auto, (max-width: 199px) 100vw, 199px\" \/>Pentecoste.<\/em><u><\/u><u><\/u><\/p>\n<p class=\"m_5654842295352872816xgmail-msonospacing\"><em>Os convidados da noite foram: Par\u00f3quias: Nossa Senhora das Vit\u00f3rias e Santa Maria Madalena, Setor juventude&nbsp;&nbsp;Diocesano, Grupos de Jovens das Par\u00f3quias e da Diocese (Coroinhas, Crisma, Restaura\u00e7\u00e3o, Jovens das Comunidades, Juventude Mission\u00e1ria, Escalada, Maria Jovens, EJC).<\/em><u><\/u><u><\/u><\/p>\n<p class=\"m_5654842295352872816xgmail-msonospacing\"><em>Liturgia: M\u00fasicos, OFS e MECE.<\/em><u><\/u><u><\/u><\/p>\n<p class=\"m_5654842295352872816xgmail-msonospacing\"><em>Quermesse: Renova\u00e7\u00e3o Carism\u00e1tica&nbsp;&nbsp;Cat\u00f3lica \u2013(Barraca Espetinho \u2013Pastoral do Dizimo)<\/em><\/p>\n<p>Outras fotos clique <a href=\"https:\/\/www.facebook.com\/portalcatolicooficial\/\"><span style=\"color: #ff0000;\">AQUI<\/span><\/a><\/p>\n<p><img loading=\"lazy\" decoding=\"async\" class=\"wp-image-55431 aligncenter\" src=\"http:\/\/portalcatolico.net\/portal\/wp-content\/uploads\/2018\/05\/8.19-300x225.jpg\" alt=\"\" width=\"703\" height=\"527\" srcset=\"http:\/\/portalcatolico.net\/portal\/wp-content\/uploads\/2018\/05\/8.19-300x225.jpg 300w, http:\/\/portalcatolico.net\/portal\/wp-content\/uploads\/2018\/05\/8.19-768x576.jpg 768w, http:\/\/portalcatolico.net\/portal\/wp-content\/uploads\/2018\/05\/8.19.jpg 1000w\" sizes=\"auto, (max-width: 703px) 100vw, 703px\" \/><\/p>\n<p><img loading=\"lazy\" decoding=\"async\" class=\"wp-image-55432 aligncenter\" src=\"http:\/\/portalcatolico.net\/portal\/wp-content\/uploads\/2018\/05\/8.16-300x225.jpg\" alt=\"\" width=\"711\" height=\"533\" srcset=\"http:\/\/portalcatolico.net\/portal\/wp-content\/uploads\/2018\/05\/8.16-300x225.jpg 300w, http:\/\/portalcatolico.net\/portal\/wp-content\/uploads\/2018\/05\/8.16-768x576.jpg 768w, http:\/\/portalcatolico.net\/portal\/wp-content\/uploads\/2018\/05\/8.16.jpg 1000w\" sizes=\"auto, (max-width: 711px) 100vw, 711px\" \/><\/p>\n<p><img loading=\"lazy\" decoding=\"async\" class=\"alignnone wp-image-55433\" src=\"http:\/\/portalcatolico.net\/portal\/wp-content\/uploads\/2018\/05\/8.7-300x225.jpg\" alt=\"\" width=\"727\" height=\"545\" srcset=\"http:\/\/portalcatolico.net\/portal\/wp-content\/uploads\/2018\/05\/8.7-300x225.jpg 300w, http:\/\/portalcatolico.net\/portal\/wp-content\/uploads\/2018\/05\/8.7-768x576.jpg 768w, http:\/\/portalcatolico.net\/portal\/wp-content\/uploads\/2018\/05\/8.7.jpg 1000w\" sizes=\"auto, (max-width: 727px) 100vw, 727px\" \/><\/p>\n<p><img loading=\"lazy\" decoding=\"async\" class=\"alignnone wp-image-55434\" src=\"http:\/\/portalcatolico.net\/portal\/wp-content\/uploads\/2018\/05\/8.9-300x225.jpg\" alt=\"\" width=\"731\" height=\"548\" srcset=\"http:\/\/portalcatolico.net\/portal\/wp-content\/uploads\/2018\/05\/8.9-300x225.jpg 300w, http:\/\/portalcatolico.net\/portal\/wp-content\/uploads\/2018\/05\/8.9-768x576.jpg 768w, http:\/\/portalcatolico.net\/portal\/wp-content\/uploads\/2018\/05\/8.9.jpg 1000w\" sizes=\"auto, (max-width: 731px) 100vw, 731px\" \/><\/p>\n<p>&nbsp;<\/p>\n","protected":false},"excerpt":{"rendered":"<p>Neste domingo (20),&nbsp;&nbsp;aconteceu a 8\u00aa noite do Noven\u00e1rio em prepara\u00e7\u00e3o para festa de Santa Rita de C\u00e1ssia, que acontece nesta ter\u00e7a-feira, 22 de maio. A santa missa deste domingo teve in\u00edcio \u00e0s 19h e foi presidida pelo bispo da Diocese de Itabuna, Dom Carlos Alberto dos Santos, e foi concelebrada pelo Frdes Capuchinhos Jos\u00e9 Ara\u00fajo&nbsp;<\/p>\n<p><a class=\"btn btn-style\" href=\"http:\/\/portalcatolico.net\/portal\/paroquia-santa-rita-de-cassia-celebra-8a-noite-do-novenario-e-solenidade-de-pentecostes\/\">Continue Reading<\/a><\/p>\n","protected":false},"author":2,"featured_media":55429,"comment_status":"open","ping_status":"open","sticky":false,"template":"","format":"standard","meta":{"footnotes":""},"categories":[68],"tags":[],"class_list":["post-55428","post","type-post","status-publish","format-standard","has-post-thumbnail","hentry","category-homilias"],"_links":{"self":[{"href":"http:\/\/portalcatolico.net\/portal\/wp-json\/wp\/v2\/posts\/55428","targetHints":{"allow":["GET"]}}],"collection":[{"href":"http:\/\/portalcatolico.net\/portal\/wp-json\/wp\/v2\/posts"}],"about":[{"href":"http:\/\/portalcatolico.net\/portal\/wp-json\/wp\/v2\/types\/post"}],"author":[{"embeddable":true,"href":"http:\/\/portalcatolico.net\/portal\/wp-json\/wp\/v2\/users\/2"}],"replies":[{"embeddable":true,"href":"http:\/\/portalcatolico.net\/portal\/wp-json\/wp\/v2\/comments?post=55428"}],"version-history":[{"count":2,"href":"http:\/\/portalcatolico.net\/portal\/wp-json\/wp\/v2\/posts\/55428\/revisions"}],"predecessor-version":[{"id":55443,"href":"http:\/\/portalcatolico.net\/portal\/wp-json\/wp\/v2\/posts\/55428\/revisions\/55443"}],"wp:featuredmedia":[{"embeddable":true,"href":"http:\/\/portalcatolico.net\/portal\/wp-json\/wp\/v2\/media\/55429"}],"wp:attachment":[{"href":"http:\/\/portalcatolico.net\/portal\/wp-json\/wp\/v2\/media?parent=55428"}],"wp:term":[{"taxonomy":"category","embeddable":true,"href":"http:\/\/portalcatolico.net\/portal\/wp-json\/wp\/v2\/categories?post=55428"},{"taxonomy":"post_tag","embeddable":true,"href":"http:\/\/portalcatolico.net\/portal\/wp-json\/wp\/v2\/tags?post=55428"}],"curies":[{"name":"wp","href":"https:\/\/api.w.org\/{rel}","templated":true}]}}