{"id":55422,"date":"2018-05-20T19:17:16","date_gmt":"2018-05-20T22:17:16","guid":{"rendered":"http:\/\/portalcatolico.net\/portal\/?p=55422"},"modified":"2018-05-20T19:18:37","modified_gmt":"2018-05-20T22:18:37","slug":"jovens-e-adultos-da-paroquia-nossa-senhora-da-conceicao-sao-crismados-em-itabuna","status":"publish","type":"post","link":"http:\/\/portalcatolico.net\/portal\/jovens-e-adultos-da-paroquia-nossa-senhora-da-conceicao-sao-crismados-em-itabuna\/","title":{"rendered":"Jovens e adultos da Par\u00f3quia Nossa Senhora da Concei\u00e7\u00e3o s\u00e3o crismados em Itabuna"},"content":{"rendered":"<p class=\"m_805325939037406722xmsonormal\"><em>Dom Carlos Alberto dos Santos, Bispo da Diocese de Itabuna, neste domingo 20 de maio, presidiu&nbsp;&nbsp;a celebra\u00e7\u00e3o para os crismando da Par\u00f3quia Nossa Senhora da Concei\u00e7\u00e3o do bairro Ferradas em Itabuna (BA).&nbsp;&nbsp;<u><\/u><u><\/u><\/em><\/p>\n<p class=\"m_805325939037406722xmsonormal\"><em>A santa concelebra\u00e7\u00e3o&nbsp;&nbsp;teve in\u00edcio \u00e0s 8h, na igreja matriz, e teve como concelebrantes:&nbsp;&nbsp;o di\u00e1cono <img loading=\"lazy\" decoding=\"async\" class=\" wp-image-55424 alignright\" src=\"http:\/\/portalcatolico.net\/portal\/wp-content\/uploads\/2018\/05\/2-5-225x300.jpg\" alt=\"\" width=\"179\" height=\"239\" srcset=\"http:\/\/portalcatolico.net\/portal\/wp-content\/uploads\/2018\/05\/2-5-225x300.jpg 225w, http:\/\/portalcatolico.net\/portal\/wp-content\/uploads\/2018\/05\/2-5-768x1024.jpg 768w, http:\/\/portalcatolico.net\/portal\/wp-content\/uploads\/2018\/05\/2-5.jpg 780w\" sizes=\"auto, (max-width: 179px) 100vw, 179px\" \/>permanente da Diocese de Itabuna, Ailton Matos, e o p\u00e1roco,&nbsp; Pe. Jos\u00e9 Roberto.<\/em><u><\/u><u><\/u><\/p>\n<p class=\"m_805325939037406722xmsonormal\"><em>O padre Jos\u00e9 Roberto, antes da homilia do bispo,&nbsp;&nbsp;apresentou os jovens e adultos ao bispo para receber a sacramento da confirma\u00e7\u00e3o do&nbsp;&nbsp;Crisma, que segundo ele \u00e9 \u201cTemor de Deus, Piedade, Ci\u00eancia, Fortaleza, Conselho, Entendimento e Sabedoria\u201d.<u><\/u><u><\/u><\/em><\/p>\n<p class=\"m_805325939037406722xmsonormal\"><em>Na oportunidade, o bispo parabenizou as par\u00f3quias e a diocese por celebrar a solenidade de Pentecostes. E ressaltou:&nbsp;<\/em>\u201cEsta&nbsp;<em>solenidade da vinda do Esp\u00edrito&nbsp;&nbsp;Santo sobre os disc\u00edpulos encerra o tempo pascal, cinquenta dias ap\u00f3s a festa da Ressurrei\u00e7\u00e3o do Senhor. O Esp\u00edrito Santo&nbsp;\u00e9 a terceira pessoa da Sant\u00edssima Trindade, enviado sobre toda a Igreja, para que habite em cada pessoa e fa\u00e7a entender tudo o que Jesus veio revelar. Ele continua a guiar a Igreja, hoje, pelos dons e carismas distribu\u00eddos a cada um. Ent\u00e3o n\u00f3s nos alegramos com isso tudo e queremos parabenizar a nossa diocese, a nossa igreja,&nbsp;&nbsp;por esta solenidade. E que o esp\u00edrito Santo que desce e paira sobre cada um de n\u00f3s, nos d\u00ea a for\u00e7a necess\u00e1ria, confirmando a nossa f\u00e9\u201d.<\/em><\/p>\n<p>Fotos:Internautas&nbsp;<\/p>\n<p>Texto:Reda\u00e7\u00e3o\/Portal Cat\u00f3lico<\/p>\n","protected":false},"excerpt":{"rendered":"<p>Dom Carlos Alberto dos Santos, Bispo da Diocese de Itabuna, neste domingo 20 de maio, presidiu&nbsp;&nbsp;a celebra\u00e7\u00e3o para os crismando da Par\u00f3quia Nossa Senhora da Concei\u00e7\u00e3o do bairro Ferradas em Itabuna (BA).&nbsp;&nbsp; A santa concelebra\u00e7\u00e3o&nbsp;&nbsp;teve in\u00edcio \u00e0s 8h, na igreja matriz, e teve como concelebrantes:&nbsp;&nbsp;o di\u00e1cono permanente da Diocese de Itabuna, Ailton Matos, e o&nbsp;<\/p>\n<p><a class=\"btn btn-style\" href=\"http:\/\/portalcatolico.net\/portal\/jovens-e-adultos-da-paroquia-nossa-senhora-da-conceicao-sao-crismados-em-itabuna\/\">Continue Reading<\/a><\/p>\n","protected":false},"author":2,"featured_media":55423,"comment_status":"open","ping_status":"open","sticky":false,"template":"","format":"standard","meta":{"footnotes":""},"categories":[68],"tags":[],"class_list":["post-55422","post","type-post","status-publish","format-standard","has-post-thumbnail","hentry","category-homilias"],"_links":{"self":[{"href":"http:\/\/portalcatolico.net\/portal\/wp-json\/wp\/v2\/posts\/55422","targetHints":{"allow":["GET"]}}],"collection":[{"href":"http:\/\/portalcatolico.net\/portal\/wp-json\/wp\/v2\/posts"}],"about":[{"href":"http:\/\/portalcatolico.net\/portal\/wp-json\/wp\/v2\/types\/post"}],"author":[{"embeddable":true,"href":"http:\/\/portalcatolico.net\/portal\/wp-json\/wp\/v2\/users\/2"}],"replies":[{"embeddable":true,"href":"http:\/\/portalcatolico.net\/portal\/wp-json\/wp\/v2\/comments?post=55422"}],"version-history":[{"count":3,"href":"http:\/\/portalcatolico.net\/portal\/wp-json\/wp\/v2\/posts\/55422\/revisions"}],"predecessor-version":[{"id":55427,"href":"http:\/\/portalcatolico.net\/portal\/wp-json\/wp\/v2\/posts\/55422\/revisions\/55427"}],"wp:featuredmedia":[{"embeddable":true,"href":"http:\/\/portalcatolico.net\/portal\/wp-json\/wp\/v2\/media\/55423"}],"wp:attachment":[{"href":"http:\/\/portalcatolico.net\/portal\/wp-json\/wp\/v2\/media?parent=55422"}],"wp:term":[{"taxonomy":"category","embeddable":true,"href":"http:\/\/portalcatolico.net\/portal\/wp-json\/wp\/v2\/categories?post=55422"},{"taxonomy":"post_tag","embeddable":true,"href":"http:\/\/portalcatolico.net\/portal\/wp-json\/wp\/v2\/tags?post=55422"}],"curies":[{"name":"wp","href":"https:\/\/api.w.org\/{rel}","templated":true}]}}