{"id":55414,"date":"2018-05-20T18:25:16","date_gmt":"2018-05-20T21:25:16","guid":{"rendered":"http:\/\/portalcatolico.net\/portal\/?p=55414"},"modified":"2018-05-20T18:25:59","modified_gmt":"2018-05-20T21:25:59","slug":"segue-o-novenario-de-santa-rita-de-cassia-em-itabuna","status":"publish","type":"post","link":"http:\/\/portalcatolico.net\/portal\/segue-o-novenario-de-santa-rita-de-cassia-em-itabuna\/","title":{"rendered":"Segue o Noven\u00e1rio de Santa Rita de C\u00e1ssia em Itabuna"},"content":{"rendered":"<p class=\"m_1145638443594671130xmsonormal\"><em>Neste s\u00e1bado,&nbsp;19 de maio, aconteceu a&nbsp;&nbsp;7\u00aa noite do Noven\u00e1rio de Santa Rita de C\u00e1ssia, padroeira do Bairro S\u00e3o Caetano em Itabuna. A santa celebra\u00e7\u00e3o eucar\u00edstica teve in\u00edcio \u00e0s 19h e o presidente da celebra\u00e7\u00e3o foi o padre Manoel Carlos, p\u00e1roco da par\u00f3quia Senhor do Bomfim em Itabuna. Os concelebrantes foram: os frades capuchinhos Frei Jos\u00e9 Genilton Castro (p\u00e1roco da igreja matriz de Santa Rita de C\u00e1ssia), Frei Carlos In\u00e1cio (Vig\u00e1rio paroquial), Frei Manoel e o Di\u00e1cono&nbsp;&nbsp;Jos\u00e9 Ara\u00fajo.&nbsp;&nbsp;<\/em><u><\/u><u><\/u><\/p>\n<p class=\"m_1145638443594671130xmsonormal\"><em>O Subtema da noite foi: \u201cOs crist\u00e3os leigos e o compromisso de&nbsp;&nbsp;viverem&nbsp;&nbsp;e transmitirem a comunh\u00e3o com a Trindade, forte de vida comunit\u00e1ria\u201d.&nbsp; Na homilia, ele disse: \u201cAs comunidades, as Irm\u00e3s, os padres, n\u00f3s (Bispos), estamos vivendo essa vida, essa comunh\u00e3o permanente. Se n\u00f3s n\u00e3o vivermos a unidade, na vida comunit\u00e1ria, em dire\u00e7\u00e3o \u00e0 Trindade, n\u00e3o adianta vir para a igreja\u201d.<\/em><u><\/u><u><\/u><\/p>\n<p class=\"m_1145638443594671130xmsonormal\">Ao final da santa missa, o Pe. Manoel Carlos e Frei Genilton, elogiaram o Frei Joaquim Cameli, um dos fundadores da par\u00f3quia de Santa Rita.<u><\/u><u><\/u><\/p>\n<p class=\"m_1145638443594671130xmsonormal\"><em>Os convidados da s\u00e9tima noite foram as Par\u00f3quias: Nossa Senhora da Concei\u00e7\u00e3o (Ferradas), Par\u00f3quia Santa In\u00eas, Comunidades de vida e de alian\u00e7a (Santa Cecilia, Rainha da Paz, Filhos de Israel),&nbsp;&nbsp;Congrega\u00e7\u00f5es Religiosas da Diocese, Di\u00e1conos&nbsp;&nbsp;da Diocese de Itabuna, Pastoral do Batismo.<\/em><u><\/u><u><\/u><\/p>\n<p class=\"m_1145638443594671130xmsonormal\"><em>Liturgia: Apostolado da Ora\u00e7\u00e3o, Grupo dos Jovens (EJC), Minist\u00e9rio Jovem e Crismandos.<u><\/u><u><\/u><\/em><\/p>\n<p class=\"m_1145638443594671130xmsonormal\"><em>Vale ressaltar que o Noven\u00e1rio segue at\u00e9 amanh\u00e3 e o grande dia festivo acontece nesta ter\u00e7a-feira.<u><\/u><u><\/u><\/em><\/p>\n<p class=\"m_1145638443594671130xmsonormal\"><u><\/u>&nbsp;<u><\/u><u><\/u><em><b>Transmiss\u00e3o ao vivo e em tempo real<\/b><\/em><b><u><\/u><u><\/u><\/b><\/p>\n<p class=\"m_1145638443594671130xgmail-msonospacing\">Acompanhe AO VIVO nossa transmiss\u00e3o,&nbsp; todos os dias, sempre, \u00e0s 19h,&nbsp;direto da Par\u00f3quia Santa Rita de C\u00e1ssia de Itabuna, pelo&nbsp;&nbsp;PORTAL CAT\u00d3LICO WEB R\u00c1DIO, via&nbsp;&nbsp;internet ,basta clicar no link abaixo.&nbsp;<a href=\"http:\/\/www.portalcatolico.net\/\" target=\"_blank\" rel=\"noopener\" data-saferedirecturl=\"https:\/\/www.google.com\/url?hl=pt-BR&amp;q=http:\/\/www.portalcatolico.net\/&amp;source=gmail&amp;ust=1526937388630000&amp;usg=AFQjCNHFxSfym4bWN71YN1lFdIBinUuq-g\">www.portalcatolico.net<\/a><u><\/u><u><\/u><\/p>\n<p class=\"m_1145638443594671130xgmail-msonospacing\">Seja voc\u00ea tamb\u00e9m um evangelizador do Portal Cat\u00f3lico de Not\u00edcias, compartilhando nossas mat\u00e9rias, fotos e v\u00eddeos.<\/p>\n<p><img loading=\"lazy\" decoding=\"async\" class=\"alignnone size-medium wp-image-55415\" src=\"http:\/\/portalcatolico.net\/portal\/wp-content\/uploads\/2018\/05\/7.12-300x225.jpg\" alt=\"\" width=\"300\" height=\"225\" srcset=\"http:\/\/portalcatolico.net\/portal\/wp-content\/uploads\/2018\/05\/7.12-300x225.jpg 300w, http:\/\/portalcatolico.net\/portal\/wp-content\/uploads\/2018\/05\/7.12-768x576.jpg 768w, http:\/\/portalcatolico.net\/portal\/wp-content\/uploads\/2018\/05\/7.12.jpg 1000w\" sizes=\"auto, (max-width: 300px) 100vw, 300px\" \/><img loading=\"lazy\" decoding=\"async\" class=\"alignnone size-medium wp-image-55416\" src=\"http:\/\/portalcatolico.net\/portal\/wp-content\/uploads\/2018\/05\/7.10-300x225.jpg\" alt=\"\" width=\"300\" height=\"225\" srcset=\"http:\/\/portalcatolico.net\/portal\/wp-content\/uploads\/2018\/05\/7.10-300x225.jpg 300w, http:\/\/portalcatolico.net\/portal\/wp-content\/uploads\/2018\/05\/7.10-768x576.jpg 768w, http:\/\/portalcatolico.net\/portal\/wp-content\/uploads\/2018\/05\/7.10.jpg 1000w\" sizes=\"auto, (max-width: 300px) 100vw, 300px\" \/><\/p>\n<p><img loading=\"lazy\" decoding=\"async\" class=\"alignnone size-medium wp-image-55418\" src=\"http:\/\/portalcatolico.net\/portal\/wp-content\/uploads\/2018\/05\/7.7-300x225.jpg\" alt=\"\" width=\"300\" height=\"225\" srcset=\"http:\/\/portalcatolico.net\/portal\/wp-content\/uploads\/2018\/05\/7.7-300x225.jpg 300w, http:\/\/portalcatolico.net\/portal\/wp-content\/uploads\/2018\/05\/7.7-768x576.jpg 768w, http:\/\/portalcatolico.net\/portal\/wp-content\/uploads\/2018\/05\/7.7.jpg 1000w\" sizes=\"auto, (max-width: 300px) 100vw, 300px\" \/><img loading=\"lazy\" decoding=\"async\" class=\"alignnone size-medium wp-image-55420\" src=\"http:\/\/portalcatolico.net\/portal\/wp-content\/uploads\/2018\/05\/7.6-300x225.jpg\" alt=\"\" width=\"300\" height=\"225\" srcset=\"http:\/\/portalcatolico.net\/portal\/wp-content\/uploads\/2018\/05\/7.6-300x225.jpg 300w, http:\/\/portalcatolico.net\/portal\/wp-content\/uploads\/2018\/05\/7.6-768x576.jpg 768w, http:\/\/portalcatolico.net\/portal\/wp-content\/uploads\/2018\/05\/7.6.jpg 1000w\" sizes=\"auto, (max-width: 300px) 100vw, 300px\" \/><\/p>\n","protected":false},"excerpt":{"rendered":"<p>Neste s\u00e1bado,&nbsp;19 de maio, aconteceu a&nbsp;&nbsp;7\u00aa noite do Noven\u00e1rio de Santa Rita de C\u00e1ssia, padroeira do Bairro S\u00e3o Caetano em Itabuna. A santa celebra\u00e7\u00e3o eucar\u00edstica teve in\u00edcio \u00e0s 19h e o presidente da celebra\u00e7\u00e3o foi o padre Manoel Carlos, p\u00e1roco da par\u00f3quia Senhor do Bomfim em Itabuna. Os concelebrantes foram: os frades capuchinhos Frei Jos\u00e9&nbsp;<\/p>\n<p><a class=\"btn btn-style\" href=\"http:\/\/portalcatolico.net\/portal\/segue-o-novenario-de-santa-rita-de-cassia-em-itabuna\/\">Continue Reading<\/a><\/p>\n","protected":false},"author":2,"featured_media":55417,"comment_status":"open","ping_status":"open","sticky":false,"template":"","format":"standard","meta":{"footnotes":""},"categories":[68],"tags":[],"class_list":["post-55414","post","type-post","status-publish","format-standard","has-post-thumbnail","hentry","category-homilias"],"_links":{"self":[{"href":"http:\/\/portalcatolico.net\/portal\/wp-json\/wp\/v2\/posts\/55414","targetHints":{"allow":["GET"]}}],"collection":[{"href":"http:\/\/portalcatolico.net\/portal\/wp-json\/wp\/v2\/posts"}],"about":[{"href":"http:\/\/portalcatolico.net\/portal\/wp-json\/wp\/v2\/types\/post"}],"author":[{"embeddable":true,"href":"http:\/\/portalcatolico.net\/portal\/wp-json\/wp\/v2\/users\/2"}],"replies":[{"embeddable":true,"href":"http:\/\/portalcatolico.net\/portal\/wp-json\/wp\/v2\/comments?post=55414"}],"version-history":[{"count":1,"href":"http:\/\/portalcatolico.net\/portal\/wp-json\/wp\/v2\/posts\/55414\/revisions"}],"predecessor-version":[{"id":55421,"href":"http:\/\/portalcatolico.net\/portal\/wp-json\/wp\/v2\/posts\/55414\/revisions\/55421"}],"wp:featuredmedia":[{"embeddable":true,"href":"http:\/\/portalcatolico.net\/portal\/wp-json\/wp\/v2\/media\/55417"}],"wp:attachment":[{"href":"http:\/\/portalcatolico.net\/portal\/wp-json\/wp\/v2\/media?parent=55414"}],"wp:term":[{"taxonomy":"category","embeddable":true,"href":"http:\/\/portalcatolico.net\/portal\/wp-json\/wp\/v2\/categories?post=55414"},{"taxonomy":"post_tag","embeddable":true,"href":"http:\/\/portalcatolico.net\/portal\/wp-json\/wp\/v2\/tags?post=55414"}],"curies":[{"name":"wp","href":"https:\/\/api.w.org\/{rel}","templated":true}]}}