{"id":55409,"date":"2018-05-19T18:26:24","date_gmt":"2018-05-19T21:26:24","guid":{"rendered":"http:\/\/portalcatolico.net\/portal\/?p=55409"},"modified":"2018-05-19T18:29:01","modified_gmt":"2018-05-19T21:29:01","slug":"paulo-vi-e-dom-romero-serao-santos-em-outubro","status":"publish","type":"post","link":"http:\/\/portalcatolico.net\/portal\/paulo-vi-e-dom-romero-serao-santos-em-outubro\/","title":{"rendered":"Paulo VI e Dom Romero ser\u00e3o santos em outubro"},"content":{"rendered":"<p><em>O Papa Francisco presidir\u00e1 a canoniza\u00e7\u00e3o na Pra\u00e7a S\u00e3o Pedro durante o S\u00ednodo dedicado aos jovens, com a presen\u00e7a de bispos de todo o mundo. Na mesma cerim\u00f4nia ser\u00e3o tamb\u00e9m canonizados outros 4 bem-aventurados.<\/em><\/p>\n<p><em>Paolo VI e Dom Oscar Arnulfo Romero&nbsp;ser\u00e3o santos no dia 14 de outubro. O an\u00fancio oficial foi comunicado na manh\u00e3 deste s\u00e1bado (19\/05) pela Sala de Imprensa da Santa S\u00e9<\/em><\/p>\n<p><em>&nbsp;O Papa presidir\u00e1 a canoniza\u00e7\u00e3o na Pra\u00e7a S\u00e3o Pedro durante o S\u00ednodo dedicado aos jovens, com a presen\u00e7a de bispos de todo o mundo. Com&nbsp;Papa Giovanni Battista Montini&nbsp;e o arcebispo salvadorenho, ser\u00e3o tamb\u00e9m canonizados na mesma cerim\u00f4nia os sacerdotes italianos&nbsp;Francesco Spinelli&nbsp;e&nbsp;Vincenzo Romano,&nbsp;a religiosa alem\u00e3&nbsp;Maria Caterina Kasper&nbsp;e a espanhola&nbsp;Nazaria Ignacia &nbsp;March Mesa.<\/em><\/p>\n<p><em>Francisco j\u00e1 havia&nbsp;autorizado&nbsp;a Congrega\u00e7\u00e3o das Causas dos Santos a promulgar os Decretos de reconhecimento dos milagres, mas a data e o local foram revelados esta manh\u00e3, ap\u00f3s o Papa ter presidido a hora m\u00e9dia da liturgia das horas e o Consist\u00f3rio com os cardeais residentes e presentes em Roma.<\/em><\/p>\n<p><em>Fonte: Vatican M\u00eddia<\/em><\/p>\n","protected":false},"excerpt":{"rendered":"<p>O Papa Francisco presidir\u00e1 a canoniza\u00e7\u00e3o na Pra\u00e7a S\u00e3o Pedro durante o S\u00ednodo dedicado aos jovens, com a presen\u00e7a de bispos de todo o mundo. Na mesma cerim\u00f4nia ser\u00e3o tamb\u00e9m canonizados outros 4 bem-aventurados. Paolo VI e Dom Oscar Arnulfo Romero&nbsp;ser\u00e3o santos no dia 14 de outubro. O an\u00fancio oficial foi comunicado na manh\u00e3 deste&nbsp;<\/p>\n<p><a class=\"btn btn-style\" href=\"http:\/\/portalcatolico.net\/portal\/paulo-vi-e-dom-romero-serao-santos-em-outubro\/\">Continue Reading<\/a><\/p>\n","protected":false},"author":2,"featured_media":55410,"comment_status":"open","ping_status":"open","sticky":false,"template":"","format":"standard","meta":{"footnotes":""},"categories":[5],"tags":[],"class_list":["post-55409","post","type-post","status-publish","format-standard","has-post-thumbnail","hentry","category-igreja_no_mundo"],"_links":{"self":[{"href":"http:\/\/portalcatolico.net\/portal\/wp-json\/wp\/v2\/posts\/55409","targetHints":{"allow":["GET"]}}],"collection":[{"href":"http:\/\/portalcatolico.net\/portal\/wp-json\/wp\/v2\/posts"}],"about":[{"href":"http:\/\/portalcatolico.net\/portal\/wp-json\/wp\/v2\/types\/post"}],"author":[{"embeddable":true,"href":"http:\/\/portalcatolico.net\/portal\/wp-json\/wp\/v2\/users\/2"}],"replies":[{"embeddable":true,"href":"http:\/\/portalcatolico.net\/portal\/wp-json\/wp\/v2\/comments?post=55409"}],"version-history":[{"count":3,"href":"http:\/\/portalcatolico.net\/portal\/wp-json\/wp\/v2\/posts\/55409\/revisions"}],"predecessor-version":[{"id":55413,"href":"http:\/\/portalcatolico.net\/portal\/wp-json\/wp\/v2\/posts\/55409\/revisions\/55413"}],"wp:featuredmedia":[{"embeddable":true,"href":"http:\/\/portalcatolico.net\/portal\/wp-json\/wp\/v2\/media\/55410"}],"wp:attachment":[{"href":"http:\/\/portalcatolico.net\/portal\/wp-json\/wp\/v2\/media?parent=55409"}],"wp:term":[{"taxonomy":"category","embeddable":true,"href":"http:\/\/portalcatolico.net\/portal\/wp-json\/wp\/v2\/categories?post=55409"},{"taxonomy":"post_tag","embeddable":true,"href":"http:\/\/portalcatolico.net\/portal\/wp-json\/wp\/v2\/tags?post=55409"}],"curies":[{"name":"wp","href":"https:\/\/api.w.org\/{rel}","templated":true}]}}