{"id":55398,"date":"2018-05-19T14:29:03","date_gmt":"2018-05-19T17:29:03","guid":{"rendered":"http:\/\/portalcatolico.net\/portal\/?p=55398"},"modified":"2018-05-19T14:29:52","modified_gmt":"2018-05-19T17:29:52","slug":"padre-avelino-participa-do-novenario-de-santa-rita-nesta-segunda-feira-em-itabuna","status":"publish","type":"post","link":"http:\/\/portalcatolico.net\/portal\/padre-avelino-participa-do-novenario-de-santa-rita-nesta-segunda-feira-em-itabuna\/","title":{"rendered":"Padre Avelino participa do Noven\u00e1rio de Santa Rita nesta  segunda-feira em Itabuna"},"content":{"rendered":"<p style=\"font-weight: 400;\"><em>A Par\u00f3quia Santa Rita C\u00e1ssia pertencente \u00e0 Diocese de Itabuna (BA) vai &nbsp;receber pela segunda vez, no dia 21 de maio, no Noven\u00e1rio de Santa Rita de C\u00e1ssia, o &nbsp;padre Paulo Avelino da Arquidiocese de Salvador. Ele \u00e9 p\u00e1roco da Par\u00f3quia de Nossa Senhora do Resgate, que se situa no bairro Cabula na capital baiana e fundador da Cidade Santa, na cidade de Dias D\u00e1vila (BA) .<\/em><\/p>\n<p style=\"font-weight: 400;\"><em>&nbsp;Padre Paulo Avelino apresenta o &nbsp;programa \u201cMinha f\u00e9\u201d das 5h \u00e0s 6h, de segunda a sexta-feira, na R\u00e1dio Bahia FM.<\/em><\/p>\n<p style=\"font-weight: 400;\"><em>Segundo a coordena\u00e7\u00e3o, est\u00e3o sendo esperadas&nbsp;caravanas de v\u00e1rias cidades do&nbsp;interior&nbsp;da Bahia, principalmente da cidade de&nbsp;&nbsp;Salvador, entre outras cidades circunvizinhas<\/em><\/p>\n<p style=\"font-weight: 400;\"><em>A igreja matriz de Santa Rita C\u00e1ssia iniciou os preparativos para celebrar o dia da Santa desde o dia 10 e segue at\u00e9 o dia 22. No dia 21, \u00e0s 18h, o padre Avelino vai presidir a santa missa&nbsp;&nbsp;de C\u00e1ssia. Ser\u00e1 uma&nbsp;noite de muitas b\u00ean\u00e7\u00e3os, louvor, entre outros momentos de evangeliza\u00e7\u00e3o na igreja matriz.<\/em><\/p>\n<p style=\"font-weight: 400;\">&nbsp;<\/p>\n<p style=\"font-weight: 400;\"><em>O Portal Cat\u00f3lico Web R\u00e1dio vai estar presente com&nbsp;transmiss\u00e3o ao vivo, da celebra\u00e7\u00e3o Eucar\u00edstica, via internet. Para ter acesso&nbsp; \u00e0 transmiss\u00e3o,&nbsp;baixe nosso aplicativo&nbsp;no<\/em><\/p>\n<p><em>play store:<\/em><em>&nbsp;<a href=\"https:\/\/play.google.com\/store\/apps\/details?id=com.shoutcast.stm.portalcatolico\" data-saferedirecturl=\"https:\/\/www.google.com\/url?hl=pt-BR&amp;q=https:\/\/play.google.com\/store\/apps\/details?id%3Dcom.shoutcast.stm.portalcatolico&amp;source=gmail&amp;ust=1526837091606000&amp;usg=AFQjCNHU3Wb0RHIK71raQAXIe0gMy2-W1A\">https:\/\/play.google.com\/store\/apps\/details?id=com.shoutcast.stm.portalcatolico<\/a>&nbsp;ou acompanhe pelos nossos &nbsp;sites atrav\u00e9s de celular, tablete, computador entre outros aplicativos na internet. Acesse e participe:&nbsp;<a href=\"http:\/\/www.portalcatolico.net\/\" data-saferedirecturl=\"https:\/\/www.google.com\/url?hl=pt-BR&amp;q=http:\/\/www.portalcatolico.net\/&amp;source=gmail&amp;ust=1526837091606000&amp;usg=AFQjCNG639S6n7-VA5pD0PlBw-xvMvvNBg\">www.portalcatolico.net<\/a>&nbsp; ou&nbsp;<a href=\"http:\/\/www.catoliconoticias.com.br\/\" data-saferedirecturl=\"https:\/\/www.google.com\/url?hl=pt-BR&amp;q=http:\/\/www.catoliconoticias.com.br\/&amp;source=gmail&amp;ust=1526837091606000&amp;usg=AFQjCNGctkA_cLw45imsm7L7tFHNz1P9ZQ\">www.catoliconoticias.com.br<\/a><\/em><\/p>\n<p>Texto:Reda\u00e7\u00e3o\/Portal Cat\u00f3lico.net<\/p>\n","protected":false},"excerpt":{"rendered":"<p>A Par\u00f3quia Santa Rita C\u00e1ssia pertencente \u00e0 Diocese de Itabuna (BA) vai &nbsp;receber pela segunda vez, no dia 21 de maio, no Noven\u00e1rio de Santa Rita de C\u00e1ssia, o &nbsp;padre Paulo Avelino da Arquidiocese de Salvador. Ele \u00e9 p\u00e1roco da Par\u00f3quia de Nossa Senhora do Resgate, que se situa no bairro Cabula na capital baiana&nbsp;<\/p>\n<p><a class=\"btn btn-style\" href=\"http:\/\/portalcatolico.net\/portal\/padre-avelino-participa-do-novenario-de-santa-rita-nesta-segunda-feira-em-itabuna\/\">Continue Reading<\/a><\/p>\n","protected":false},"author":2,"featured_media":55399,"comment_status":"open","ping_status":"open","sticky":false,"template":"","format":"standard","meta":{"footnotes":""},"categories":[1],"tags":[],"class_list":["post-55398","post","type-post","status-publish","format-standard","has-post-thumbnail","hentry","category-agenda"],"_links":{"self":[{"href":"http:\/\/portalcatolico.net\/portal\/wp-json\/wp\/v2\/posts\/55398","targetHints":{"allow":["GET"]}}],"collection":[{"href":"http:\/\/portalcatolico.net\/portal\/wp-json\/wp\/v2\/posts"}],"about":[{"href":"http:\/\/portalcatolico.net\/portal\/wp-json\/wp\/v2\/types\/post"}],"author":[{"embeddable":true,"href":"http:\/\/portalcatolico.net\/portal\/wp-json\/wp\/v2\/users\/2"}],"replies":[{"embeddable":true,"href":"http:\/\/portalcatolico.net\/portal\/wp-json\/wp\/v2\/comments?post=55398"}],"version-history":[{"count":2,"href":"http:\/\/portalcatolico.net\/portal\/wp-json\/wp\/v2\/posts\/55398\/revisions"}],"predecessor-version":[{"id":55401,"href":"http:\/\/portalcatolico.net\/portal\/wp-json\/wp\/v2\/posts\/55398\/revisions\/55401"}],"wp:featuredmedia":[{"embeddable":true,"href":"http:\/\/portalcatolico.net\/portal\/wp-json\/wp\/v2\/media\/55399"}],"wp:attachment":[{"href":"http:\/\/portalcatolico.net\/portal\/wp-json\/wp\/v2\/media?parent=55398"}],"wp:term":[{"taxonomy":"category","embeddable":true,"href":"http:\/\/portalcatolico.net\/portal\/wp-json\/wp\/v2\/categories?post=55398"},{"taxonomy":"post_tag","embeddable":true,"href":"http:\/\/portalcatolico.net\/portal\/wp-json\/wp\/v2\/tags?post=55398"}],"curies":[{"name":"wp","href":"https:\/\/api.w.org\/{rel}","templated":true}]}}