{"id":55392,"date":"2018-05-19T11:27:22","date_gmt":"2018-05-19T14:27:22","guid":{"rendered":"http:\/\/portalcatolico.net\/portal\/?p=55392"},"modified":"2018-05-19T11:27:40","modified_gmt":"2018-05-19T14:27:40","slug":"buerarema-casa-da-crianca-padre-jose-carlos-realizou-homenagens-as-maes","status":"publish","type":"post","link":"http:\/\/portalcatolico.net\/portal\/buerarema-casa-da-crianca-padre-jose-carlos-realizou-homenagens-as-maes\/","title":{"rendered":"Buerarema- Casa da Crian\u00e7a Padre Jos\u00e9 Carlos realizou homenagens \u00e0s m\u00e3es"},"content":{"rendered":"<p>A Casa da Crian\u00e7a Padre Jos\u00e9 Carlos&nbsp; realizou&nbsp; na \u00faltima sexta, dia 11, a festa em comemora\u00e7\u00e3o ao Dia das M\u00e3es. O evento foi pensado a partir de uma programa\u00e7\u00e3o especial que buscou &nbsp;reunir m\u00e3es, av\u00f3s, crian\u00e7as e volunt\u00e1rios com o prop\u00f3sito de homenagear e parabenizar n\u00e3o s\u00f3&nbsp; m\u00e3es, mas tamb\u00e9m av\u00f3s &nbsp;que ocupam muitas vezes esse lugar na vida das crian\u00e7as assistidas pela institui\u00e7\u00e3o.<\/p>\n<p>A programa\u00e7\u00e3o teve in\u00edcio \u00e0s 15:30 com as apresenta\u00e7\u00f5es das crian\u00e7as ao som de m\u00fasicas relacionadas as m\u00e3es. As coreografias foram elaboradas pelos&nbsp; volunt\u00e1rios. &#8220;N\u00f3s temos muito para oferecer a essas crian\u00e7as assistidas que s\u00e3o merecedoras de aten\u00e7\u00e3o e carinho. Elas t\u00eam muita coisa boa guardada dentro delas.&#8221; Fala Girlane Rodrigues volunt\u00e1ria da Casa.<\/p>\n<p>Ap\u00f3s as homenagens, houve &nbsp;missa presidida pelo padre Elessandro Feitosa que, de forma din\u00e2mica, <img loading=\"lazy\" decoding=\"async\" class=\" wp-image-55394 alignright\" src=\"http:\/\/portalcatolico.net\/portal\/wp-content\/uploads\/2018\/05\/WhatsApp-Image-2018-05-11-at-19.27.15-225x300.jpeg\" alt=\"\" width=\"185\" height=\"247\" srcset=\"http:\/\/portalcatolico.net\/portal\/wp-content\/uploads\/2018\/05\/WhatsApp-Image-2018-05-11-at-19.27.15-225x300.jpeg 225w, http:\/\/portalcatolico.net\/portal\/wp-content\/uploads\/2018\/05\/WhatsApp-Image-2018-05-11-at-19.27.15-768x1024.jpeg 768w, http:\/\/portalcatolico.net\/portal\/wp-content\/uploads\/2018\/05\/WhatsApp-Image-2018-05-11-at-19.27.15.jpeg 774w\" sizes=\"auto, (max-width: 185px) 100vw, 185px\" \/>relatou o valor de uma m\u00e3e. &#8221; Devemos amar mais, valorizar quem a gente ama enquanto est\u00e1 vivo&#8221;, relatou . Segundo&nbsp; o padre, \u00e9 importante para eleva\u00e7\u00e3o espiritual a celebra\u00e7\u00e3o de missa ou culto na Casa. &#8221; As pessoas est\u00e3o sedentas de um pouco mais de espiritualidade. Seria interessante que mensalmente houvesse missa ou culto para que essas for\u00e7as espirituais viessem somar na forma\u00e7\u00e3o do ser&#8221;. Conclui.<\/p>\n<p>Idealizada pelo Padre Jos\u00e9 Carlos e fundada em 2008 com ajuda da Associa\u00e7\u00e3o Italiana de Solidariedade (AGAPE) tendo como representantes Dom Enzo e Lucia Marcheselli, a Casa da Crian\u00e7a atende mais de 80 crian\u00e7as de baixa renda e oferta diversas atividades como oficinas pedag\u00f3gicas, aula de flauta, capoeira, jiu jitsu, alfabetiza\u00e7\u00e3o e letramento, curso de pintura, educa\u00e7\u00e3o nutricional, educa\u00e7\u00e3o para higiene bucal,entre outros. &#8221; Amo participar das oficinas! Aprendo muito na aula de matem\u00e1tica, me divirto na&nbsp; aula de pintura e ainda bordo com a professora Nena. Isso \u00e9 fant\u00e1stico!&#8221; Relata Mariana de Jesus, crian\u00e7a assistida pela Casa. Ao t\u00e9rmino das homenagens, cada m\u00e3e foi presenteada com um pano de prato bordado pelo seu filho durante a aula de bordado vagonite ofertada pela institui\u00e7\u00e3o.<\/p>\n<p>Texto: Adriana Alc\u00e2ntara<\/p>\n<p><img loading=\"lazy\" decoding=\"async\" class=\"alignnone size-medium wp-image-55395\" src=\"http:\/\/portalcatolico.net\/portal\/wp-content\/uploads\/2018\/05\/58c3031b-ab14-435e-8fea-161b2a089a2b-300x225.jpg\" alt=\"\" width=\"300\" height=\"225\" srcset=\"http:\/\/portalcatolico.net\/portal\/wp-content\/uploads\/2018\/05\/58c3031b-ab14-435e-8fea-161b2a089a2b-300x225.jpg 300w, http:\/\/portalcatolico.net\/portal\/wp-content\/uploads\/2018\/05\/58c3031b-ab14-435e-8fea-161b2a089a2b-768x576.jpg 768w, http:\/\/portalcatolico.net\/portal\/wp-content\/uploads\/2018\/05\/58c3031b-ab14-435e-8fea-161b2a089a2b-1024x768.jpg 1024w, http:\/\/portalcatolico.net\/portal\/wp-content\/uploads\/2018\/05\/58c3031b-ab14-435e-8fea-161b2a089a2b.jpg 1032w\" sizes=\"auto, (max-width: 300px) 100vw, 300px\" \/><img loading=\"lazy\" decoding=\"async\" class=\"alignnone size-medium wp-image-55396\" src=\"http:\/\/portalcatolico.net\/portal\/wp-content\/uploads\/2018\/05\/WhatsApp-Image-2018-05-11-at-19.27.16-300x225.jpeg\" alt=\"\" width=\"300\" height=\"225\" srcset=\"http:\/\/portalcatolico.net\/portal\/wp-content\/uploads\/2018\/05\/WhatsApp-Image-2018-05-11-at-19.27.16-300x225.jpeg 300w, http:\/\/portalcatolico.net\/portal\/wp-content\/uploads\/2018\/05\/WhatsApp-Image-2018-05-11-at-19.27.16-768x576.jpeg 768w, http:\/\/portalcatolico.net\/portal\/wp-content\/uploads\/2018\/05\/WhatsApp-Image-2018-05-11-at-19.27.16-1024x768.jpeg 1024w, http:\/\/portalcatolico.net\/portal\/wp-content\/uploads\/2018\/05\/WhatsApp-Image-2018-05-11-at-19.27.16.jpeg 1032w\" sizes=\"auto, (max-width: 300px) 100vw, 300px\" \/><\/p>\n<p>&nbsp;<\/p>\n<p>&nbsp;<\/p>\n","protected":false},"excerpt":{"rendered":"<p>A Casa da Crian\u00e7a Padre Jos\u00e9 Carlos&nbsp; realizou&nbsp; na \u00faltima sexta, dia 11, a festa em comemora\u00e7\u00e3o ao Dia das M\u00e3es. O evento foi pensado a partir de uma programa\u00e7\u00e3o especial que buscou &nbsp;reunir m\u00e3es, av\u00f3s, crian\u00e7as e volunt\u00e1rios com o prop\u00f3sito de homenagear e parabenizar n\u00e3o s\u00f3&nbsp; m\u00e3es, mas tamb\u00e9m av\u00f3s &nbsp;que ocupam muitas&nbsp;<\/p>\n<p><a class=\"btn btn-style\" href=\"http:\/\/portalcatolico.net\/portal\/buerarema-casa-da-crianca-padre-jose-carlos-realizou-homenagens-as-maes\/\">Continue Reading<\/a><\/p>\n","protected":false},"author":2,"featured_media":55393,"comment_status":"open","ping_status":"open","sticky":false,"template":"","format":"standard","meta":{"footnotes":""},"categories":[68],"tags":[],"class_list":["post-55392","post","type-post","status-publish","format-standard","has-post-thumbnail","hentry","category-homilias"],"_links":{"self":[{"href":"http:\/\/portalcatolico.net\/portal\/wp-json\/wp\/v2\/posts\/55392","targetHints":{"allow":["GET"]}}],"collection":[{"href":"http:\/\/portalcatolico.net\/portal\/wp-json\/wp\/v2\/posts"}],"about":[{"href":"http:\/\/portalcatolico.net\/portal\/wp-json\/wp\/v2\/types\/post"}],"author":[{"embeddable":true,"href":"http:\/\/portalcatolico.net\/portal\/wp-json\/wp\/v2\/users\/2"}],"replies":[{"embeddable":true,"href":"http:\/\/portalcatolico.net\/portal\/wp-json\/wp\/v2\/comments?post=55392"}],"version-history":[{"count":1,"href":"http:\/\/portalcatolico.net\/portal\/wp-json\/wp\/v2\/posts\/55392\/revisions"}],"predecessor-version":[{"id":55397,"href":"http:\/\/portalcatolico.net\/portal\/wp-json\/wp\/v2\/posts\/55392\/revisions\/55397"}],"wp:featuredmedia":[{"embeddable":true,"href":"http:\/\/portalcatolico.net\/portal\/wp-json\/wp\/v2\/media\/55393"}],"wp:attachment":[{"href":"http:\/\/portalcatolico.net\/portal\/wp-json\/wp\/v2\/media?parent=55392"}],"wp:term":[{"taxonomy":"category","embeddable":true,"href":"http:\/\/portalcatolico.net\/portal\/wp-json\/wp\/v2\/categories?post=55392"},{"taxonomy":"post_tag","embeddable":true,"href":"http:\/\/portalcatolico.net\/portal\/wp-json\/wp\/v2\/tags?post=55392"}],"curies":[{"name":"wp","href":"https:\/\/api.w.org\/{rel}","templated":true}]}}