{"id":55389,"date":"2018-05-17T23:23:32","date_gmt":"2018-05-18T02:23:32","guid":{"rendered":"http:\/\/portalcatolico.net\/portal\/?p=55389"},"modified":"2018-05-18T23:24:45","modified_gmt":"2018-05-19T02:24:45","slug":"simposio-e-culto-ecumenico-abrem-semana-de-oracao-pela-unidade-dos-cristaos","status":"publish","type":"post","link":"http:\/\/portalcatolico.net\/portal\/simposio-e-culto-ecumenico-abrem-semana-de-oracao-pela-unidade-dos-cristaos\/","title":{"rendered":"Simp\u00f3sio e Culto Ecum\u00eanico abrem Semana de Ora\u00e7\u00e3o pela Unidade dos Crist\u00e3os"},"content":{"rendered":"<p><em>O I Simp\u00f3sio de Igrejas Crist\u00e3s Tradicionais foi promovido pelo Grupo de Viv\u00eancias Ecum\u00eanicas (GRUVE) de Teixeira de Freitas (BA)<\/em><\/p>\n<p>Por Petrina Nunes<\/p>\n<p>Ocorreu no \u00faltimo domingo, dia 06 de maio, em Teixeira de Freitas, o I Simp\u00f3sio de Igrejas Crist\u00e3s Tradicionais \u2013 SICTRA, com a tem\u00e1tica \u201cEm busca da Unidade Crist\u00e3\u201d, no audit\u00f3rio da FASB\/IFA. Ap\u00f3s o evento, houve a inaugura\u00e7\u00e3o da Semana de Ora\u00e7\u00e3o pela Unidade dos Crist\u00e3os, com um culto ecum\u00eanico que foi dirigido pelo bispo da Diocese Teixeira de Freitas\/Caravelas, Dom Jailton de Oliveira Lino.<\/p>\n<p>O Simp\u00f3sio foi organizado por religiosos da Igreja Cat\u00f3lica Apost\u00f3lica Romana, Igreja Sir\u00edaca Ortodoxa, Igreja Evang\u00e9lica de Confiss\u00e3o Luterana no Brasil e Primeira Igreja Batista de Teixeira de Freitas (PIBATEF), que fazem parte do Grupo de Viv\u00eancias Ecum\u00eanicas de Teixeira de Freitas (BA) (GRUVE).<\/p>\n<p>Houve quatro palestras, durante o dia, realizadas por religiosos da cidade que fazem parte do GRUVE. A primeira palestra foi do Padre Fabiano Costa, p\u00e1roco da Nossa Senhora das Gra\u00e7as, Igreja Cat\u00f3lica Apost\u00f3lica Romana da Diocese Teixeira de Freitas\/Caravelas, com o tema \u201cPrinc\u00edpios e frutos da unidade crist\u00e3: uma abordagem a partir do decreto <em>Unitatis Redintegratio<\/em>\u201d. A segunda palestra, do Padre Celso Kallarrari, da Igreja Sir\u00edaca Ortodoxa, tratou: \u201cO caminho ecum\u00eanico entre as Igrejas Ortodoxa Orientais e a Igreja Cat\u00f3lica Romana: avan\u00e7os e perspectivas\u201d. A terceira palestra, do Pastor Davi Haese, da Igreja Evang\u00e9lica de Confiss\u00e3o Luterana do Brasil, teve como tema \u201cLuteranos e Cat\u00f3licos: alegrias com o crescimento da compreens\u00e3o, da coopera\u00e7\u00e3o e do respeito m\u00fatuo\u201d. E, a \u00faltima palestra, do Pastor Juan Servin, da Primeira Igreja Batista de Teixeira de Freitas (PIBATEF) falou sobre \u201cA Unidade e seu processo hist\u00f3rico: perspectivas e desafios\u201d.<\/p>\n<p>A iniciativa de formar o grupo ecum\u00eanico foi do Padre Celso Kallarrari. O grupo \u00e9 formado por religiosos de diferentes igrejas crist\u00e3s que buscam fazer a experi\u00eancia de vida na ora\u00e7\u00e3o, leitura b\u00edblica e experi\u00eancias pessoais. Os religiosos se re\u00fanem uma vez por m\u00eas para orarem pela unidade crist\u00e3, trocarem experi\u00eancias e compartilharem ensinamentos teol\u00f3gicos. Apesar disso, ele diz que muitas pessoas s\u00e3o resistentes a essa ideia de uni\u00e3o. \u201cA partir do momento em que vencermos as barreiras doutrinais, teol\u00f3gicas e, principalmente, do fundamentalismo que \u00e9 muito comum entre n\u00f3s, avan\u00e7aremos para o prop\u00f3sito de Cristo que, antes de partir ao Pai, rezou pela unidade da sua Igreja. A unidade, portanto, n\u00e3o \u00e9 um desejo humano, antes \u00e9 um desejo de Cristo\u201d, concluiu o padre.<\/p>\n<p>Todos os religiosos presentes acreditam que essa iniciativa tende a mudar a cidade e promover o respeito entre as igrejas. \u201cAcredito no caminho ecum\u00eanico como proposta de constru\u00e7\u00e3o de cultura de paz e que deve continuar, n\u00e3o apenas em momentos e eventos oficiais entre as Igrejas, mas como proposta de concretizar o caminho da unidade no dia a dia\u201d, disse o pastor Davi. O pastor Juan destaca que esse projeto tem base na pr\u00f3pria Palavra de Deus: \u201cacho que a unidade \u00e9 entendida a partir da leitura da ora\u00e7\u00e3o do nosso Senhor Jesus Cristo, que est\u00e1 em Jo\u00e3o 17, que traz um projeto de paz, di\u00e1logo e respeito que \u00e9 a manifesta\u00e7\u00e3o da Santidade de Deus\u201d, falou. O padre Fabiano, ainda em sua palestra, destacou a import\u00e2ncia de se orar pelos \u2018irm\u00e3os separados\u2019, e de a\u00e7\u00f5es ecum\u00eanicas da Igreja Cat\u00f3lica em prol de todos, ele ainda nos informou que, para os cat\u00f3licos, \u201cse trata de uma mesma religi\u00e3o, o cristianismo, as igrejas que s\u00e3o diferentes\u201d.<\/p>\n<p>Ap\u00f3s as atividades do Simp\u00f3sio foi iniciado um culto ecum\u00eanico que inaugura uma a\u00e7\u00e3o nova na cidade, que \u00e9 essa busca pelo di\u00e1logo entre as religi\u00f5es. Em sua homilia, o bispo da Diocese Teixeira de Freitas\/Caravelas falou sobre o amor que deve existir entre n\u00f3s, crist\u00e3os, mas que, para isso, \u00e9 necess\u00e1rio nos conhecer. A Semana de Ora\u00e7\u00e3o pela Unidade dos Crist\u00e3os ser\u00e1 estendida durante todo o ano. Al\u00e9m do bispo e dos religiosos, o culto tamb\u00e9m teve a participa\u00e7\u00e3o de pessoas da comunidade que puderam ajudar na proposta do culto ecum\u00eanico, que \u00e9 a intera\u00e7\u00e3o e a participa\u00e7\u00e3o comum entre todos.<\/p>\n","protected":false},"excerpt":{"rendered":"<p>O I Simp\u00f3sio de Igrejas Crist\u00e3s Tradicionais foi promovido pelo Grupo de Viv\u00eancias Ecum\u00eanicas (GRUVE) de Teixeira de Freitas (BA) Por Petrina Nunes Ocorreu no \u00faltimo domingo, dia 06 de maio, em Teixeira de Freitas, o I Simp\u00f3sio de Igrejas Crist\u00e3s Tradicionais \u2013 SICTRA, com a tem\u00e1tica \u201cEm busca da Unidade Crist\u00e3\u201d, no audit\u00f3rio da&nbsp;<\/p>\n<p><a class=\"btn btn-style\" href=\"http:\/\/portalcatolico.net\/portal\/simposio-e-culto-ecumenico-abrem-semana-de-oracao-pela-unidade-dos-cristaos\/\">Continue Reading<\/a><\/p>\n","protected":false},"author":2,"featured_media":55390,"comment_status":"open","ping_status":"open","sticky":false,"template":"","format":"standard","meta":{"footnotes":""},"categories":[4],"tags":[],"class_list":["post-55389","post","type-post","status-publish","format-standard","has-post-thumbnail","hentry","category-destaques"],"_links":{"self":[{"href":"http:\/\/portalcatolico.net\/portal\/wp-json\/wp\/v2\/posts\/55389","targetHints":{"allow":["GET"]}}],"collection":[{"href":"http:\/\/portalcatolico.net\/portal\/wp-json\/wp\/v2\/posts"}],"about":[{"href":"http:\/\/portalcatolico.net\/portal\/wp-json\/wp\/v2\/types\/post"}],"author":[{"embeddable":true,"href":"http:\/\/portalcatolico.net\/portal\/wp-json\/wp\/v2\/users\/2"}],"replies":[{"embeddable":true,"href":"http:\/\/portalcatolico.net\/portal\/wp-json\/wp\/v2\/comments?post=55389"}],"version-history":[{"count":1,"href":"http:\/\/portalcatolico.net\/portal\/wp-json\/wp\/v2\/posts\/55389\/revisions"}],"predecessor-version":[{"id":55391,"href":"http:\/\/portalcatolico.net\/portal\/wp-json\/wp\/v2\/posts\/55389\/revisions\/55391"}],"wp:featuredmedia":[{"embeddable":true,"href":"http:\/\/portalcatolico.net\/portal\/wp-json\/wp\/v2\/media\/55390"}],"wp:attachment":[{"href":"http:\/\/portalcatolico.net\/portal\/wp-json\/wp\/v2\/media?parent=55389"}],"wp:term":[{"taxonomy":"category","embeddable":true,"href":"http:\/\/portalcatolico.net\/portal\/wp-json\/wp\/v2\/categories?post=55389"},{"taxonomy":"post_tag","embeddable":true,"href":"http:\/\/portalcatolico.net\/portal\/wp-json\/wp\/v2\/tags?post=55389"}],"curies":[{"name":"wp","href":"https:\/\/api.w.org\/{rel}","templated":true}]}}