{"id":55382,"date":"2018-05-18T19:34:29","date_gmt":"2018-05-18T22:34:29","guid":{"rendered":"http:\/\/portalcatolico.net\/portal\/?p=55382"},"modified":"2018-05-19T18:20:55","modified_gmt":"2018-05-19T21:20:55","slug":"testemunho-de-cura-emociona-a-todos-durante-o-novenario-em-homenagem-a-santa-rita","status":"publish","type":"post","link":"http:\/\/portalcatolico.net\/portal\/testemunho-de-cura-emociona-a-todos-durante-o-novenario-em-homenagem-a-santa-rita\/","title":{"rendered":"Testemunho de cura emociona a todos durante o Noven\u00e1rio em homenagem a Santa Rita"},"content":{"rendered":"<p style=\"font-weight: 400;\"><em>Completamente curada de um c\u00e2ncer, Eline&nbsp;M\u00e1rcia&nbsp; deu um testemunho emocionante na noite desta quinta-feira,&nbsp;&nbsp;17 de maio, durante a celebra\u00e7\u00e3o da 5\u00aa noite do&nbsp;&nbsp;Noven\u00e1rio de Santa Rita de C\u00e1ssia, em Itabuna (BA).<\/em><\/p>\n<p style=\"font-weight: 400;\"><em>&nbsp;Ao final da celebra\u00e7\u00e3o, Eline testemunhou para mais de mil fieis, sobre o momento dif\u00edcil que passou em sua vida, ap\u00f3s ser diagnosticada com c\u00e2ncer.<\/em><\/p>\n<p style=\"font-weight: 400;\"><em>Com muita f\u00e9, ora\u00e7\u00e3o, apoio dos paroquianos amigos da igreja de Santa Rita, ela conseguiu o milagre da cura.<\/em><\/p>\n<p style=\"font-weight: 400;\"><em>&nbsp;Eline&nbsp;M\u00e1rcia&nbsp;\u00e9 membro da Par\u00f3quia Santa Rita de C\u00e1ssia e faz parte da Ordem Franciscana Secular do Brasil (OFS). Ela foi diagnosticado com c\u00e2ncer e desenganada pelos m\u00e9dicos. Foi a\u00ed que ela decidiu colocar sua cura nas m\u00e3os de Santa Rita de C\u00e1ssia. Confira um trecho do testemunho de Aline:<\/em><\/p>\n<p style=\"font-weight: 400;\"><em>\u201cO ano passado, em julho, comecei a sentir algumas dores no corpo e comecei a fazer uns exames. No dia 9 de agosto, o m\u00e9dico falou para mim que eu estava com c\u00e2ncer, maligno e muito agressivo, no est\u00f4mago e es\u00f4fago. O m\u00e9dico tentou fazer a cirurgia, mas Deus n\u00e3o permitiu. Porque antes dessa cirurgia, ele falou que ia tirar o meu est\u00f4mago e colocar o intestino grosso no lugar. Mas a\u00ed eu disse: \u2018Eu n\u00e3o quero isso n\u00e3o, Senhor\u2019 e comecei a orar. E a cirurgia n\u00e3o foi feita porque o c\u00e2ncer tinha se espalhado. E eu disse: \u2018N\u00e3o tem problema nenhum (n\u00e3o fazer a cirurgia), pois eu sei que serei curada por um milagre! (&#8230;)\u2019.<\/em><\/p>\n<p style=\"font-weight: 400;\"><em>Todos voc\u00eas daqui come\u00e7aram a orar e a pedir a intercess\u00e3o do frei Joaquim junto a Jesus. Ent\u00e3o, esse amor eu senti muito forte em meu cora\u00e7\u00e3o, voc\u00eas fizeram um trabalho t\u00e3o lindo na minha casa, no hospital, em todos os momentos. Eu me senti muito amparada. Chegava aqui na igreja, recebia muito abra\u00e7o, muito beijo. Ent\u00e3o em nenhum momento eu fiquei triste, todo mundo que ia na minha casa me visitar, sa\u00eda forte e feliz e se&nbsp;&nbsp;perguntando por que eu estava feliz (&#8230;).<\/em><\/p>\n<p style=\"font-weight: 400;\"><em>O dom da minha vida \u00e9 Deus. Dobro meus joelhos e agrade\u00e7o porque tudo que Ele faz na nossa vida \u00e9 bom.\u201d<\/em><\/p>\n<p style=\"font-weight: 400;\"><em>A equipe do Portal Cat\u00f3lico deseja muita sa\u00fada a Aline e agradece pela li\u00e7\u00e3o de vida que ela deu. Com certeza, ela \u00e9 um exemplo de for\u00e7a, f\u00e9, amor e devo\u00e7\u00e3o.<\/em><\/p>\n<p>&nbsp;<\/p>\n","protected":false},"excerpt":{"rendered":"<p>Completamente curada de um c\u00e2ncer, Eline&nbsp;M\u00e1rcia&nbsp; deu um testemunho emocionante na noite desta quinta-feira,&nbsp;&nbsp;17 de maio, durante a celebra\u00e7\u00e3o da 5\u00aa noite do&nbsp;&nbsp;Noven\u00e1rio de Santa Rita de C\u00e1ssia, em Itabuna (BA). &nbsp;Ao final da celebra\u00e7\u00e3o, Eline testemunhou para mais de mil fieis, sobre o momento dif\u00edcil que passou em sua vida, ap\u00f3s ser diagnosticada com&nbsp;<\/p>\n<p><a class=\"btn btn-style\" href=\"http:\/\/portalcatolico.net\/portal\/testemunho-de-cura-emociona-a-todos-durante-o-novenario-em-homenagem-a-santa-rita\/\">Continue Reading<\/a><\/p>\n","protected":false},"author":2,"featured_media":55383,"comment_status":"open","ping_status":"open","sticky":false,"template":"","format":"standard","meta":{"footnotes":""},"categories":[70],"tags":[],"class_list":["post-55382","post","type-post","status-publish","format-standard","has-post-thumbnail","hentry","category-testemunhos"],"_links":{"self":[{"href":"http:\/\/portalcatolico.net\/portal\/wp-json\/wp\/v2\/posts\/55382","targetHints":{"allow":["GET"]}}],"collection":[{"href":"http:\/\/portalcatolico.net\/portal\/wp-json\/wp\/v2\/posts"}],"about":[{"href":"http:\/\/portalcatolico.net\/portal\/wp-json\/wp\/v2\/types\/post"}],"author":[{"embeddable":true,"href":"http:\/\/portalcatolico.net\/portal\/wp-json\/wp\/v2\/users\/2"}],"replies":[{"embeddable":true,"href":"http:\/\/portalcatolico.net\/portal\/wp-json\/wp\/v2\/comments?post=55382"}],"version-history":[{"count":5,"href":"http:\/\/portalcatolico.net\/portal\/wp-json\/wp\/v2\/posts\/55382\/revisions"}],"predecessor-version":[{"id":55408,"href":"http:\/\/portalcatolico.net\/portal\/wp-json\/wp\/v2\/posts\/55382\/revisions\/55408"}],"wp:featuredmedia":[{"embeddable":true,"href":"http:\/\/portalcatolico.net\/portal\/wp-json\/wp\/v2\/media\/55383"}],"wp:attachment":[{"href":"http:\/\/portalcatolico.net\/portal\/wp-json\/wp\/v2\/media?parent=55382"}],"wp:term":[{"taxonomy":"category","embeddable":true,"href":"http:\/\/portalcatolico.net\/portal\/wp-json\/wp\/v2\/categories?post=55382"},{"taxonomy":"post_tag","embeddable":true,"href":"http:\/\/portalcatolico.net\/portal\/wp-json\/wp\/v2\/tags?post=55382"}],"curies":[{"name":"wp","href":"https:\/\/api.w.org\/{rel}","templated":true}]}}