{"id":55378,"date":"2018-05-19T14:21:36","date_gmt":"2018-05-19T17:21:36","guid":{"rendered":"http:\/\/portalcatolico.net\/portal\/?p=55378"},"modified":"2018-05-19T14:42:32","modified_gmt":"2018-05-19T17:42:32","slug":"eunapolis-sediara-a-assembleia-da-pastoral-carceraria-dos-estados-da-bahia-e-sergipe","status":"publish","type":"post","link":"http:\/\/portalcatolico.net\/portal\/eunapolis-sediara-a-assembleia-da-pastoral-carceraria-dos-estados-da-bahia-e-sergipe\/","title":{"rendered":"Eun\u00e1polis sediar\u00e1 a Assembl\u00e9ia da Pastoral Carcer\u00e1ria dos Estados da Bahia e Sergipe"},"content":{"rendered":"<p style=\"font-weight: 400;\">De 25 a 27 de Maio pr\u00f3ximo, acontecer\u00e1 em Eun\u00e1polis a Assembl\u00e9ia da Pastoral Carcer\u00e1ria dos Estados da Bahia e Sergipe, que comp\u00f5em a regi\u00e3o denominada Nordeste III da CNBB \u2013 Confer\u00eancia Nacional dos Bispos do Brasil.<\/p>\n<p style=\"font-weight: 400;\">No dia 25, a equipe de Coordena\u00e7\u00e3o da Pastoral visitar\u00e1 os Pres\u00eddios de Teixeira de Freitas e Eun\u00e1polis, respectivamente na manh\u00e3 e tarde deste dia 25 de maio. Para ambas as visitas, a Pastoral convidou o Juiz, o Promotor e o Defensor de cada cidade que atuam no sistema prisional de cada cidade, bem como representantes da OAB, do Conselho da Comunidade, de outras Igrejas que atuam tamb\u00e9m no c\u00e1rcere, bem como outras entidades.<\/p>\n<p style=\"font-weight: 400;\">Na sa\u00edda da visita do Pres\u00eddio de Teixeira de Freitas, por volta de 11h, do dia 25,&nbsp; a Coordena\u00e7\u00e3o da Pastoral estar\u00e1 \u00e0 disposi\u00e7\u00e3o para entrevistas a quaisquer \u00f3rg\u00e3os de imprensa local na porta do pres\u00eddio.<\/p>\n<p style=\"font-weight: 400;\">Estar\u00e3o presentes nas visitas a estas unidades prisionais: a Pastoral Carcer\u00e1ria de cada cidade; o Bispo local; o Vice Coordenador Nacional da Pastoral Carcer\u00e1ria, o Padre Gianfranco Graziola; o Coordenador da Pastoral da Bahia, Francisco Carlos \u2013 o Franco; o Coordenador da Pastoral de Sergipe, Carlos Antonio de Magalh\u00e3es \u2013 Magal e o Assessor Jur\u00eddico da Bahia e Sergipe, Davi Pedreira.<\/p>\n<p style=\"font-weight: 400;\">Na noite de sexta-feira, dia 25,&nbsp;a Diocese de Eun\u00e1polis recepciona os representantes das Dioceses da Bahia e Sergipe. Na manh\u00e3 de s\u00e1bado 26, acontecer\u00e1 um debate aberto \u00e0 comunidade, com in\u00edcio \u00e0s 8h30min, sobre a realidade prisional da Bahia, para o qual foram convidados os dirigentes das unidades prisionais de Teixeira e Eunapolis; o Superintendente de Gest\u00e3o Prisional da Secretaria de Assuntos Prisionais, o&nbsp; Major PM Julio Cesar Ferreira dos Santos; um representante da empresa de gest\u00e3o prisional (Reviver); o Juiz, o Promotor e o Defensor em atua\u00e7\u00e3o na Comarca de Eun\u00e1polis; os dirigentes da Pastoral Regional; o Vice Coordenador Nacional, al\u00e9m de representantes de outras entidades.<\/p>\n<p style=\"font-weight: 400;\">Ap\u00f3s o debate, ser\u00e1 realizada uma caminhada da Pastoral nas Dioceses e, ap\u00f3s, se far\u00e1 um estudo sobre o documento da Pastoral Carcer\u00e1ria Nacional que trata da situa\u00e7\u00e3o das mulheres presas.<\/p>\n<p style=\"font-weight: 400;\">No domingo, ocorrer\u00e1 o planejamento das a\u00e7\u00f5es da pastoral e se debater\u00e1 sobre a realidade nacional do sistema prisional e da caminhada da pastoral a n\u00edvel nacional com o Vice Coordenador Nacional da Pastoral.&nbsp;&nbsp;O encontro ocorrer\u00e1 na Casa de Retiro Sagrado Cora\u00e7\u00e3o de Jesus, em Eun\u00e1polis, que fica as margens da BR 101 e pr\u00f3ximo ao IFBA.<\/p>\n<p>Informa\u00e7\u00f5es:Davi Pedreira<\/p>\n<p>&nbsp;<\/p>\n","protected":false},"excerpt":{"rendered":"<p>De 25 a 27 de Maio pr\u00f3ximo, acontecer\u00e1 em Eun\u00e1polis a Assembl\u00e9ia da Pastoral Carcer\u00e1ria dos Estados da Bahia e Sergipe, que comp\u00f5em a regi\u00e3o denominada Nordeste III da CNBB \u2013 Confer\u00eancia Nacional dos Bispos do Brasil. No dia 25, a equipe de Coordena\u00e7\u00e3o da Pastoral visitar\u00e1 os Pres\u00eddios de Teixeira de Freitas e Eun\u00e1polis,&nbsp;<\/p>\n<p><a class=\"btn btn-style\" href=\"http:\/\/portalcatolico.net\/portal\/eunapolis-sediara-a-assembleia-da-pastoral-carceraria-dos-estados-da-bahia-e-sergipe\/\">Continue Reading<\/a><\/p>\n","protected":false},"author":2,"featured_media":55379,"comment_status":"open","ping_status":"open","sticky":false,"template":"","format":"standard","meta":{"footnotes":""},"categories":[1],"tags":[],"class_list":["post-55378","post","type-post","status-publish","format-standard","has-post-thumbnail","hentry","category-agenda"],"_links":{"self":[{"href":"http:\/\/portalcatolico.net\/portal\/wp-json\/wp\/v2\/posts\/55378","targetHints":{"allow":["GET"]}}],"collection":[{"href":"http:\/\/portalcatolico.net\/portal\/wp-json\/wp\/v2\/posts"}],"about":[{"href":"http:\/\/portalcatolico.net\/portal\/wp-json\/wp\/v2\/types\/post"}],"author":[{"embeddable":true,"href":"http:\/\/portalcatolico.net\/portal\/wp-json\/wp\/v2\/users\/2"}],"replies":[{"embeddable":true,"href":"http:\/\/portalcatolico.net\/portal\/wp-json\/wp\/v2\/comments?post=55378"}],"version-history":[{"count":4,"href":"http:\/\/portalcatolico.net\/portal\/wp-json\/wp\/v2\/posts\/55378\/revisions"}],"predecessor-version":[{"id":55406,"href":"http:\/\/portalcatolico.net\/portal\/wp-json\/wp\/v2\/posts\/55378\/revisions\/55406"}],"wp:featuredmedia":[{"embeddable":true,"href":"http:\/\/portalcatolico.net\/portal\/wp-json\/wp\/v2\/media\/55379"}],"wp:attachment":[{"href":"http:\/\/portalcatolico.net\/portal\/wp-json\/wp\/v2\/media?parent=55378"}],"wp:term":[{"taxonomy":"category","embeddable":true,"href":"http:\/\/portalcatolico.net\/portal\/wp-json\/wp\/v2\/categories?post=55378"},{"taxonomy":"post_tag","embeddable":true,"href":"http:\/\/portalcatolico.net\/portal\/wp-json\/wp\/v2\/tags?post=55378"}],"curies":[{"name":"wp","href":"https:\/\/api.w.org\/{rel}","templated":true}]}}