{"id":55375,"date":"2018-05-18T14:18:19","date_gmt":"2018-05-18T17:18:19","guid":{"rendered":"http:\/\/portalcatolico.net\/portal\/?p=55375"},"modified":"2018-05-18T14:18:19","modified_gmt":"2018-05-18T17:18:19","slug":"festa-de-pentecostes-acontece-em-ibicarai-neste-fim-de-semana-participe","status":"publish","type":"post","link":"http:\/\/portalcatolico.net\/portal\/festa-de-pentecostes-acontece-em-ibicarai-neste-fim-de-semana-participe\/","title":{"rendered":"Festa de Pentecostes acontece em Ibicara\u00ed neste fim de semana. Participe!"},"content":{"rendered":"<p style=\"font-weight: 400;\"><em>A Par\u00f3quia Senhor Deus Menino realiza neste fim de semana em Ibicara\u00ed (BA), a Solenidade de Pentecoste. No s\u00e1bado, \u00e0 partir das 19h, acontece a Vig\u00edlia, com louvor, ora\u00e7\u00e3o, Adora\u00e7\u00e3o e muito mais.<br \/>\nNo domingo, a Santa Missa acontece \u00e0s 7h. E a partir das 14h, acontecer\u00e1 o Celebrando Pentecostes, com a presen\u00e7a da Comunidade Rainha da Paz da Diocese de Itabuna.<\/em><\/p>\n<p style=\"font-weight: 400;\"><em>O evento, vai contar ainda com prega\u00e7\u00e3o, louvor, e alegria com a presen\u00e7a do Esp\u00edrito Santo.<\/em><\/p>\n<p style=\"font-weight: 400;\"><em>E \u00e0s 18h, ter\u00e1 in\u00edcio a Solene Celebra\u00e7\u00e3o Eucar\u00edstica de Pentecostes, com o rito do apagamento do C\u00edrio Pascal, encerrando o tempo Pascal.&nbsp;<br \/>\nPara a Santa Missa, \u00e9 necess\u00e1rio que todos levem uma vela, que ser\u00e1 utilizada em um momento especial.<\/em><\/p>\n<p style=\"font-weight: 400;\"><em>Vale ressaltar que a Comunidade Cat\u00f3lica de Ibicara\u00ed tem como Padres &nbsp;Weslei Concei\u00e7\u00e3o&nbsp;e Monsenhor Sebasti\u00e3o Bezerra.<\/em>&nbsp;<\/p>\n","protected":false},"excerpt":{"rendered":"<p>A Par\u00f3quia Senhor Deus Menino realiza neste fim de semana em Ibicara\u00ed (BA), a Solenidade de Pentecoste. No s\u00e1bado, \u00e0 partir das 19h, acontece a Vig\u00edlia, com louvor, ora\u00e7\u00e3o, Adora\u00e7\u00e3o e muito mais. No domingo, a Santa Missa acontece \u00e0s 7h. E a partir das 14h, acontecer\u00e1 o Celebrando Pentecostes, com a presen\u00e7a da Comunidade&nbsp;<\/p>\n<p><a class=\"btn btn-style\" href=\"http:\/\/portalcatolico.net\/portal\/festa-de-pentecostes-acontece-em-ibicarai-neste-fim-de-semana-participe\/\">Continue Reading<\/a><\/p>\n","protected":false},"author":2,"featured_media":55376,"comment_status":"open","ping_status":"open","sticky":false,"template":"","format":"standard","meta":{"footnotes":""},"categories":[1],"tags":[],"class_list":["post-55375","post","type-post","status-publish","format-standard","has-post-thumbnail","hentry","category-agenda"],"_links":{"self":[{"href":"http:\/\/portalcatolico.net\/portal\/wp-json\/wp\/v2\/posts\/55375","targetHints":{"allow":["GET"]}}],"collection":[{"href":"http:\/\/portalcatolico.net\/portal\/wp-json\/wp\/v2\/posts"}],"about":[{"href":"http:\/\/portalcatolico.net\/portal\/wp-json\/wp\/v2\/types\/post"}],"author":[{"embeddable":true,"href":"http:\/\/portalcatolico.net\/portal\/wp-json\/wp\/v2\/users\/2"}],"replies":[{"embeddable":true,"href":"http:\/\/portalcatolico.net\/portal\/wp-json\/wp\/v2\/comments?post=55375"}],"version-history":[{"count":1,"href":"http:\/\/portalcatolico.net\/portal\/wp-json\/wp\/v2\/posts\/55375\/revisions"}],"predecessor-version":[{"id":55377,"href":"http:\/\/portalcatolico.net\/portal\/wp-json\/wp\/v2\/posts\/55375\/revisions\/55377"}],"wp:featuredmedia":[{"embeddable":true,"href":"http:\/\/portalcatolico.net\/portal\/wp-json\/wp\/v2\/media\/55376"}],"wp:attachment":[{"href":"http:\/\/portalcatolico.net\/portal\/wp-json\/wp\/v2\/media?parent=55375"}],"wp:term":[{"taxonomy":"category","embeddable":true,"href":"http:\/\/portalcatolico.net\/portal\/wp-json\/wp\/v2\/categories?post=55375"},{"taxonomy":"post_tag","embeddable":true,"href":"http:\/\/portalcatolico.net\/portal\/wp-json\/wp\/v2\/tags?post=55375"}],"curies":[{"name":"wp","href":"https:\/\/api.w.org\/{rel}","templated":true}]}}