{"id":55372,"date":"2018-05-18T14:11:05","date_gmt":"2018-05-18T17:11:05","guid":{"rendered":"http:\/\/portalcatolico.net\/portal\/?p=55372"},"modified":"2018-05-18T14:11:05","modified_gmt":"2018-05-18T17:11:05","slug":"acompanhe-como-foi-a-5a-noite-do-novenario-de-santa-rita-em-itabuna","status":"publish","type":"post","link":"http:\/\/portalcatolico.net\/portal\/acompanhe-como-foi-a-5a-noite-do-novenario-de-santa-rita-em-itabuna\/","title":{"rendered":"Acompanhe como foi a 5\u00aa noite do Noven\u00e1rio de Santa Rita em Itabuna"},"content":{"rendered":"<p style=\"font-weight: 400;\"><em>Os&nbsp;&nbsp;preparativos para a festa da gloriosa Santa Rita de C\u00e1ssia&nbsp;&nbsp;continuam em Itabuna (BA). Nesta quinta-feira, 17 de maio, \u00e0s 19h, foi realizada a 5\u00aa noite do Noven\u00e1rio. O presidente da santa Celebra\u00e7\u00e3o Eucar\u00edstica foi o Pe. Ezequias&nbsp;&nbsp;Gon\u00e7alves, p\u00e1roco da Par\u00f3quia Nossa Senhora Aparecida, situada no bairro Calif\u00f3rnia em Itabuna. Os padres concelebrante foram: Os Frades Capuchinos da par\u00f3quia Santa Rita de C\u00e1ssia, al\u00e9m do Frei Renato Fazi e o di\u00e1cono Jos\u00e9 Ara\u00fajo (Diocese de Itabuna).<\/em><\/p>\n<p style=\"font-weight: 400;\"><em>Na oportunidade, Padre Ezequias falou da alegria de celebrar Santa Rita: \u201cN\u00f3s tamb\u00e9m temos a alegria de celebrar esta noite com tantas outras pessoas da cidade nossa, das cidades circunvizinhas, com os devotos de Santa Rita, que vivem essa gra\u00e7a de um encontro pessoal com ela\u201d.<\/em><\/p>\n<p><em>O subtema refletido foi: \u201c A&nbsp;&nbsp;autencidade crist\u00e3 dos leigos na fam\u00edlia, na comunidade eclesial e nas v\u00e1rias situa\u00e7\u00f5es do seu dia a dia\u201d.<\/em><\/p>\n<p style=\"font-weight: 400;\"><em>Os convidados desta quinta noite foram a Par\u00f3quia Senhor do Bonfim, Pastoral do D\u00edzimo, Comerciantes (lojas do comercio do s\u00e3o Caetano, Feirantes, Lojas de Material de Constru\u00e7\u00e3o)&nbsp;&nbsp;CDL,&nbsp;&nbsp;Associa\u00e7\u00e3o&nbsp;&nbsp;Comercial de Itabuna, Sindicom, Escrit\u00f3rios de Contabilidade ,Bancos, Financeiras, Motoristas, Sindicato dos Taxistas, Motoboys, Empresas de Transportes, Auto-escolas, Empresas de Turismo, Agropecuaristas, pessoas e comerciantes de nome Rita de C\u00e1ssia.<\/em><\/p>\n<p><em>Liturgia: Grupo Santo Ant\u00f4nio e MECE<\/em><\/p>\n<p style=\"font-weight: 400;\"><em>Ap\u00f3s a santa missa teve aconteceu quermesse e&nbsp;&nbsp;show com a Banda Lord\u00e3o.<\/em><\/p>\n<p style=\"font-weight: 400;\"><em>O Noven\u00e1rio segue at\u00e9 o dia 21 com missa todas as noites, sempre \u00e0s 19h.<\/em><\/p>\n<p style=\"font-weight: 400;\"><em>No dia 22, acontece a grande festa. A programa\u00e7\u00e3o come\u00e7ar\u00e1 \u00e0s 5h com a Alvorada. \u00c0s 19h, acontecer\u00e1 a missa solene presidida por Dom Carlos Alberto dos Santos, bispo da Diocese de Itabuna. Em seguida, tem a tradicional prociss\u00e3o com a imagem da santa pelas principais ruas do bairro.<\/em><\/p>\n<p>&nbsp;<\/p>\n<p style=\"text-align: center;\"><strong>&nbsp; &nbsp; &nbsp; &nbsp; &nbsp; &nbsp; &nbsp; &nbsp; &nbsp; &nbsp; &nbsp; &nbsp; &nbsp; &nbsp; &nbsp; &nbsp; &nbsp; &nbsp; &nbsp; &nbsp; TRANSMISS\u00c3O AO VIVO DO NOVEN\u00c1RIO&nbsp; &nbsp;<\/strong><\/p>\n<p>&nbsp;O Portal Cat\u00f3lico Web R\u00e1dio estar\u00e1 transmitindo em tempo real, todas as noites, via internet, o Noven\u00e1rio e festa da padroeira Santa Rita de C\u00e1ssia.<\/p>\n<p>Para ter acesso&nbsp; \u00e0 transmiss\u00e3o ao vivo, baixe nosso aplicativo no playstore:&nbsp;<a href=\"https:\/\/play.google.com\/store\/apps\/details?id=com.shoutcast.stm.portalcatolico\" data-saferedirecturl=\"https:\/\/www.google.com\/url?hl=pt-BR&amp;q=https:\/\/play.google.com\/store\/apps\/details?id%3Dcom.shoutcast.stm.portalcatolico&amp;source=gmail&amp;ust=1526749262359000&amp;usg=AFQjCNFb69IeSu1W0q76w0j7Uzm6Fp8nSg\">https:\/\/play.google.com\/store\/apps\/details?id=com.shoutcast.stm.portalcatolico<\/a>&nbsp;ou acesse nosso site:<a href=\"http:\/\/www.portalcatolico.net\/\" data-saferedirecturl=\"https:\/\/www.google.com\/url?hl=pt-BR&amp;q=http:\/\/www.portalcatolico.net\/&amp;source=gmail&amp;ust=1526749262359000&amp;usg=AFQjCNELQWs4hckIVrDElBiYwxRoBbQj-A\">www.portalcatolico.net<\/a><\/p>\n<p>Confira as fotos clicando <span style=\"color: #ff0000;\">AQUI<\/span><\/p>\n<h6>&nbsp;<\/h6>\n","protected":false},"excerpt":{"rendered":"<p>Os&nbsp;&nbsp;preparativos para a festa da gloriosa Santa Rita de C\u00e1ssia&nbsp;&nbsp;continuam em Itabuna (BA). Nesta quinta-feira, 17 de maio, \u00e0s 19h, foi realizada a 5\u00aa noite do Noven\u00e1rio. O presidente da santa Celebra\u00e7\u00e3o Eucar\u00edstica foi o Pe. Ezequias&nbsp;&nbsp;Gon\u00e7alves, p\u00e1roco da Par\u00f3quia Nossa Senhora Aparecida, situada no bairro Calif\u00f3rnia em Itabuna. Os padres concelebrante foram: Os Frades&nbsp;<\/p>\n<p><a class=\"btn btn-style\" href=\"http:\/\/portalcatolico.net\/portal\/acompanhe-como-foi-a-5a-noite-do-novenario-de-santa-rita-em-itabuna\/\">Continue Reading<\/a><\/p>\n","protected":false},"author":2,"featured_media":55373,"comment_status":"open","ping_status":"open","sticky":false,"template":"","format":"standard","meta":{"footnotes":""},"categories":[68],"tags":[],"class_list":["post-55372","post","type-post","status-publish","format-standard","has-post-thumbnail","hentry","category-homilias"],"_links":{"self":[{"href":"http:\/\/portalcatolico.net\/portal\/wp-json\/wp\/v2\/posts\/55372","targetHints":{"allow":["GET"]}}],"collection":[{"href":"http:\/\/portalcatolico.net\/portal\/wp-json\/wp\/v2\/posts"}],"about":[{"href":"http:\/\/portalcatolico.net\/portal\/wp-json\/wp\/v2\/types\/post"}],"author":[{"embeddable":true,"href":"http:\/\/portalcatolico.net\/portal\/wp-json\/wp\/v2\/users\/2"}],"replies":[{"embeddable":true,"href":"http:\/\/portalcatolico.net\/portal\/wp-json\/wp\/v2\/comments?post=55372"}],"version-history":[{"count":1,"href":"http:\/\/portalcatolico.net\/portal\/wp-json\/wp\/v2\/posts\/55372\/revisions"}],"predecessor-version":[{"id":55374,"href":"http:\/\/portalcatolico.net\/portal\/wp-json\/wp\/v2\/posts\/55372\/revisions\/55374"}],"wp:featuredmedia":[{"embeddable":true,"href":"http:\/\/portalcatolico.net\/portal\/wp-json\/wp\/v2\/media\/55373"}],"wp:attachment":[{"href":"http:\/\/portalcatolico.net\/portal\/wp-json\/wp\/v2\/media?parent=55372"}],"wp:term":[{"taxonomy":"category","embeddable":true,"href":"http:\/\/portalcatolico.net\/portal\/wp-json\/wp\/v2\/categories?post=55372"},{"taxonomy":"post_tag","embeddable":true,"href":"http:\/\/portalcatolico.net\/portal\/wp-json\/wp\/v2\/tags?post=55372"}],"curies":[{"name":"wp","href":"https:\/\/api.w.org\/{rel}","templated":true}]}}