{"id":55363,"date":"2018-05-17T22:55:31","date_gmt":"2018-05-18T01:55:31","guid":{"rendered":"http:\/\/portalcatolico.net\/portal\/?p=55363"},"modified":"2018-05-17T23:05:16","modified_gmt":"2018-05-18T02:05:16","slug":"paroquia-sao-judas-realiza-caruru-beneficente","status":"publish","type":"post","link":"http:\/\/portalcatolico.net\/portal\/paroquia-sao-judas-realiza-caruru-beneficente\/","title":{"rendered":"Par\u00f3quia  S\u00e3o Judas realiza Caruru beneficente"},"content":{"rendered":"<p style=\"font-weight: 400;\"><em>A Par\u00f3quia&nbsp;&nbsp;S\u00e3o Judas, situada na Avenida Ilh\u00e9us em Itabuna (BA), est\u00e1 realizando um Caruru beneficente em prol da climatiza\u00e7\u00e3o da Igreja matriz de S\u00e3o Judas Tadeu e do Santu\u00e1rio Santo Ant\u00f4nio, que fica na Avenida do Cinquenten\u00e1rio. Dia 20 de maio, a partir&nbsp;das 11h.<\/em><\/p>\n<p style=\"font-weight: 400;\"><em>Local:Centro Pastoral.<\/em><\/p>\n<p style=\"font-weight: 400;\"><em>Voc\u00ea pode contribuir comprando a marmita de caruru por 10 reais.<\/em><\/p>\n<p style=\"font-weight: 400;\"><em>O bilhete j\u00e1 esta \u00e0&nbsp;venda na secretaria da Matriz e do Santu\u00e1rio Santo Ant\u00f4nio&nbsp;&nbsp;com membros de pastorais, ap\u00f3s as missas.<\/em><em><br \/>\n<\/em><em>Para outras informa\u00e7\u00f5es, entre em contato com a&nbsp;&nbsp;secretaria da igreja pelo telefone: (73)3612-5835 ou pelo Facebook&nbsp;&nbsp;da Par\u00f3quia S\u00e3o Judas Tadeu \u2013 no link<\/em><em>:<a href=\"https:\/\/www.facebook.com\/paroquiasaojudastadeuitabuna\" data-saferedirecturl=\"https:\/\/www.google.com\/url?hl=pt-BR&amp;q=https:\/\/www.facebook.com\/paroquiasaojudastadeuitabuna&amp;source=gmail&amp;ust=1526692668489000&amp;usg=AFQjCNFIizYNVo97gnTlw_bEF0Jr37jJ3g\">https:\/\/www.facebook.com\/paroquiasaojudastadeuitabuna<\/a><\/em><\/p>\n<p>Texto:Reda\u00e7\u00e3o\/Portal Cat\u00f3lico&nbsp;<\/p>\n","protected":false},"excerpt":{"rendered":"<p>A Par\u00f3quia&nbsp;&nbsp;S\u00e3o Judas, situada na Avenida Ilh\u00e9us em Itabuna (BA), est\u00e1 realizando um Caruru beneficente em prol da climatiza\u00e7\u00e3o da Igreja matriz de S\u00e3o Judas Tadeu e do Santu\u00e1rio Santo Ant\u00f4nio, que fica na Avenida do Cinquenten\u00e1rio. Dia 20 de maio, a partir&nbsp;das 11h. Local:Centro Pastoral. Voc\u00ea pode contribuir comprando a marmita de caruru por&nbsp;<\/p>\n<p><a class=\"btn btn-style\" href=\"http:\/\/portalcatolico.net\/portal\/paroquia-sao-judas-realiza-caruru-beneficente\/\">Continue Reading<\/a><\/p>\n","protected":false},"author":2,"featured_media":55364,"comment_status":"open","ping_status":"open","sticky":false,"template":"","format":"standard","meta":{"footnotes":""},"categories":[1],"tags":[],"class_list":["post-55363","post","type-post","status-publish","format-standard","has-post-thumbnail","hentry","category-agenda"],"_links":{"self":[{"href":"http:\/\/portalcatolico.net\/portal\/wp-json\/wp\/v2\/posts\/55363","targetHints":{"allow":["GET"]}}],"collection":[{"href":"http:\/\/portalcatolico.net\/portal\/wp-json\/wp\/v2\/posts"}],"about":[{"href":"http:\/\/portalcatolico.net\/portal\/wp-json\/wp\/v2\/types\/post"}],"author":[{"embeddable":true,"href":"http:\/\/portalcatolico.net\/portal\/wp-json\/wp\/v2\/users\/2"}],"replies":[{"embeddable":true,"href":"http:\/\/portalcatolico.net\/portal\/wp-json\/wp\/v2\/comments?post=55363"}],"version-history":[{"count":3,"href":"http:\/\/portalcatolico.net\/portal\/wp-json\/wp\/v2\/posts\/55363\/revisions"}],"predecessor-version":[{"id":55368,"href":"http:\/\/portalcatolico.net\/portal\/wp-json\/wp\/v2\/posts\/55363\/revisions\/55368"}],"wp:featuredmedia":[{"embeddable":true,"href":"http:\/\/portalcatolico.net\/portal\/wp-json\/wp\/v2\/media\/55364"}],"wp:attachment":[{"href":"http:\/\/portalcatolico.net\/portal\/wp-json\/wp\/v2\/media?parent=55363"}],"wp:term":[{"taxonomy":"category","embeddable":true,"href":"http:\/\/portalcatolico.net\/portal\/wp-json\/wp\/v2\/categories?post=55363"},{"taxonomy":"post_tag","embeddable":true,"href":"http:\/\/portalcatolico.net\/portal\/wp-json\/wp\/v2\/tags?post=55363"}],"curies":[{"name":"wp","href":"https:\/\/api.w.org\/{rel}","templated":true}]}}