{"id":55356,"date":"2018-05-17T14:31:55","date_gmt":"2018-05-17T17:31:55","guid":{"rendered":"http:\/\/portalcatolico.net\/portal\/?p=55356"},"modified":"2018-05-17T19:22:22","modified_gmt":"2018-05-17T22:22:22","slug":"confira-a-programacao-do-novenario-e-festa-de-santa-rita-de-cassia-em-itabuna","status":"publish","type":"post","link":"http:\/\/portalcatolico.net\/portal\/confira-a-programacao-do-novenario-e-festa-de-santa-rita-de-cassia-em-itabuna\/","title":{"rendered":"Confira a Programa\u00e7\u00e3o do Noven\u00e1rio e Festa de Santa Rita de C\u00e1ssia em Itabuna"},"content":{"rendered":"<p class=\"m_4095586912075604226xxgmail-msonospacing\"><em>A Par\u00f3quia Santa Rita de C\u00e1ssia em Itabuna (BA) est\u00e1 em festa, celebrando a Noven\u00e1rio em homenagem a Santa Rita desde a \u00faltima quinta-feira, 10 de maio e segue at\u00e9 o dia 22, com&nbsp;&nbsp;missa,ora\u00e7\u00e3o,shows todas as noites,quermesse entre outros momentos de evangeliza\u00e7\u00e3o.<\/em><u><\/u><u><\/u><\/p>\n<p class=\"m_4095586912075604226xxgmail-msonospacing\"><em>&nbsp;O tema central da festa deste ano nacional do laicato \u00e9: \u201cSanta Rita inspirando&nbsp;os crist\u00e3os leigos e leigas a serem sal da terra e luz do mundo\u201d.<\/em><\/p>\n<p class=\"m_4095586912075604226xxgmail-msonospacing\" style=\"text-align: center;\"><em><b>Confira a programa\u00e7\u00e3o completa da festa:<\/b><\/em><u><\/u><u><\/u><\/p>\n<p class=\"m_4095586912075604226xxgmail-msonospacing\"><b>&nbsp;<\/b><u><\/u><u><\/u><\/p>\n<p class=\"m_4095586912075604226xxgmail-msonospacing\"><strong><em>1\u00aa Noite: 13.05 (Domingo), 19h<\/em><\/strong><u><\/u><u><\/u><\/p>\n<p class=\"m_4095586912075604226xxgmail-msonospacing\"><em>Subtema: \u201cA miss\u00e3o dos crist\u00e3os leigos na Igreja e na sociedade, e os desafios do mundo moderno\u201d.<\/em><u><\/u><u><\/u><\/p>\n<p class=\"m_4095586912075604226xxgmail-msonospacing\"><em><b>Convidados<\/b><\/em><em>: Par\u00f3quias: Catedral de s\u00e3o Jos\u00e9 e Nossa Senhora Aparecida, Pastoral da Comunica\u00e7\u00e3o, R\u00e1dios&nbsp;&nbsp;AM e FM, TVs, Jornais, Associa\u00e7\u00e3o dos Carros de Sons, Ag\u00eancia de Propaganda e Blogs.<\/em><u><\/u><u><\/u><\/p>\n<p class=\"m_4095586912075604226xxgmail-msonospacing\"><em><b>Liturgia:<\/b><\/em><em>&nbsp;Apostolada da Ora\u00e7\u00e3o e Grupo Pe. Pio.<\/em><u><\/u><u><\/u><\/p>\n<p class=\"m_4095586912075604226xxgmail-msonospacing\"><em>Quermesse: Comunidade S\u00e3o Paulo Ap\u00f3stolo, S\u00e3o Francisco Assis, Nossa Senhora de Lourdes e Santa Luzia. (Barraca do Espetinho-Pastoral do Dizimo).Oferta da noite: Refrigerante\/\u00c1gua mineral.<\/em><u><\/u><u><\/u><\/p>\n<p class=\"m_4095586912075604226xxgmail-msonospacing\"><em>&nbsp;<\/em><u><\/u><u><\/u><\/p>\n<p class=\"m_4095586912075604226xxgmail-msonospacing\"><strong><em>2\u00aa Noite: 14.05 (Segunda-Feira), 19h<\/em><\/strong><u><\/u><u><\/u><\/p>\n<p class=\"m_4095586912075604226xxgmail-msonospacing\"><em><b>Subtema:&nbsp;<\/b><\/em><em>\u201cOs crist\u00e3os leigos e o compromisso sociopol\u00edtico transformando, \u00e1 imita\u00e7\u00e3o de Cristo numa Igreja em sa\u00edda para a miss\u00e3o\u201d.<\/em><u><\/u><u><\/u><\/p>\n<p class=\"m_4095586912075604226xxgmail-msonospacing\"><em><b>Convidados:<\/b><\/em><em>&nbsp;Par\u00f3quia Nossa Senhora da Concei\u00e7\u00e3o, Pastoral Carcer\u00e1ria, Poder Executivo (Prefeito, Vice-Prefeito, Secretariados e funcion\u00e1rios) Poder Legislativo (Vereadores e funcion\u00e1rios da C\u00e2mara de&nbsp;&nbsp;vereadores Minist\u00e9rio P\u00fablico. Defensores P\u00fablica. Justi\u00e7a do Trabalho, SAC,OAB, Cart\u00f3rios de Registros, FICC,CEPLAC, Entidades Filantr\u00f3picas ( Rotary e Lions Clube) e Garis.<\/em><u><\/u><u><\/u><\/p>\n<p class=\"m_4095586912075604226xxgmail-msonospacing\"><em><b>Liturgia<\/b><\/em><em>: Pastoral do Dizimo e Pastoral da Catequese.<\/em><u><\/u><u><\/u><\/p>\n<p class=\"m_4095586912075604226xxgmail-msonospacing\"><em><b>Quermesse<\/b><\/em><em>: Padre Pio, Coroinhas e OFS (Barraca do Espetinho-Pastoral do Dizimo).<\/em><u><\/u><u><\/u><\/p>\n<p class=\"m_4095586912075604226xxgmail-msonospacing\"><em><b>Oferta:<\/b><\/em><em>&nbsp;Esp\u00e9cie<\/em><u><\/u><u><\/u><\/p>\n<p class=\"m_4095586912075604226xxgmail-msonospacing\"><em>&nbsp;<\/em><u><\/u><u><\/u><\/p>\n<p class=\"m_4095586912075604226xxgmail-msonospacing\"><strong><em>3\u00aa Noite: 15.05 (Ter\u00e7a-Feira), 19h<\/em><\/strong><u><\/u><u><\/u><\/p>\n<p class=\"m_4095586912075604226xxgmail-msonospacing\"><em>Subtema: \u201c O protagonista dos crist\u00e3os leigos nas Comunidades Eclesiais de Base, sob a luz do Evangelho\u201d.<\/em><u><\/u><u><\/u><\/p>\n<p class=\"m_4095586912075604226xxgmail-msonospacing\"><em><b>Convidados:<\/b><\/em><em>&nbsp;Par\u00f3quia Nossa senhora da Piedade e Santo Ant\u00f4nio, Pastoral da Sa\u00fade, Profissionais da Sa\u00fade ( m\u00e9dicos, enfermeiros&nbsp;&nbsp;e t\u00e9cnicos&nbsp;&nbsp;de enfermagem) SAMU, Laborat\u00f3rios, Clinicas M\u00e9dicas, Postos de Sa\u00fade, CEMEPI, Hospitais: Manoel&nbsp;&nbsp;Novais, S\u00e3o Lucas, Calixto Midlej Filho, Hospital de Base, Hospital de Olhos Beira Rio, DayHORC, ONCOSUL, COTEF,APAE,GACC,GAPO Grupo Se Toque, N\u00facleo Cuidar, Albergue Bezerra de Menezes, Abrigo&nbsp;&nbsp;S\u00e3o Francisco de Assis, Lar dos idosas ( Dr. Baldoino) FUNDESB e AGP.<\/em><u><\/u><u><\/u><\/p>\n<p class=\"m_4095586912075604226xxgmail-msonospacing\"><em><b>Liturgia<\/b><\/em><em>: Renova\u00e7\u00e3o Carism\u00e1tica Cat\u00f3lica e Grupo Bom Viver.<\/em><u><\/u><u><\/u><\/p>\n<p class=\"m_4095586912075604226xxgmail-msonospacing\"><em><b>Quermesse<\/b><\/em><em>: MECE, Pastoral do Batismo e Grupo S\u00e3o Lucas \u2013 (Barraca Espetinho-Pastoral do Dizimo)<\/em><u><\/u><u><\/u><\/p>\n<p class=\"m_4095586912075604226xxgmail-msonospacing\"><em>Oferta: Refrigerante\/\u00c1gua Mineral&nbsp;&nbsp;&nbsp;&nbsp;&nbsp;&nbsp;<\/em><u><\/u><u><\/u><\/p>\n<p class=\"m_4095586912075604226xxgmail-msonospacing\"><em>&nbsp;<\/em><u><\/u><u><\/u><\/p>\n<p class=\"m_4095586912075604226xxgmail-msonospacing\"><strong><em>4\u00aaNoite: 16.05 (Quarta-Feira), 19h<\/em><\/strong><u><\/u><u><\/u><\/p>\n<p class=\"m_4095586912075604226xxgmail-msonospacing\"><em><b>Subtema<\/b><\/em><em>: \u201cOs crist\u00e3os leigos superando divis\u00f5es&nbsp;&nbsp;e avan\u00e7ando no seguimento a Cristo, fortalecidos pela ora\u00e7\u00e3o\u201d.<\/em><u><\/u><u><\/u><\/p>\n<p class=\"m_4095586912075604226xxgmail-msonospacing\"><em><b>Convidados<\/b><\/em><em>: Par\u00f3quias: Senhora Santana (Buerarema) e Santa Maria Goretti, Pastoral Familiar (paroquial e diocesana) Profissionais da Educa\u00e7\u00e3o, NTE 05, Escolas Particulares: Galileu, Divina Provid\u00eancia&lt;AFI, Santo Ant\u00f4nio, SMURFS, Mundo da&nbsp;&nbsp;Crian\u00e7a, L\u00e1pis de Cor, Palavras M\u00e1gica ,Bem me Quer, Edith Rodrigues ,Amiguinhos da M\u00f4nica, Degraus do Saber, Bambi, Passo a Passo, Interativo, FTC, UNIME, Escolas P\u00fablicas: Margarida Pereira, Lourdes Veloso, CAIC, Col\u00e9gio Estadual Everaldo Cardoso, Am\u00e9lia Amado, Felix Mendon\u00e7a ,Col\u00e9gio Militar, UESC, UFSULBA, Sindicato dos Professores, Secretaria Municipal de Educa\u00e7\u00e3o, Conselho Municipal de Educa\u00e7\u00e3o.<\/em><u><\/u><u><\/u><\/p>\n<p class=\"m_4095586912075604226xxgmail-msonospacing\"><em><b>Quermesse<\/b><\/em><em>: M\u00fasicos, Grupo Santo Ant\u00f4nio, Grupo Bom Viver e PASCOM- (Barrada Espetinho-Pastoral do Dizimo)<\/em><u><\/u><u><\/u><\/p>\n<p class=\"m_4095586912075604226xxgmail-msonospacing\"><em><b>Oferta<\/b><\/em><em>: Refrigerante&nbsp;<\/em><u><\/u><u><\/u><\/p>\n<p class=\"m_4095586912075604226xxgmail-msonospacing\"><em>&nbsp;<\/em><u><\/u><u><\/u><\/p>\n<p class=\"m_4095586912075604226xxgmail-msonospacing\"><strong><em>5\u00aaNoite: 17.05(Quinta-Feira), 19h<\/em><\/strong><u><\/u><u><\/u><\/p>\n<p class=\"m_4095586912075604226xxgmail-msonospacing\"><em>Subtema: \u201c A&nbsp;&nbsp;autencidade crist\u00e3 dos leigos na fam\u00edlia, na comunidade eclesial e nas v\u00e1rias situa\u00e7\u00f5es do seu dia a dia\u201d.<\/em><u><\/u><u><\/u><\/p>\n<p class=\"m_4095586912075604226xxgmail-msonospacing\"><em><b>Convidados<\/b><\/em><em>: Par\u00f3quia Senhor do Bonfim, Pastoral do Dizimo, Comerciantes (lojas do comercio do s\u00e3o Caetano, Feirantes, Lojas de Material de Constru\u00e7\u00e3o)&nbsp;&nbsp;CDL, Associa\u00e7\u00e3o&nbsp;&nbsp;Comercial de Itabuna, Sindicom, Escrit\u00f3rios de Contabilidade ,Bancos, Financeiras, Motoristas, Sindicato dos Taxistas, Motoboys, Empresas de Transportes, Auto-escolas, Empresas de Turismo, Agropecuaristas, Pessoas e Comerciantes de nome Rita de C\u00e1ssia.<\/em><u><\/u><u><\/u><\/p>\n<p class=\"m_4095586912075604226xxgmail-msonospacing\"><em><b>Liturgia<\/b><\/em><em>: Grupo Santo Ant\u00f4nio e MECE<\/em><u><\/u><u><\/u><\/p>\n<p class=\"m_4095586912075604226xxgmail-msonospacing\"><em>Quermesse: Pastoral Familiar \u2013(Barraca Espetinho-Pastoral do Dizimo)<\/em><u><\/u><u><\/u><\/p>\n<p class=\"m_4095586912075604226xxgmail-msonospacing\"><em><b>Oferta<\/b><\/em><em>: Refrigerante<\/em><u><\/u><u><\/u><\/p>\n<p class=\"m_4095586912075604226xxgmail-msonospacing\"><em>&nbsp;<\/em><u><\/u><u><\/u><\/p>\n<p class=\"m_4095586912075604226xxgmail-msonospacing\"><strong><em>6\u00aa Noite: 18.05 (Sexta-Feira), 19h<\/em><\/strong><u><\/u><u><\/u><\/p>\n<p class=\"m_4095586912075604226xxgmail-msonospacing\"><em><b>Subtema:<\/b><\/em><em>&nbsp;\u201c Os crist\u00e3os leigos e a pratica da miseric\u00f3rdia, da reconcilia\u00e7\u00e3o e da fraternidade em sua miss\u00e3o de evangelizadores\u201d.<\/em><u><\/u><u><\/u><\/p>\n<p class=\"m_4095586912075604226xxgmail-msonospacing\"><em><b>Convidados<\/b><\/em><em>: Par\u00f3quia S\u00e3o Judas Tadeu, Policia Militar, Policia Rodovi\u00e1ria&nbsp;&nbsp;Estadual e Federal ,Corpo de Bombeiro, Companhia&nbsp;&nbsp;independente de Policiamento de Guarda- CIPG, Tiro de Guerra, Policia Civil, Delegacia da Mulher, Empresas de Seguran\u00e7a&nbsp;&nbsp;Particular, SESTTRAN, DETRAN, Guarda Municipal ,Poder Judici\u00e1rio, Conselho Tutelar, Vara da Inf\u00e2ncia e Juventude.<\/em><u><\/u><u><\/u><\/p>\n<p class=\"m_4095586912075604226xxgmail-msonospacing\"><em><b>Liturgia<\/b><\/em><em>: Comunidades: Santa Luzia, Nossa Senhora de Lourdes, S\u00e3o Paulo Ap\u00f3stolo, e S\u00e3o Francisco de Assis.<\/em><u><\/u><u><\/u><\/p>\n<p class=\"m_4095586912075604226xxgmail-msonospacing\"><em><b>Quermesse<\/b><\/em><em>: Legi\u00e3o de Maria&nbsp;&nbsp;e Pastoral da Catequese \u2013(Barraca Espetinho-Pastoral do Dizimo)<\/em><u><\/u><u><\/u><\/p>\n<p class=\"m_4095586912075604226xxgmail-msonospacing\"><em><b>Oferta<\/b><\/em><em>: ESP\u00c9CIE<\/em><u><\/u><u><\/u><\/p>\n<p class=\"m_4095586912075604226xxgmail-msonospacing\"><em>&nbsp;<\/em><u><\/u><u><\/u><\/p>\n<p class=\"m_4095586912075604226xxgmail-msonospacing\"><strong><em>7\u00aa Noite: 19.05(S\u00e1bado), 19h<\/em><\/strong><u><\/u><u><\/u><\/p>\n<p class=\"m_4095586912075604226xxgmail-msonospacing\"><em><b>Subtema<\/b><\/em><em>: Os crist\u00e3os leigos e o compromisso de&nbsp;&nbsp;viverem&nbsp;&nbsp;e transmitirem a comunh\u00e3o com a Trindade, forte de vida comunit\u00e1ria\u201d.&nbsp;<\/em><u><\/u><u><\/u><\/p>\n<p class=\"m_4095586912075604226xxgmail-msonospacing\"><em><b>Convidados<\/b><\/em><em>: Par\u00f3quias: Nossa Senhora da Concei\u00e7\u00e3o (Ferradas) e Par\u00f3quia Santa In\u00eas. Comunidades de vida e de Alian\u00e7a (Santa Cecilia, Rainha da Paz, Filhos de Israel)&nbsp;&nbsp;Congrega\u00e7\u00f5es Religiosas da Diocese, Di\u00e1conos&nbsp;&nbsp;da Diocese de Itabuna, Pastoral do Batismo.<\/em><u><\/u><u><\/u><\/p>\n<p class=\"m_4095586912075604226xxgmail-msonospacing\"><em><b>Liturgia:<\/b><\/em><em>&nbsp;Apostolado da Ora\u00e7\u00e3o, Grupo dos Jovens (EJC), Minist\u00e9rio Jovem e Crismandos (Barraca&nbsp;&nbsp;Espetinho -Pastoral do Dizimo)<\/em><u><\/u><u><\/u><\/p>\n<p class=\"m_4095586912075604226xxgmail-msonospacing\"><em><b>Oferta:<\/b><\/em><em>&nbsp;ESP\u00c9CIE<\/em><u><\/u><u><\/u><\/p>\n<p class=\"m_4095586912075604226xxgmail-msonospacing\"><em>&nbsp;<\/em><u><\/u><u><\/u><\/p>\n<p class=\"m_4095586912075604226xxgmail-msonospacing\"><strong><em>8\u00aa Noite: 20.05 (Domingo), 19h<\/em><\/strong><u><\/u><u><\/u><\/p>\n<p class=\"m_4095586912075604226xxgmail-msonospacing\"><em><b>Subtema<\/b><\/em><em>: \u201c Os crist\u00e3os leigos jovens e seu protagonismo na Igreja e no mundo, apoiados pelos presb\u00edteros e agentes de pastoral\u201d.<\/em><u><\/u><u><\/u><\/p>\n<p class=\"m_4095586912075604226xxgmail-msonospacing\"><em><b>Convidados<\/b><\/em><em>: Par\u00f3quias: Nossa Senhora das Vit\u00f3rias e Santa Maria Madalena, Setor juventude&nbsp;&nbsp;Diocesano, Grupos de Jovens das Par\u00f3quias e da Diocese (Coroinhas, Crisma, Restaura\u00e7\u00e3o, Jovens das Comunidades, Juventude Missionaria, Escalada, Maria Jovens, EJC).<\/em><u><\/u><u><\/u><\/p>\n<p class=\"m_4095586912075604226xxgmail-msonospacing\"><em><b>Liturgia<\/b><\/em><em>: M\u00fasicos, OFS e MECE.<\/em><u><\/u><u><\/u><\/p>\n<p class=\"m_4095586912075604226xxgmail-msonospacing\"><em><b>Quermesse<\/b><\/em><em>: Renova\u00e7\u00e3o Carism\u00e1tica&nbsp;&nbsp;Cat\u00f3lica \u2013(Barraca Espetinho \u2013Pastoral do Dizimo)<\/em><u><\/u><u><\/u><\/p>\n<p class=\"m_4095586912075604226xxgmail-msonospacing\"><em>Oferta: Refrigerante\/\u00c1gua Mineral&nbsp;<\/em><u><\/u><u><\/u><\/p>\n<p class=\"m_4095586912075604226xxgmail-msonospacing\"><em>&nbsp;<\/em><u><\/u><u><\/u><\/p>\n<p class=\"m_4095586912075604226xxgmail-msonospacing\"><strong><em>9\u00aa Noite: 21.05 (Segunda-Feira), 18h<\/em><\/strong><u><\/u><u><\/u><\/p>\n<p class=\"m_4095586912075604226xxgmail-msonospacing\"><em><b>Subtema<\/b><\/em><em>: \u201d O crist\u00e3o leigo e a determina\u00e7\u00e3o e&nbsp;&nbsp;coragem para vencer as tenta\u00e7\u00f5es na miss\u00e3o ,pela frequ\u00eancia ass\u00eddua aos Sacramentos\u201d.<\/em><u><\/u><u><\/u><\/p>\n<p class=\"m_4095586912075604226xxgmail-msonospacing\"><em><b>Convidados<\/b><\/em><em>: Par\u00f3quia Nossa Senhora de F\u00e1tima, Grupos das par\u00f3quias e da Diocese(RCC, Legi\u00e3o de Maria, Apostolado da Ora\u00e7\u00e3o. Comunidades: S\u00e3o Francisco, S\u00e3o Paulo Ap\u00f3stolo,&nbsp;&nbsp;Santa Luzia, Nossa Senhora de Lourdes, Pastoral da Crian\u00e7a, MECE, Ordem franciscana, Grupo de Pe. Pio, M\u00fasicos, Grupo Santa Ant\u00f4nio, ECC, Ter\u00e7o dos Homens, Bom Viver, Vicentino e Cursilho).<\/em><u><\/u><u><\/u><\/p>\n<p class=\"m_4095586912075604226xxgmail-msonospacing\"><em><b>Liturgia<\/b><\/em><em>: Liturgia e M\u00fasicos que acompanham o Padre Paulo Avelino<\/em><u><\/u><u><\/u><\/p>\n<p class=\"m_4095586912075604226xxgmail-msonospacing\"><em><b>Quermesse<\/b><\/em><em>: Ter\u00e7o dos homens e todas as Pastorais- (Barraca&nbsp;&nbsp;Espetinho \u2013 Pastoral do Dizimo)<\/em><u><\/u><u><\/u><\/p>\n<p class=\"m_4095586912075604226xxgmail-msonospacing\"><em>Oferta: ESP\u00c9CIE<\/em><u><\/u><u><\/u><\/p>\n<p class=\"m_4095586912075604226xxgmail-msonospacing\" align=\"center\"><em><b>&nbsp;<\/b><\/em><u><\/u><u><\/u><\/p>\n<p class=\"m_4095586912075604226xxgmail-msonospacing\"><em><b>Dia 22 (Ter\u00e7a-Feira)-Dia Festivo<\/b><\/em><u><\/u><u><\/u><\/p>\n<p class=\"m_4095586912075604226xxgmail-msonospacing\"><em>Solenidade de Santa Rita de C\u00e1ssia<\/em><u><\/u><u><\/u><\/p>\n<p class=\"m_4095586912075604226xxgmail-msonospacing\"><em>05h- Alvorada<\/em><u><\/u><u><\/u><\/p>\n<p class=\"m_4095586912075604226xxgmail-msonospacing\"><em>19h- Missa solene seguida de prociss\u00e3o<\/em><u><\/u><u><\/u><\/p>\n<p class=\"m_4095586912075604226xxgmail-msonospacing\"><em><b>Liturgia:&nbsp;<\/b><\/em><em>Pastoral Lit\u00fargica<\/em><u><\/u><u><\/u><\/p>\n<p class=\"m_4095586912075604226xxgmail-msonospacing\"><em>Quermesse: Todas as Pastorais, grupos, movimentos e comunidades<\/em><u><\/u><u><\/u><\/p>\n<p class=\"m_4095586912075604226xxgmail-msonospacing\"><em>&nbsp;<\/em><u><\/u><u><\/u><\/p>\n<p class=\"m_4095586912075604226xxgmail-msonospacing\"><em>&nbsp;<\/em><em><b>TRANSMISS\u00c3O AO VIVO DO NOVEN\u00c1RIO&nbsp; &nbsp;<\/b><\/em><u><\/u><u><\/u><\/p>\n<p class=\"m_4095586912075604226xxgmail-m-4886520271289424688xmsonormal\"><em>&nbsp;O Portal Cat\u00f3lico Web R\u00e1dio estar\u00e1 transmitindo em tempo real, todas as noites, via internet, o Noven\u00e1rio e festa da padroeira Santa Rita de C\u00e1ssia. Para ter acesso&nbsp; \u00e0 transmiss\u00e3o ao vivo, baixe nosso aplicativo no playstore:&nbsp;<\/em><a id=\"m_4095586912075604226LPlnk33740\" class=\"m_4095586912075604226OWAAutoLink\" href=\"https:\/\/play.google.com\/store\/apps\/details?id=com.shoutcast.stm.portalcatolico\" target=\"_blank\" rel=\"noopener\" data-saferedirecturl=\"https:\/\/www.google.com\/url?hl=pt-BR&amp;q=https:\/\/play.google.com\/store\/apps\/details?id%3Dcom.shoutcast.stm.portalcatolico&amp;source=gmail&amp;ust=1526398560184000&amp;usg=AFQjCNEFF-wi-WVOi0Tb_perOyjWTZ7iAw\"><em>https:\/\/play.<wbr>google.com\/store\/apps\/details?<wbr>id=com.shoutcast.stm.<wbr>portalcatolico<\/em><\/a><\/p>\n<div id=\"m_4095586912075604226LPBorder_GT_15263117509130.8362797967935236\">&nbsp;<\/div>\n","protected":false},"excerpt":{"rendered":"<p>A Par\u00f3quia Santa Rita de C\u00e1ssia em Itabuna (BA) est\u00e1 em festa, celebrando a Noven\u00e1rio em homenagem a Santa Rita desde a \u00faltima quinta-feira, 10 de maio e segue at\u00e9 o dia 22, com&nbsp;&nbsp;missa,ora\u00e7\u00e3o,shows todas as noites,quermesse entre outros momentos de evangeliza\u00e7\u00e3o. &nbsp;O tema central da festa deste ano nacional do laicato \u00e9: \u201cSanta Rita&nbsp;<\/p>\n<p><a class=\"btn btn-style\" href=\"http:\/\/portalcatolico.net\/portal\/confira-a-programacao-do-novenario-e-festa-de-santa-rita-de-cassia-em-itabuna\/\">Continue Reading<\/a><\/p>\n","protected":false},"author":2,"featured_media":55362,"comment_status":"open","ping_status":"open","sticky":false,"template":"","format":"standard","meta":{"footnotes":""},"categories":[1],"tags":[],"class_list":["post-55356","post","type-post","status-publish","format-standard","has-post-thumbnail","hentry","category-agenda"],"_links":{"self":[{"href":"http:\/\/portalcatolico.net\/portal\/wp-json\/wp\/v2\/posts\/55356","targetHints":{"allow":["GET"]}}],"collection":[{"href":"http:\/\/portalcatolico.net\/portal\/wp-json\/wp\/v2\/posts"}],"about":[{"href":"http:\/\/portalcatolico.net\/portal\/wp-json\/wp\/v2\/types\/post"}],"author":[{"embeddable":true,"href":"http:\/\/portalcatolico.net\/portal\/wp-json\/wp\/v2\/users\/2"}],"replies":[{"embeddable":true,"href":"http:\/\/portalcatolico.net\/portal\/wp-json\/wp\/v2\/comments?post=55356"}],"version-history":[{"count":2,"href":"http:\/\/portalcatolico.net\/portal\/wp-json\/wp\/v2\/posts\/55356\/revisions"}],"predecessor-version":[{"id":55359,"href":"http:\/\/portalcatolico.net\/portal\/wp-json\/wp\/v2\/posts\/55356\/revisions\/55359"}],"wp:featuredmedia":[{"embeddable":true,"href":"http:\/\/portalcatolico.net\/portal\/wp-json\/wp\/v2\/media\/55362"}],"wp:attachment":[{"href":"http:\/\/portalcatolico.net\/portal\/wp-json\/wp\/v2\/media?parent=55356"}],"wp:term":[{"taxonomy":"category","embeddable":true,"href":"http:\/\/portalcatolico.net\/portal\/wp-json\/wp\/v2\/categories?post=55356"},{"taxonomy":"post_tag","embeddable":true,"href":"http:\/\/portalcatolico.net\/portal\/wp-json\/wp\/v2\/tags?post=55356"}],"curies":[{"name":"wp","href":"https:\/\/api.w.org\/{rel}","templated":true}]}}