{"id":55352,"date":"2018-05-17T06:30:17","date_gmt":"2018-05-17T09:30:17","guid":{"rendered":"http:\/\/portalcatolico.net\/portal\/?p=55352"},"modified":"2018-05-17T06:30:28","modified_gmt":"2018-05-17T09:30:28","slug":"papa-francisco-nomeia-bispo-para-a-diocese-de-registro-em-sao-paulo","status":"publish","type":"post","link":"http:\/\/portalcatolico.net\/portal\/papa-francisco-nomeia-bispo-para-a-diocese-de-registro-em-sao-paulo\/","title":{"rendered":"Papa Francisco nomeia bispo para a diocese de Registro, em S\u00e3o Paulo"},"content":{"rendered":"<p>A Nunciatura Apost\u00f3lica no Brasil comunicou nesta quarta-feira, 16, a decis\u00e3o do papa Francisco em acolher o pedido de ren\u00fancia do bispo de Registro, no Estado de S\u00e3o Paulo, dom Jos\u00e9 Luiz Bertanha, por motivo de idade. Na ocasi\u00e3o, nomeou bispo da respectiva diocese o padre Manoel Ferreira dos Santos Junior, atual reitor e p\u00e1roco do Santu\u00e1rio Nossa Senhora Aparecida do Sul, da diocese de Itapetininga.<\/p>\n<p><strong>Biografia<\/strong><\/p>\n<div id=\"attachment_192035\" class=\"wp-caption alignright\">\n<p><img loading=\"lazy\" decoding=\"async\" class=\"wp-image-192035 size-medium\" src=\"http:\/\/www.cnbb.org.br\/wp-content\/uploads\/sites\/32\/2018\/05\/pe.-manoel-1-225x300.jpg\" srcset=\"http:\/\/www.cnbb.org.br\/wp-content\/uploads\/sites\/32\/2018\/05\/pe.-manoel-1-225x300.jpg 225w, http:\/\/www.cnbb.org.br\/wp-content\/uploads\/sites\/32\/2018\/05\/pe.-manoel-1.jpg 500w\" alt=\"\" width=\"225\" height=\"300\"><\/p>\n<p class=\"wp-caption-text\">Padre Manoel Ferreira dos Santos Junior<\/p>\n<\/div>\n<p>Nascido em Morro do Alto, no munic\u00edpio de Itapetininga (SP), padre Manoel Ferreira dos Santos Junior cursou licenciatura em Filosofia na Universidade de S\u00e3o Francisco, em S\u00e3o Paulo e Teologia na Pontif\u00edcia Faculdade de Teologia Nossa Senhora da Assun\u00e7\u00e3o, no mesmo Estado. Fez especializa\u00e7\u00e3o em teologia pastoral.<\/p>\n<p>Ordenado em janeiro de 1995, padre Manoel exerceu em seu minist\u00e9rio sacerdotal as fun\u00e7\u00f5es de reitor do Semin\u00e1rio de Filosofia e Teologia e S\u00f3cio do Noviciado dos Mission\u00e1rios do Sagrado Cora\u00e7\u00e3o. Foi p\u00e1roco em diversas par\u00f3quias, al\u00e9m de eleito para o Conselho Provincial, em 2002 e escolhido como vice-provincial em 2006.<\/p>\n<p>Padre Manoel tamb\u00e9m foi agente da Pastoral Carcer\u00e1ria no antigo Carandiru. Trabalhou com comunidades de recupera\u00e7\u00e3o de drogados, com as mulheres marginalizadas da Esta\u00e7\u00e3o da Luz em S\u00e3o Paulo e com a Pastoral dos moradores de Rua.&nbsp;Em 2011 foi eleito Superior Provincial da Prov\u00edncia de S\u00e3o Paulo, e em 2014 foi reeleito Superior Provincial. J\u00e1 em 2017 foi nomeado p\u00e1roco e reitor do Santu\u00e1rio de Nossa Senhora Aparecida do Sul, em Itapetininga (SP), onde est\u00e1 trabalhando at\u00e9 hoje.<\/p>\n<p><strong>Sauda\u00e7\u00e3o<\/strong><\/p>\n<p>A Confer\u00eancia Nacional dos Bispos do Brasil enviou nota de sauda\u00e7\u00e3o ao novo membro do episcopado. O texto \u00e9 assinado pelo secret\u00e1rio-geral da entidade, dom Leonardo Steiner. Confira, abaixo, na \u00edntegra:<\/p>\n<p><strong>Sauda\u00e7\u00e3o da CNBB ao P. Manoel Ferreira dos Santos J\u00fanior<\/strong><\/p>\n<p>&nbsp;<\/p>\n<p>Bras\u00edlia, 16 de maio de 2018<\/p>\n<p>Prezado P. Manoel Ferreira dos Santos J\u00fanior.<\/p>\n<p><em>A Confer\u00eancia Nacional dos Bispos do Brasil (CNBB) acolhe sua nomea\u00e7\u00e3o como bispo da diocese de Registro (SP). E manifestamos a alegria e gratid\u00e3o do episcopado brasileiro diante do gesto do Papa Francisco que zela de nossas comunidades enviando pastores para as Igrejas Particulares em nosso Pa\u00eds.<\/em><\/p>\n<p><em>Mission\u00e1rio do Sagrado Cora\u00e7\u00e3o, o senhor fez um percurso de forma\u00e7\u00e3o teol\u00f3gica e de a\u00e7\u00e3o pastoral que inspira um minist\u00e9rio episcopal com muitos frutos. Sua experi\u00eancia no governo de sua Congrega\u00e7\u00e3o Religiosa tamb\u00e9m o preparou para as fun\u00e7\u00f5es que dever\u00e1 realizar na miss\u00e3o que ora lhe \u00e9 confiada pela Igreja.<\/em><\/p>\n<p><em>Como sinal de boas-vindas, trazemos as palavras do Papa Francisco aos bispos italianos, em maio de 2014: \u201cAmai as pessoas e as comunidades com uma dedica\u00e7\u00e3o generosa e total: elas s\u00e3o os vossos membros! Escutai o rebanho. Confiai no seu sentido de f\u00e9 e de Igreja, que se manifesta tamb\u00e9m sob numerosas formas de piedade popular. Tende confian\u00e7a no santo povo de Deus que tem a for\u00e7a para reconhecer os caminhos retos. Acompanhai com magnanimidade o crescimento da corresponsabilidade laical; reconhecei espa\u00e7os de pensamento, de proje\u00e7\u00e3o e de a\u00e7\u00e3o nas mulheres e nos jovens: com as suas intui\u00e7\u00f5es e a sua ajuda sereis capazes de n\u00e3o vos demorardes ainda com uma pastoral de conserva\u00e7\u00e3o \u2014 efetivamente gen\u00e9rica, dispersiva, fragmentada e pouco influente \u2014 assumindo, ao contr\u00e1rio, uma pastoral que se concentre no essencial. Como resume, com a profundidade dos simples, Santa Teresa do Menino Jesus: \u2018Am\u00e1-lo e lev\u00e1-lo a ser amado\u2019\u201d.<\/em><\/p>\n<p><em>Por meio da pessoa do senhor, enviamos tamb\u00e9m nossa mensagem de reconhecimento e de gratid\u00e3o pelo trabalho realizado a dom Jos\u00e9 Luiz Bertanha. Uma express\u00e3o retirada do Evangelho segundo Lucas tornou-se seu lema episcopal forte e luminoso: \u201cLancem as redes\u201d (Lc 5,4). Esta \u00e9 ainda uma express\u00e3o que tamb\u00e9m resume seu minist\u00e9rio realizado com todo ardor. Desejamos sa\u00fade e serenidade em sua emeritude!<\/em><\/p>\n<p><em>Em Cristo,<\/em><\/p>\n<p>&nbsp;<\/p>\n<p><strong>Dom Leonardo Ulrich Steiner<br \/>\n<\/strong>Bispo Auxiliar de Bras\u00edlia<br \/>\nSecret\u00e1rio-geral da CNBB<\/p>\n<p>Fonte:CNBB<\/p>\n","protected":false},"excerpt":{"rendered":"<p>A Nunciatura Apost\u00f3lica no Brasil comunicou nesta quarta-feira, 16, a decis\u00e3o do papa Francisco em acolher o pedido de ren\u00fancia do bispo de Registro, no Estado de S\u00e3o Paulo, dom Jos\u00e9 Luiz Bertanha, por motivo de idade. Na ocasi\u00e3o, nomeou bispo da respectiva diocese o padre Manoel Ferreira dos Santos Junior, atual reitor e p\u00e1roco&nbsp;<\/p>\n<p><a class=\"btn btn-style\" href=\"http:\/\/portalcatolico.net\/portal\/papa-francisco-nomeia-bispo-para-a-diocese-de-registro-em-sao-paulo\/\">Continue Reading<\/a><\/p>\n","protected":false},"author":2,"featured_media":55353,"comment_status":"open","ping_status":"open","sticky":false,"template":"","format":"standard","meta":{"footnotes":""},"categories":[3],"tags":[],"class_list":["post-55352","post","type-post","status-publish","format-standard","has-post-thumbnail","hentry","category-noticias_regionais"],"_links":{"self":[{"href":"http:\/\/portalcatolico.net\/portal\/wp-json\/wp\/v2\/posts\/55352","targetHints":{"allow":["GET"]}}],"collection":[{"href":"http:\/\/portalcatolico.net\/portal\/wp-json\/wp\/v2\/posts"}],"about":[{"href":"http:\/\/portalcatolico.net\/portal\/wp-json\/wp\/v2\/types\/post"}],"author":[{"embeddable":true,"href":"http:\/\/portalcatolico.net\/portal\/wp-json\/wp\/v2\/users\/2"}],"replies":[{"embeddable":true,"href":"http:\/\/portalcatolico.net\/portal\/wp-json\/wp\/v2\/comments?post=55352"}],"version-history":[{"count":2,"href":"http:\/\/portalcatolico.net\/portal\/wp-json\/wp\/v2\/posts\/55352\/revisions"}],"predecessor-version":[{"id":55355,"href":"http:\/\/portalcatolico.net\/portal\/wp-json\/wp\/v2\/posts\/55352\/revisions\/55355"}],"wp:featuredmedia":[{"embeddable":true,"href":"http:\/\/portalcatolico.net\/portal\/wp-json\/wp\/v2\/media\/55353"}],"wp:attachment":[{"href":"http:\/\/portalcatolico.net\/portal\/wp-json\/wp\/v2\/media?parent=55352"}],"wp:term":[{"taxonomy":"category","embeddable":true,"href":"http:\/\/portalcatolico.net\/portal\/wp-json\/wp\/v2\/categories?post=55352"},{"taxonomy":"post_tag","embeddable":true,"href":"http:\/\/portalcatolico.net\/portal\/wp-json\/wp\/v2\/tags?post=55352"}],"curies":[{"name":"wp","href":"https:\/\/api.w.org\/{rel}","templated":true}]}}