{"id":55346,"date":"2018-05-17T06:23:45","date_gmt":"2018-05-17T09:23:45","guid":{"rendered":"http:\/\/portalcatolico.net\/portal\/?p=55346"},"modified":"2018-05-17T06:25:22","modified_gmt":"2018-05-17T09:25:22","slug":"aparecida-sp-acolhe-8o-simposio-e-10a-peregrinacao-nacional-da-familia","status":"publish","type":"post","link":"http:\/\/portalcatolico.net\/portal\/aparecida-sp-acolhe-8o-simposio-e-10a-peregrinacao-nacional-da-familia\/","title":{"rendered":"Aparecida (SP) acolhe 8\u00ba Simp\u00f3sio e 10\u00aa Peregrina\u00e7\u00e3o Nacional da Fam\u00edlia"},"content":{"rendered":"<p>Fam\u00edlias de todo o Brasil v\u00e3o estar reunidas em Aparecida (SP), entre os dias 26 e 27 de maio, para o 8\u00ba Simp\u00f3sio e 10\u00aa Peregrina\u00e7\u00e3o Nacional da Fam\u00edlia. &nbsp;Com o tema \u201cO Evangelho da fam\u00edlia, alegria para o mundo!\u201d, os eventos s\u00e3o organizados pela Comiss\u00e3o Episcopal Pastoral para a Vida e a Fam\u00edlia da CNBB (CEPVF) e Comiss\u00e3o Nacional da Pastoral Familiar (CNPF) e v\u00e3o trabalhar a mesma tem\u00e1tica do IX Encontro Mundial das Fam\u00edlias com o papa Francisco, que acontece em agosto, na Irlanda.<\/p>\n<p><em>\u201cEsse simp\u00f3sio \u00e9 muito importante para a vida da Igreja, pois proporciona o encontro de fam\u00edlias do Brasil inteiro numa ocasi\u00e3o de alegre escuta da Palavra de Deus e da vontade divina para nossas vidas,<\/em>&nbsp;diz bispo de Osasco (SP) e presidente da Comiss\u00e3o Episcopal Pastoral para a Vida e a Fam\u00edlia da CNBB, dom Jo\u00e3o Bosco Barbosa Sousa.<\/p>\n<p>Nesse encontro, as fam\u00edlias s\u00e3o convidadas a refletir sua miss\u00e3o de testemunhar e transmitir a vida que <img loading=\"lazy\" decoding=\"async\" class=\"size-medium wp-image-55349 alignright\" src=\"http:\/\/portalcatolico.net\/portal\/wp-content\/uploads\/2018\/05\/dom-bosco-osasco-Foto_Allan-Ribeiro-JS-300x200-300x200.jpg\" alt=\"Dom Bosco. Foto: Allan Ribeiro\/JS\" width=\"300\" height=\"200\">receberam do Cristo Ressuscitado, como verdadeiro dom. Ser\u00e1 um momento estarem juntos, unidos, perseverantes como Igreja Peregrina rumo ao C\u00e9u.<\/p>\n<p>Segundo dom Jo\u00e3o Bosco, o Simp\u00f3sio vai voltar o olhar para o Encontro Mundial, de modo a nos fazer \u201cum\u201d com toda a Igreja.&nbsp;<em>\u201c\u00c9 uma forma de estarmos todos presentes, aqueles que estar\u00e3o com o papa j\u00e1 podem preparar os seus cora\u00e7\u00f5es e aqueles que n\u00e3o podem ir se fazem presentes espiritualmente nesse momento de gra\u00e7a\u201d, acrescentou<\/em><\/p>\n<p>Essa uni\u00e3o se d\u00e1 sobretudo na ora\u00e7\u00e3o e na Eucaristia, tornando o apostolado fecundo e enchendo os cora\u00e7\u00f5es daqueles que participam de esperan\u00e7a.<\/p>\n<p>\u201cAcolhemos especialmente as jovens fam\u00edlias, no intuito de incentiv\u00e1-las na vida e na pr\u00e1tica do amor. Buscamos infundir no seio de cada fam\u00edlia, igreja dom\u00e9stica, o Evangelho de nosso Salvador, para que elas possam enfrentar com coragem as dificuldades do mundo atual e possam levar a bom termo a pr\u00f3pria voca\u00e7\u00e3o de ser \u201csal da terra e luz do mundo\u201d (MT 5, 13.14)\u201d, finaliza dom Bosco.<\/p>\n<p>Desde 2009, sempre no \u00faltimo final de semana do m\u00eas de maio a Peregrina\u00e7\u00e3o Nacional da Fam\u00edlia \u00e9 realizada. J\u00e1 em 2011, o Simp\u00f3sio foi iniciado com a miss\u00e3o de ser um espa\u00e7o de forma\u00e7\u00e3o para as fam\u00edlias, sendo realizado paralelamente \u00e0 Peregrina\u00e7\u00e3o.(CNBB)<\/p>\n<div class=\"article-main-next-prev\">\n<div class=\"paragraph-row\">\n<div class=\"column6\">&nbsp;<\/div>\n<\/div>\n<\/div>\n","protected":false},"excerpt":{"rendered":"<p>Fam\u00edlias de todo o Brasil v\u00e3o estar reunidas em Aparecida (SP), entre os dias 26 e 27 de maio, para o 8\u00ba Simp\u00f3sio e 10\u00aa Peregrina\u00e7\u00e3o Nacional da Fam\u00edlia. &nbsp;Com o tema \u201cO Evangelho da fam\u00edlia, alegria para o mundo!\u201d, os eventos s\u00e3o organizados pela Comiss\u00e3o Episcopal Pastoral para a Vida e a Fam\u00edlia da&nbsp;<\/p>\n<p><a class=\"btn btn-style\" href=\"http:\/\/portalcatolico.net\/portal\/aparecida-sp-acolhe-8o-simposio-e-10a-peregrinacao-nacional-da-familia\/\">Continue Reading<\/a><\/p>\n","protected":false},"author":2,"featured_media":55347,"comment_status":"open","ping_status":"open","sticky":false,"template":"","format":"standard","meta":{"footnotes":""},"categories":[1],"tags":[],"class_list":["post-55346","post","type-post","status-publish","format-standard","has-post-thumbnail","hentry","category-agenda"],"_links":{"self":[{"href":"http:\/\/portalcatolico.net\/portal\/wp-json\/wp\/v2\/posts\/55346","targetHints":{"allow":["GET"]}}],"collection":[{"href":"http:\/\/portalcatolico.net\/portal\/wp-json\/wp\/v2\/posts"}],"about":[{"href":"http:\/\/portalcatolico.net\/portal\/wp-json\/wp\/v2\/types\/post"}],"author":[{"embeddable":true,"href":"http:\/\/portalcatolico.net\/portal\/wp-json\/wp\/v2\/users\/2"}],"replies":[{"embeddable":true,"href":"http:\/\/portalcatolico.net\/portal\/wp-json\/wp\/v2\/comments?post=55346"}],"version-history":[{"count":3,"href":"http:\/\/portalcatolico.net\/portal\/wp-json\/wp\/v2\/posts\/55346\/revisions"}],"predecessor-version":[{"id":55351,"href":"http:\/\/portalcatolico.net\/portal\/wp-json\/wp\/v2\/posts\/55346\/revisions\/55351"}],"wp:featuredmedia":[{"embeddable":true,"href":"http:\/\/portalcatolico.net\/portal\/wp-json\/wp\/v2\/media\/55347"}],"wp:attachment":[{"href":"http:\/\/portalcatolico.net\/portal\/wp-json\/wp\/v2\/media?parent=55346"}],"wp:term":[{"taxonomy":"category","embeddable":true,"href":"http:\/\/portalcatolico.net\/portal\/wp-json\/wp\/v2\/categories?post=55346"},{"taxonomy":"post_tag","embeddable":true,"href":"http:\/\/portalcatolico.net\/portal\/wp-json\/wp\/v2\/tags?post=55346"}],"curies":[{"name":"wp","href":"https:\/\/api.w.org\/{rel}","templated":true}]}}