{"id":55343,"date":"2018-05-15T23:11:01","date_gmt":"2018-05-16T02:11:01","guid":{"rendered":"http:\/\/portalcatolico.net\/portal\/?p=55343"},"modified":"2018-05-16T18:11:52","modified_gmt":"2018-05-16T21:11:52","slug":"confira-como-foi-a-terceira-noite-do-novenario-de-santa-rita-em-itabuna","status":"publish","type":"post","link":"http:\/\/portalcatolico.net\/portal\/confira-como-foi-a-terceira-noite-do-novenario-de-santa-rita-em-itabuna\/","title":{"rendered":"Confira como foi a terceira noite do Noven\u00e1rio de Santa Rita em Itabuna"},"content":{"rendered":"<p class=\"m_382039240302989453xgmail-msonospacing\"><em>A 3\u00aa Noite&nbsp;<\/em><em>do Noven\u00e1rio em honra \u00e0 Santa Rita de C\u00e1ssia em Itabuna (BA), aconteceu nesta ter\u00e7a-feira (15), sob a&nbsp;&nbsp;presid\u00eancia&nbsp;<\/em><em>do Ministro Provincial dos Capuchinhos da Bahia e Sergipe, o Frei Liomar Pereira da Silva. Na oportunidade, ele refletiu sobre o subtema da noite que foi: \u201c O protagonista dos crist\u00e3os leigos nas Comunidades Eclesiais de Base, sob a luz do Evangelho\u201d. No serm\u00e3o, ele disse: \u201cbasta olharmos para o interior dese lar sagrado, que logo nos remetem a uma experi\u00eancia com Deus e do Santo Evangelho (&#8230;)&#8221;.<u><\/u><u><\/u><\/em><\/p>\n<p class=\"m_382039240302989453xgmail-msonospacing\"><em>A celebra\u00e7\u00e3o teve in\u00edcio \u00e0s<\/em><em>&nbsp;19h e foi concelebrada pelos Frades&nbsp;&nbsp;Capuchinhos da Igreja matriz de Santa Rita de C\u00e1ssia e da Arquidiocese de Vit\u00f3ria da Conquista, al\u00e9m dos Frades Servitanos da Par\u00f3quia Nossa Senhora da Piedade de Itabuna e do Di\u00e1cono Jos\u00e9 Ara\u00fajo e Frei Renato Fazi (Diocese de Itabuna).<\/em><u><\/u><u><\/u><\/p>\n<p class=\"m_382039240302989453xgmail-msonospacing\"><em>Os Convidados da terceira noite foram:&nbsp;Par\u00f3quia Nossa senhora da Piedade e Santo Ant\u00f4nio, Pastoral da Sa\u00fade, Profissionais da Sa\u00fade (m\u00e9dicos, enfermeiros&nbsp;&nbsp;e t\u00e9cnicos&nbsp;&nbsp;de enfermagem), SAMU, Laborat\u00f3rios, Cl\u00ednicas M\u00e9dicas, Postos de Sa\u00fade, CEMEPI, Hospital Manoel&nbsp;&nbsp;Novaes, Hospital S\u00e3o Lucas, Hospital Calixto Midlej Filho, Hospital de Base, Hospital de Olhos Beira Rio, DayHORC, ONCOSUL, COTEF,APAE,GACC,GAPO Grupo Se Toque, N\u00facleo Cuidar, Albergue Bezerra de Menezes, Abrigo&nbsp;&nbsp;S\u00e3o Francisco de Assis, Lar dos idosos ( Dr. Baldo\u00edno), FUNDESB e AGP.<\/em><u><\/u><u><\/u><\/p>\n<p class=\"m_382039240302989453xgmail-msonospacing\"><em>A Liturgia ficou sob a responsabilidade da Renova\u00e7\u00e3o Carism\u00e1tica Cat\u00f3lica (RCC) e Grupo Bom Viver.<\/em><em>&nbsp;<\/em><em>&nbsp;<u><\/u><u><\/u><\/em><\/p>\n<p class=\"m_382039240302989453xgmail-msonospacing\"><em>A anima\u00e7\u00e3o da ficou por conta da Banda Cacau com Leite<\/em><\/p>\n","protected":false},"excerpt":{"rendered":"<p>A 3\u00aa Noite&nbsp;do Noven\u00e1rio em honra \u00e0 Santa Rita de C\u00e1ssia em Itabuna (BA), aconteceu nesta ter\u00e7a-feira (15), sob a&nbsp;&nbsp;presid\u00eancia&nbsp;do Ministro Provincial dos Capuchinhos da Bahia e Sergipe, o Frei Liomar Pereira da Silva. Na oportunidade, ele refletiu sobre o subtema da noite que foi: \u201c O protagonista dos crist\u00e3os leigos nas Comunidades Eclesiais de&nbsp;<\/p>\n<p><a class=\"btn btn-style\" href=\"http:\/\/portalcatolico.net\/portal\/confira-como-foi-a-terceira-noite-do-novenario-de-santa-rita-em-itabuna\/\">Continue Reading<\/a><\/p>\n","protected":false},"author":2,"featured_media":55344,"comment_status":"open","ping_status":"open","sticky":false,"template":"","format":"standard","meta":{"footnotes":""},"categories":[68],"tags":[],"class_list":["post-55343","post","type-post","status-publish","format-standard","has-post-thumbnail","hentry","category-homilias"],"_links":{"self":[{"href":"http:\/\/portalcatolico.net\/portal\/wp-json\/wp\/v2\/posts\/55343","targetHints":{"allow":["GET"]}}],"collection":[{"href":"http:\/\/portalcatolico.net\/portal\/wp-json\/wp\/v2\/posts"}],"about":[{"href":"http:\/\/portalcatolico.net\/portal\/wp-json\/wp\/v2\/types\/post"}],"author":[{"embeddable":true,"href":"http:\/\/portalcatolico.net\/portal\/wp-json\/wp\/v2\/users\/2"}],"replies":[{"embeddable":true,"href":"http:\/\/portalcatolico.net\/portal\/wp-json\/wp\/v2\/comments?post=55343"}],"version-history":[{"count":1,"href":"http:\/\/portalcatolico.net\/portal\/wp-json\/wp\/v2\/posts\/55343\/revisions"}],"predecessor-version":[{"id":55345,"href":"http:\/\/portalcatolico.net\/portal\/wp-json\/wp\/v2\/posts\/55343\/revisions\/55345"}],"wp:featuredmedia":[{"embeddable":true,"href":"http:\/\/portalcatolico.net\/portal\/wp-json\/wp\/v2\/media\/55344"}],"wp:attachment":[{"href":"http:\/\/portalcatolico.net\/portal\/wp-json\/wp\/v2\/media?parent=55343"}],"wp:term":[{"taxonomy":"category","embeddable":true,"href":"http:\/\/portalcatolico.net\/portal\/wp-json\/wp\/v2\/categories?post=55343"},{"taxonomy":"post_tag","embeddable":true,"href":"http:\/\/portalcatolico.net\/portal\/wp-json\/wp\/v2\/tags?post=55343"}],"curies":[{"name":"wp","href":"https:\/\/api.w.org\/{rel}","templated":true}]}}