{"id":55335,"date":"2018-06-14T00:18:58","date_gmt":"2018-06-14T03:18:58","guid":{"rendered":"http:\/\/portalcatolico.net\/portal\/?p=55335"},"modified":"2018-06-13T21:54:17","modified_gmt":"2018-06-14T00:54:17","slug":"paroquia-realiza-ii-bingo-show-beneficente-em-itajuipe-participe","status":"publish","type":"post","link":"http:\/\/portalcatolico.net\/portal\/paroquia-realiza-ii-bingo-show-beneficente-em-itajuipe-participe\/","title":{"rendered":"Par\u00f3quia realiza II Bingo Show Beneficente em  Itaju\u00edpe. Participe!"},"content":{"rendered":"<p class=\"m_3063059191744601690xgmail-msonospacing\"><em>A Par\u00f3quia Sagrado Cora\u00e7\u00e3o de Jesus na cidade de Itaju\u00edpe, que comp\u00f5e a Diocese de Ilh\u00e9us, vai realizar no dia 16 de junho, o II Bingo Show Beneficente em prol da reforma da&nbsp;&nbsp;Igreja&nbsp;&nbsp;matriz, com o in\u00edcio do sorteio \u00e0s 18h. A cartela custa apenas R$ 20,00.<u><\/u><u><\/u><\/em><\/p>\n<p class=\"m_3063059191744601690xgmail-msonospacing\"><em>Os interessados podem comprar as cartelas que j\u00e1 se encontram \u00e0 venda na secretaria da Igreja, ou com os membros de grupos e pastorais, al\u00e9m de pessoas da comunidade cat\u00f3lica.<u><\/u><u><\/u><\/em><\/p>\n<p class=\"m_3063059191744601690xgmail-msonospacing\"><em>O padre&nbsp;&nbsp;respons\u00e1vel pela evangeliza\u00e7\u00e3o da par\u00f3quia em Itaju\u00edpe, Edson Hage, tem realizado v\u00e1rias&nbsp;&nbsp;campanhas para&nbsp;&nbsp;a revitaliza\u00e7\u00e3o do patrim\u00f4nio da cidade, como a reforma&nbsp;&nbsp;da Torre&nbsp;&nbsp;do Rel\u00f3gio&nbsp;que \u00e9 um s\u00edmbolo \u00edmpar e que comp\u00f5e uma das paisagens mais bonitas da regi\u00e3o do sul da Bahia.<u><\/u><u><\/u><\/em><\/p>\n<p class=\"m_3063059191744601690xgmail-msonospacing\"><em>Na compra do ingresso do Bingo voc\u00ea pode ajudar para que obras como esta, sejam realizadas. E al\u00e9m disso, ainda vai concorrer a 1 Smartphone,&nbsp;&nbsp;1 Notebook, 1 Smart&nbsp;&nbsp;TV de 53 polegadas&nbsp;&nbsp;e a 1 Toyota Etos 0 Km. Voc\u00ea vai conferir aqui, o resultado deste sorteio.<\/em><i><u><\/u><u><\/u><\/i><\/p>\n<p class=\"m_3063059191744601690xgmail-msonospacing\"><em>O evento vai contar ainda com o show especial da Banda Adora\u00e7\u00e3o e Vida.<\/em><i><u><\/u><u><\/u><\/i><\/p>\n<p class=\"m_3063059191744601690xgmail-msonospacing\"><em>Para maiores informa\u00e7\u00f5es, entre em contato pelo telefone da secretaria da par\u00f3quia: (73) 3238-1744.<\/em><i><u><\/u><u><\/u><\/i><\/p>\n<p>Texto:Reda\u00e7\u00e3o\/Portal Cat\u00f3lico<\/p>\n<p><img loading=\"lazy\" decoding=\"async\" class=\"alignnone size-medium wp-image-55337\" src=\"http:\/\/portalcatolico.net\/portal\/wp-content\/uploads\/2018\/05\/31131425_690164364440971_7652172660952006656_n-300x300.jpg\" alt=\"\" width=\"300\" height=\"300\" srcset=\"http:\/\/portalcatolico.net\/portal\/wp-content\/uploads\/2018\/05\/31131425_690164364440971_7652172660952006656_n-300x300.jpg 300w, http:\/\/portalcatolico.net\/portal\/wp-content\/uploads\/2018\/05\/31131425_690164364440971_7652172660952006656_n-150x150.jpg 150w, http:\/\/portalcatolico.net\/portal\/wp-content\/uploads\/2018\/05\/31131425_690164364440971_7652172660952006656_n-768x768.jpg 768w, http:\/\/portalcatolico.net\/portal\/wp-content\/uploads\/2018\/05\/31131425_690164364440971_7652172660952006656_n.jpg 960w\" sizes=\"auto, (max-width: 300px) 100vw, 300px\" \/> <img loading=\"lazy\" decoding=\"async\" class=\"alignnone size-medium wp-image-55338\" src=\"http:\/\/portalcatolico.net\/portal\/wp-content\/uploads\/2018\/05\/31154070_690164077774333_439962272115195904_n-300x300.jpg\" alt=\"\" width=\"300\" height=\"300\" srcset=\"http:\/\/portalcatolico.net\/portal\/wp-content\/uploads\/2018\/05\/31154070_690164077774333_439962272115195904_n-300x300.jpg 300w, http:\/\/portalcatolico.net\/portal\/wp-content\/uploads\/2018\/05\/31154070_690164077774333_439962272115195904_n-150x150.jpg 150w, http:\/\/portalcatolico.net\/portal\/wp-content\/uploads\/2018\/05\/31154070_690164077774333_439962272115195904_n-768x768.jpg 768w, http:\/\/portalcatolico.net\/portal\/wp-content\/uploads\/2018\/05\/31154070_690164077774333_439962272115195904_n.jpg 960w\" sizes=\"auto, (max-width: 300px) 100vw, 300px\" \/> <img loading=\"lazy\" decoding=\"async\" class=\"alignnone size-medium wp-image-55339\" src=\"http:\/\/portalcatolico.net\/portal\/wp-content\/uploads\/2018\/05\/31163441_690163691107705_3723470499393568768_n-300x300.jpg\" alt=\"\" width=\"300\" height=\"300\" srcset=\"http:\/\/portalcatolico.net\/portal\/wp-content\/uploads\/2018\/05\/31163441_690163691107705_3723470499393568768_n-300x300.jpg 300w, http:\/\/portalcatolico.net\/portal\/wp-content\/uploads\/2018\/05\/31163441_690163691107705_3723470499393568768_n-150x150.jpg 150w, http:\/\/portalcatolico.net\/portal\/wp-content\/uploads\/2018\/05\/31163441_690163691107705_3723470499393568768_n-768x768.jpg 768w, http:\/\/portalcatolico.net\/portal\/wp-content\/uploads\/2018\/05\/31163441_690163691107705_3723470499393568768_n.jpg 960w\" sizes=\"auto, (max-width: 300px) 100vw, 300px\" \/> <img loading=\"lazy\" decoding=\"async\" class=\"alignnone size-medium wp-image-55340\" src=\"http:\/\/portalcatolico.net\/portal\/wp-content\/uploads\/2018\/05\/31253134_690162731107801_2084118148646174720_n-2-300x300.jpg\" alt=\"\" width=\"300\" height=\"300\" srcset=\"http:\/\/portalcatolico.net\/portal\/wp-content\/uploads\/2018\/05\/31253134_690162731107801_2084118148646174720_n-2-300x300.jpg 300w, http:\/\/portalcatolico.net\/portal\/wp-content\/uploads\/2018\/05\/31253134_690162731107801_2084118148646174720_n-2-150x150.jpg 150w, http:\/\/portalcatolico.net\/portal\/wp-content\/uploads\/2018\/05\/31253134_690162731107801_2084118148646174720_n-2-768x768.jpg 768w, http:\/\/portalcatolico.net\/portal\/wp-content\/uploads\/2018\/05\/31253134_690162731107801_2084118148646174720_n-2.jpg 960w\" sizes=\"auto, (max-width: 300px) 100vw, 300px\" \/><\/p>\n<p><img loading=\"lazy\" decoding=\"async\" class=\"alignnone wp-image-55341\" src=\"http:\/\/portalcatolico.net\/portal\/wp-content\/uploads\/2018\/05\/30713703_688035627987178_3462373132457738240_n-190x300.jpg\" alt=\"\" width=\"604\" height=\"954\" srcset=\"http:\/\/portalcatolico.net\/portal\/wp-content\/uploads\/2018\/05\/30713703_688035627987178_3462373132457738240_n-190x300.jpg 190w, http:\/\/portalcatolico.net\/portal\/wp-content\/uploads\/2018\/05\/30713703_688035627987178_3462373132457738240_n.jpg 608w\" sizes=\"auto, (max-width: 604px) 100vw, 604px\" \/><\/p>\n<p>&nbsp;<\/p>\n<p><span class=\"im\">&nbsp;<\/span><\/p>\n<div id=\"m_3063059191744601690Signature\">\n<div id=\"m_3063059191744601690divtagdefaultwrapper\" dir=\"ltr\">\n<p align=\"center\">&nbsp;<\/p>\n<\/div>\n<\/div>\n","protected":false},"excerpt":{"rendered":"<p>A Par\u00f3quia Sagrado Cora\u00e7\u00e3o de Jesus na cidade de Itaju\u00edpe, que comp\u00f5e a Diocese de Ilh\u00e9us, vai realizar no dia 16 de junho, o II Bingo Show Beneficente em prol da reforma da&nbsp;&nbsp;Igreja&nbsp;&nbsp;matriz, com o in\u00edcio do sorteio \u00e0s 18h. A cartela custa apenas R$ 20,00. Os interessados podem comprar as cartelas que j\u00e1 se&nbsp;<\/p>\n<p><a class=\"btn btn-style\" href=\"http:\/\/portalcatolico.net\/portal\/paroquia-realiza-ii-bingo-show-beneficente-em-itajuipe-participe\/\">Continue Reading<\/a><\/p>\n","protected":false},"author":2,"featured_media":55336,"comment_status":"open","ping_status":"open","sticky":false,"template":"","format":"standard","meta":{"footnotes":""},"categories":[1],"tags":[],"class_list":["post-55335","post","type-post","status-publish","format-standard","has-post-thumbnail","hentry","category-agenda"],"_links":{"self":[{"href":"http:\/\/portalcatolico.net\/portal\/wp-json\/wp\/v2\/posts\/55335","targetHints":{"allow":["GET"]}}],"collection":[{"href":"http:\/\/portalcatolico.net\/portal\/wp-json\/wp\/v2\/posts"}],"about":[{"href":"http:\/\/portalcatolico.net\/portal\/wp-json\/wp\/v2\/types\/post"}],"author":[{"embeddable":true,"href":"http:\/\/portalcatolico.net\/portal\/wp-json\/wp\/v2\/users\/2"}],"replies":[{"embeddable":true,"href":"http:\/\/portalcatolico.net\/portal\/wp-json\/wp\/v2\/comments?post=55335"}],"version-history":[{"count":1,"href":"http:\/\/portalcatolico.net\/portal\/wp-json\/wp\/v2\/posts\/55335\/revisions"}],"predecessor-version":[{"id":55342,"href":"http:\/\/portalcatolico.net\/portal\/wp-json\/wp\/v2\/posts\/55335\/revisions\/55342"}],"wp:featuredmedia":[{"embeddable":true,"href":"http:\/\/portalcatolico.net\/portal\/wp-json\/wp\/v2\/media\/55336"}],"wp:attachment":[{"href":"http:\/\/portalcatolico.net\/portal\/wp-json\/wp\/v2\/media?parent=55335"}],"wp:term":[{"taxonomy":"category","embeddable":true,"href":"http:\/\/portalcatolico.net\/portal\/wp-json\/wp\/v2\/categories?post=55335"},{"taxonomy":"post_tag","embeddable":true,"href":"http:\/\/portalcatolico.net\/portal\/wp-json\/wp\/v2\/tags?post=55335"}],"curies":[{"name":"wp","href":"https:\/\/api.w.org\/{rel}","templated":true}]}}