{"id":55331,"date":"2018-05-15T22:10:51","date_gmt":"2018-05-16T01:10:51","guid":{"rendered":"http:\/\/portalcatolico.net\/portal\/?p=55331"},"modified":"2018-05-15T22:11:21","modified_gmt":"2018-05-16T01:11:21","slug":"vem-ai-o-edj-2018","status":"publish","type":"post","link":"http:\/\/portalcatolico.net\/portal\/vem-ai-o-edj-2018\/","title":{"rendered":"Vem a\u00ed o EDJ 2018!"},"content":{"rendered":"<p style=\"font-weight: 400;\">O setor da Juventude da Diocese de Itabuna, no sul da Bahia,&nbsp;&nbsp;divulgou nesta ter\u00e7a-feira (15), na p\u00e1gina do Facebook, um dos maiores eventos da Juventude: o EDJ (Encontro Diocesano de Jovens), que est\u00e1 previsto para acontecer nos dias 27,28 e&nbsp; 29 de julho.<\/p>\n<p style=\"font-weight: 400;\">Ainda n\u00e3o foi divulgado local do evento.<\/p>\n<p style=\"font-weight: 400;\">Em breve, este Portal divulgar\u00e1 mais informa\u00e7\u00f5es sobre este evento.&nbsp;<\/p>\n<p style=\"font-weight: 400;\">Para acompanhar mais informa\u00e7\u00f5es nas redes sociais, acesse o link a seguir:&nbsp;<a href=\"https:\/\/www.facebook.com\/groups\/215926485171690\/\" data-saferedirecturl=\"https:\/\/www.google.com\/url?hl=pt-BR&amp;q=https:\/\/www.facebook.com\/groups\/215926485171690\/&amp;source=gmail&amp;ust=1526519174344000&amp;usg=AFQjCNFlCnXITsA4_OI6ZVE_RPJ19QckEQ\">https:\/\/www.facebook.com\/groups\/215926485171690\/<\/a>&nbsp;<\/p>\n<p>Texto:Reda\u00e7\u00e3o\/Portal Cat\u00f3lico<\/p>\n","protected":false},"excerpt":{"rendered":"<p>O setor da Juventude da Diocese de Itabuna, no sul da Bahia,&nbsp;&nbsp;divulgou nesta ter\u00e7a-feira (15), na p\u00e1gina do Facebook, um dos maiores eventos da Juventude: o EDJ (Encontro Diocesano de Jovens), que est\u00e1 previsto para acontecer nos dias 27,28 e&nbsp; 29 de julho. Ainda n\u00e3o foi divulgado local do evento. Em breve, este Portal divulgar\u00e1&nbsp;<\/p>\n<p><a class=\"btn btn-style\" href=\"http:\/\/portalcatolico.net\/portal\/vem-ai-o-edj-2018\/\">Continue Reading<\/a><\/p>\n","protected":false},"author":2,"featured_media":55332,"comment_status":"open","ping_status":"open","sticky":false,"template":"","format":"standard","meta":{"footnotes":""},"categories":[1],"tags":[],"class_list":["post-55331","post","type-post","status-publish","format-standard","has-post-thumbnail","hentry","category-agenda"],"_links":{"self":[{"href":"http:\/\/portalcatolico.net\/portal\/wp-json\/wp\/v2\/posts\/55331","targetHints":{"allow":["GET"]}}],"collection":[{"href":"http:\/\/portalcatolico.net\/portal\/wp-json\/wp\/v2\/posts"}],"about":[{"href":"http:\/\/portalcatolico.net\/portal\/wp-json\/wp\/v2\/types\/post"}],"author":[{"embeddable":true,"href":"http:\/\/portalcatolico.net\/portal\/wp-json\/wp\/v2\/users\/2"}],"replies":[{"embeddable":true,"href":"http:\/\/portalcatolico.net\/portal\/wp-json\/wp\/v2\/comments?post=55331"}],"version-history":[{"count":2,"href":"http:\/\/portalcatolico.net\/portal\/wp-json\/wp\/v2\/posts\/55331\/revisions"}],"predecessor-version":[{"id":55334,"href":"http:\/\/portalcatolico.net\/portal\/wp-json\/wp\/v2\/posts\/55331\/revisions\/55334"}],"wp:featuredmedia":[{"embeddable":true,"href":"http:\/\/portalcatolico.net\/portal\/wp-json\/wp\/v2\/media\/55332"}],"wp:attachment":[{"href":"http:\/\/portalcatolico.net\/portal\/wp-json\/wp\/v2\/media?parent=55331"}],"wp:term":[{"taxonomy":"category","embeddable":true,"href":"http:\/\/portalcatolico.net\/portal\/wp-json\/wp\/v2\/categories?post=55331"},{"taxonomy":"post_tag","embeddable":true,"href":"http:\/\/portalcatolico.net\/portal\/wp-json\/wp\/v2\/tags?post=55331"}],"curies":[{"name":"wp","href":"https:\/\/api.w.org\/{rel}","templated":true}]}}