{"id":55328,"date":"2018-05-15T19:46:35","date_gmt":"2018-05-15T22:46:35","guid":{"rendered":"http:\/\/portalcatolico.net\/portal\/?p=55328"},"modified":"2018-05-15T19:46:35","modified_gmt":"2018-05-15T22:46:35","slug":"dom-aldemiro-sena-anuncia-transferencias-de-padres","status":"publish","type":"post","link":"http:\/\/portalcatolico.net\/portal\/dom-aldemiro-sena-anuncia-transferencias-de-padres\/","title":{"rendered":"Dom Aldemiro Sena anuncia transfer\u00eancias de padres."},"content":{"rendered":"<p>A Diocese de Guarabira anuncia nomea\u00e7\u00f5es e transfer\u00eancias de padres, em virtude das necessidades espirituais e pastorais. Assim, o Bispo Diocesano de Guarabira (PB), Dom Aldemiro Sena dos Santos, divulgou na manh\u00e3 desta segunda-feira, 14 de maio de 2018, oficialmente, em anuncio a R\u00e1dio Integra\u00e7\u00e3o 102.3 FM, as transfer\u00eancias e as nomea\u00e7\u00f5es de alguns padres para novas miss\u00f5es: \u201cN\u00f3s fazemos as transfer\u00eancias porque a Diocese de Guarabira \u00e9 din\u00e2mica e mission\u00e1ria, elevando aos olhos de Deus o primordial cuidado com as almas. O Evangelho nos renova e nos convida a sermos mais generosos. N\u00f3s devemos atender essas necessidades e assumir o \u201csim\u201d, como Maria, diante do projeto de Deus. Agrade\u00e7o, cordialmente, a disponibilidade de todos para assumirem novas miss\u00f5es com fidelidade e caridade. Os padres ser\u00e3o empossados em suas novas miss\u00f5es a partir do m\u00eas de junho do corrente ano\u201d.<\/p>\n<p><strong>Miss\u00f5es\/Transfer\u00eancia e datas das posses nas par\u00f3quias:<\/strong><\/p>\n<ol>\n<li>O Revmo.&nbsp;Pe.&nbsp;<strong>Pedro Alexandre da Silva<\/strong>, P\u00e1roco da Par\u00f3quia Santo Ant\u00f4nio, em Guarabira, foi nomeado Administrador Paroquial, da Par\u00f3quia Sagrada Fam\u00edlia, em Bel\u00e9m;<\/li>\n<li>O Revmo.&nbsp;Pe.&nbsp;<strong>Jo\u00e3o Batista da Silva Firmo<\/strong>, Administrador Paroquial da Par\u00f3quia Sagrada Fam\u00edlia, em Bel\u00e9m, foi nomeado Administrador Paroquial, da Par\u00f3quia Nossa Senhora do Ros\u00e1rio, em Pirpirituba;<\/li>\n<li>O Revmo.&nbsp;Pe.&nbsp;<strong>Adauto Tavares Gomes<\/strong>, P\u00e1roco da Par\u00f3quia Nossa Senhora do Ros\u00e1rio, em Pirpirituba, foi nomeado Administrador Paroquial, da Par\u00f3quia Nossa Senhora de Guadalupe, Guarabira;<\/li>\n<li>O Revmo.Pe.&nbsp;<strong>Marcos Ant\u00f4nio Paulino dos Santos<\/strong>, Vig\u00e1rio Paroquial, em Alagoa Grande, foi nomeado Administrador Paroquial, da Par\u00f3quia S\u00e3o Sebasti\u00e3o, em Lagoa de Dentro;<\/li>\n<li>O Revmo.&nbsp;Pe.&nbsp;<strong>Severino Marques da Silva<\/strong>, Administrador Paroquial da Par\u00f3quia Nossa Senhora da Concei\u00e7\u00e3o, em Alagoinha, foi nomeado Administrador Paroquial, da Par\u00f3quia do Senhor do Bom Fim, em Serra da Raiz;<\/li>\n<li>O Revmo.Pe.&nbsp;<strong>Cicero Roberto de Ara\u00fajo<\/strong>, Administrador Paroquial da Par\u00f3quia do Senhor do Bom Fim, em Serra da Raiz, foi nomeado Vig\u00e1rio Paroquial, da Par\u00f3quia de Nossa Senhora da Boa Viagem, em Alagoa Grande;<\/li>\n<li>O Revmo. Pe.&nbsp;<strong>Jos\u00e9 Andr\u00e9 da Silva Anselmo,&nbsp;<\/strong>P\u00e1roco da Par\u00f3quia S\u00e3o Sebasti\u00e3o, em Lagoa de Dentro, foi nomeado Administrador Paroquial da Par\u00f3quia Santo Ant\u00f4nio, em Guarabira e Reitor do Memorial Frei Dami\u00e3o;<\/li>\n<li>O Revmo.Pe.&nbsp;<b>Jos\u00e9 Renato Ferreira de Oliveira<\/b>, Administrador Paroquial da Par\u00f3quia Nossa Senhora de Guadalupe, em Guarabira, foi nomeado Administrador Paroquial da Par\u00f3quia de Nossa Senhora da Concei\u00e7\u00e3o, em Alagoinha e Diretor de Programa\u00e7\u00e3o Geral da R\u00e1dio Integra\u00e7\u00e3o 102,3 FM.&nbsp; &nbsp; Informa\u00e7\u00f5es e foto:Diocese de Guarabira&nbsp;<\/li>\n<\/ol>\n","protected":false},"excerpt":{"rendered":"<p>A Diocese de Guarabira anuncia nomea\u00e7\u00f5es e transfer\u00eancias de padres, em virtude das necessidades espirituais e pastorais. Assim, o Bispo Diocesano de Guarabira (PB), Dom Aldemiro Sena dos Santos, divulgou na manh\u00e3 desta segunda-feira, 14 de maio de 2018, oficialmente, em anuncio a R\u00e1dio Integra\u00e7\u00e3o 102.3 FM, as transfer\u00eancias e as nomea\u00e7\u00f5es de alguns padres&nbsp;<\/p>\n<p><a class=\"btn btn-style\" href=\"http:\/\/portalcatolico.net\/portal\/dom-aldemiro-sena-anuncia-transferencias-de-padres\/\">Continue Reading<\/a><\/p>\n","protected":false},"author":2,"featured_media":55329,"comment_status":"open","ping_status":"open","sticky":false,"template":"","format":"standard","meta":{"footnotes":""},"categories":[3],"tags":[],"class_list":["post-55328","post","type-post","status-publish","format-standard","has-post-thumbnail","hentry","category-noticias_regionais"],"_links":{"self":[{"href":"http:\/\/portalcatolico.net\/portal\/wp-json\/wp\/v2\/posts\/55328","targetHints":{"allow":["GET"]}}],"collection":[{"href":"http:\/\/portalcatolico.net\/portal\/wp-json\/wp\/v2\/posts"}],"about":[{"href":"http:\/\/portalcatolico.net\/portal\/wp-json\/wp\/v2\/types\/post"}],"author":[{"embeddable":true,"href":"http:\/\/portalcatolico.net\/portal\/wp-json\/wp\/v2\/users\/2"}],"replies":[{"embeddable":true,"href":"http:\/\/portalcatolico.net\/portal\/wp-json\/wp\/v2\/comments?post=55328"}],"version-history":[{"count":1,"href":"http:\/\/portalcatolico.net\/portal\/wp-json\/wp\/v2\/posts\/55328\/revisions"}],"predecessor-version":[{"id":55330,"href":"http:\/\/portalcatolico.net\/portal\/wp-json\/wp\/v2\/posts\/55328\/revisions\/55330"}],"wp:featuredmedia":[{"embeddable":true,"href":"http:\/\/portalcatolico.net\/portal\/wp-json\/wp\/v2\/media\/55329"}],"wp:attachment":[{"href":"http:\/\/portalcatolico.net\/portal\/wp-json\/wp\/v2\/media?parent=55328"}],"wp:term":[{"taxonomy":"category","embeddable":true,"href":"http:\/\/portalcatolico.net\/portal\/wp-json\/wp\/v2\/categories?post=55328"},{"taxonomy":"post_tag","embeddable":true,"href":"http:\/\/portalcatolico.net\/portal\/wp-json\/wp\/v2\/tags?post=55328"}],"curies":[{"name":"wp","href":"https:\/\/api.w.org\/{rel}","templated":true}]}}