{"id":55325,"date":"2018-05-15T04:21:36","date_gmt":"2018-05-15T07:21:36","guid":{"rendered":"http:\/\/portalcatolico.net\/portal\/?p=55325"},"modified":"2018-05-15T06:22:08","modified_gmt":"2018-05-15T09:22:08","slug":"reliquia-do-coracao-de-sao-pio-de-pietrelcina-visitara-filipinas","status":"publish","type":"post","link":"http:\/\/portalcatolico.net\/portal\/reliquia-do-coracao-de-sao-pio-de-pietrelcina-visitara-filipinas\/","title":{"rendered":"Rel\u00edquia do cora\u00e7\u00e3o de S\u00e3o Pio de Pietrelcina visitar\u00e1 Filipinas"},"content":{"rendered":"<p>Por ocasi\u00e3o do centen\u00e1rio da apari\u00e7\u00e3o dos estigmas de S\u00e3o Pio de Pietrelcina, a rel\u00edquia do cora\u00e7\u00e3o Santo visitar\u00e1 as Filipinas entre os dias 06 \u00e0 26 outubro. A visita foi inicialmente planejada para dez dias em setembro, mas se obteve uma visita mais extensa no m\u00eas de outubro.<\/p>\n<p>A presen\u00e7a da rel\u00edquia foi confirmada pelo Reitor do Santu\u00e1rio Nacional de S\u00e3o Pio em S\u00e3o Tom\u00e1s, Batanga, o Padre Joselin Gonda, que afirmou que a mudan\u00e7a de cronograma se originou na visita dos Bispos italianos a San Giovanni Rotondo, lugar do Santu\u00e1rio do Santo Italiano, onde ser\u00e1 realizada sua Assembleia Plen\u00e1ria. &#8220;Esperamos e pretendemos que possa visitar Manila para a regi\u00e3o Luzon, Ceb\u00fa para a regi\u00e3o de Visayas e Dapao para a regi\u00e3o de Mindanao, durante tr\u00eas dias cada um&#8221;, indicou, ao oferecer alguns detalhes sobre as atividades planejadas.<\/p>\n<p>A peregrina\u00e7\u00e3o das rel\u00edquias est\u00e1 sendo coordenada pela Comiss\u00e3o para o Clero da Confer\u00eancia dos Bispos Cat\u00f3licos das Filipinas. A presen\u00e7a do santo italiano tem uma especial relev\u00e2ncia durante o ano dedicado ao Clero e \u00e0 Vida Consagrada no pa\u00eds. &#8220;O Padre Pio foi escolhido como modelo para todos os sacerdotes e religiosos&#8221;, afirmou o Padre Gonda.<\/p>\n<p>S\u00e3o Pio de Pietrelcina foi um Santo capuchinho que viveu no mosteiro de San Giovanni Rotondo, It\u00e1lia, durante 52 anos desde 1916. Se destacou por seu cuidado aos enfermos e a experi\u00eancia m\u00edstica de ter levado os estigmas da Paix\u00e3o de Jesus Cristo. Durante seu apostolado se destacou na promo\u00e7\u00e3o do Sacramento da Confiss\u00e3o e o exerc\u00edcio dos dons de cura e profecia. Foi canonizado pelo Papa S\u00e3o Jo\u00e3o Paulo II no ano de 2002.(Gaudium Press)<\/p>\n<p>&nbsp;<\/p>\n","protected":false},"excerpt":{"rendered":"<p>Por ocasi\u00e3o do centen\u00e1rio da apari\u00e7\u00e3o dos estigmas de S\u00e3o Pio de Pietrelcina, a rel\u00edquia do cora\u00e7\u00e3o Santo visitar\u00e1 as Filipinas entre os dias 06 \u00e0 26 outubro. A visita foi inicialmente planejada para dez dias em setembro, mas se obteve uma visita mais extensa no m\u00eas de outubro. A presen\u00e7a da rel\u00edquia foi confirmada&nbsp;<\/p>\n<p><a class=\"btn btn-style\" href=\"http:\/\/portalcatolico.net\/portal\/reliquia-do-coracao-de-sao-pio-de-pietrelcina-visitara-filipinas\/\">Continue Reading<\/a><\/p>\n","protected":false},"author":2,"featured_media":55326,"comment_status":"open","ping_status":"open","sticky":false,"template":"","format":"standard","meta":{"footnotes":""},"categories":[5],"tags":[],"class_list":["post-55325","post","type-post","status-publish","format-standard","has-post-thumbnail","hentry","category-igreja_no_mundo"],"_links":{"self":[{"href":"http:\/\/portalcatolico.net\/portal\/wp-json\/wp\/v2\/posts\/55325","targetHints":{"allow":["GET"]}}],"collection":[{"href":"http:\/\/portalcatolico.net\/portal\/wp-json\/wp\/v2\/posts"}],"about":[{"href":"http:\/\/portalcatolico.net\/portal\/wp-json\/wp\/v2\/types\/post"}],"author":[{"embeddable":true,"href":"http:\/\/portalcatolico.net\/portal\/wp-json\/wp\/v2\/users\/2"}],"replies":[{"embeddable":true,"href":"http:\/\/portalcatolico.net\/portal\/wp-json\/wp\/v2\/comments?post=55325"}],"version-history":[{"count":1,"href":"http:\/\/portalcatolico.net\/portal\/wp-json\/wp\/v2\/posts\/55325\/revisions"}],"predecessor-version":[{"id":55327,"href":"http:\/\/portalcatolico.net\/portal\/wp-json\/wp\/v2\/posts\/55325\/revisions\/55327"}],"wp:featuredmedia":[{"embeddable":true,"href":"http:\/\/portalcatolico.net\/portal\/wp-json\/wp\/v2\/media\/55326"}],"wp:attachment":[{"href":"http:\/\/portalcatolico.net\/portal\/wp-json\/wp\/v2\/media?parent=55325"}],"wp:term":[{"taxonomy":"category","embeddable":true,"href":"http:\/\/portalcatolico.net\/portal\/wp-json\/wp\/v2\/categories?post=55325"},{"taxonomy":"post_tag","embeddable":true,"href":"http:\/\/portalcatolico.net\/portal\/wp-json\/wp\/v2\/tags?post=55325"}],"curies":[{"name":"wp","href":"https:\/\/api.w.org\/{rel}","templated":true}]}}