{"id":55319,"date":"2018-05-15T05:59:38","date_gmt":"2018-05-15T08:59:38","guid":{"rendered":"http:\/\/portalcatolico.net\/portal\/?p=55319"},"modified":"2018-05-15T06:02:59","modified_gmt":"2018-05-15T09:02:59","slug":"acontece-a-segunda-noite-do-novenario-de-santa-rita-de-cassia-em-itabuna","status":"publish","type":"post","link":"http:\/\/portalcatolico.net\/portal\/acontece-a-segunda-noite-do-novenario-de-santa-rita-de-cassia-em-itabuna\/","title":{"rendered":"Acontece a segunda noite do Noven\u00e1rio de Santa Rita de C\u00e1ssia em Itabuna"},"content":{"rendered":"<p class=\"m_-4866417990231439891xgmail-msonospacing\"><em>A 2\u00aa Noite&nbsp;&nbsp;do Noven\u00e1rio em honra \u00e0 Santa Rita de C\u00e1ssia aconteceu nesta segunda-feira em Itabuna (BA).<\/em><u><\/u><u><\/u><\/p>\n<p class=\"m_-4866417990231439891xgmail-msonospacing\"><em>O&nbsp;<\/em><em>Subtema<\/em><em>&nbsp;refletido foi:<\/em><em>&nbsp;\u201cOs crist\u00e3os leigos e o compromisso sociopol\u00edtico transformando, \u00e1 imita\u00e7\u00e3o de Cristo numa Igreja em sa\u00edda para a miss\u00e3o\u201d.<\/em><em>&nbsp;E para refletir foi convidado&nbsp;&nbsp;o Frei&nbsp;&nbsp;Pe. Luciano Lima Santos (OFMcap),Diocese de Alagoinhas.&nbsp;<\/em><em>Os concelebrantes foram: os Frades Menores Capuchinhos, da Par\u00f3quia Santa Rita de C\u00e1ssia, o Pe. Adriano Fernandes, di\u00e1cono Jos\u00e9 Ara\u00fajo, al\u00e9m dos seminaristas do Semin\u00e1rio Proped\u00eautico da Diocese de Itabuna.&nbsp;&nbsp;<\/em><u><\/u><u><\/u><\/p>\n<p class=\"m_-4866417990231439891xgmail-msonospacing\"><em>Os c<\/em><em>onvidados<\/em><em>&nbsp;foram<\/em><em>:&nbsp;Par\u00f3quia Nossa Senhora da Concei\u00e7\u00e3o, Pastoral Carcer\u00e1ria, Poder Executivo (Prefeito, Vice-Prefeito, Secretariados e funcion\u00e1rios) Poder Legislativo (Vereadores e funcion\u00e1rios da C\u00e2mara de&nbsp;&nbsp;vereadores Minist\u00e9rio P\u00fablico. Defensores<\/em><em>&nbsp;<\/em><em>&nbsp;P\u00fablica. Justi\u00e7a do Trabalho, SAC,OAB, Cart\u00f3rios de Registros, FICC,CEPLAC, Entidades Filantr\u00f3picas ( Rotary e Lions Clube) e Garis.<\/em><u><\/u><u><\/u><\/p>\n<p class=\"m_-4866417990231439891xgmail-msonospacing\"><em>A&nbsp;<\/em><em>Liturgia<\/em><em>&nbsp;ficou sob a responsabilidade das Pastorais do Dizimo e&nbsp;<\/em><em>da Catequese.<\/em><u><\/u><u><\/u><\/p>\n<p class=\"m_-4866417990231439891xgmail-msonospacing\"><em>Quermesse: Padre Pio, Coroinhas e OFS (Barraca do Espetinho-Pastoral do D\u00edzimo).<\/em><u><\/u><u><\/u><\/p>\n<p class=\"m_-4866417990231439891xgmail-msonospacing\"><em>Ap\u00f3s a santa missa, teve festa de largo com show, vendas de produtos religiosos, quermesse, entre outros momentos de evangeliza\u00e7\u00e3o.<u><\/u><u><\/u><\/em><\/p>\n<p class=\"m_-4866417990231439891xgmail-msonospacing\"><em>Amanh\u00e3 tem mais. Participe!<\/em><u><\/u><u><\/u><\/p>\n<p class=\"m_-4866417990231439891xgmail-msonospacing\"><em>&nbsp;<\/em><u><\/u><u><\/u><em><b>ACOMPANHE NOSSA TRANSMISS\u00c3O EM TEMPO REAL &nbsp;<\/b><\/em><u><\/u><u><\/u><\/p>\n<p class=\"m_-4866417990231439891xgmail-m-4886520271289424688xmsonormal\"><em>&nbsp;O Portal Cat\u00f3lico Web R\u00e1dio estar\u00e1 transmitindo em tempo real, todas as noites, via internet, o Noven\u00e1rio e festa da padroeira Santa Rita de C\u00e1ssia. Para ter acesso&nbsp; \u00e0 transmiss\u00e3o ao vivo, baixe nosso aplicativo no playstore e ou\u00e7a em celular ou tablete:&nbsp;<\/em><a href=\"https:\/\/play.google.com\/store\/apps\/details?id=com.shoutcast.stm.portalcatolico\" target=\"_blank\" rel=\"noopener\" data-saferedirecturl=\"https:\/\/www.google.com\/url?hl=pt-BR&amp;q=https:\/\/play.google.com\/store\/apps\/details?id%3Dcom.shoutcast.stm.portalcatolico&amp;source=gmail&amp;ust=1526460947242000&amp;usg=AFQjCNF91AfwqFZ3Qqam4fiOkAb7lk8wKQ\"><em>https:\/\/play.google.<wbr>com\/store\/apps\/details?id=com.<wbr>shoutcast.stm.portalcatolico<\/em><\/a><em>&nbsp;<wbr>ou ou\u00e7a pelos nossos sites:&nbsp;<\/em><a href=\"http:\/\/www.portalcatolico.net\/\" target=\"_blank\" rel=\"noopener\" data-saferedirecturl=\"https:\/\/www.google.com\/url?hl=pt-BR&amp;q=http:\/\/www.portalcatolico.net\/&amp;source=gmail&amp;ust=1526460947242000&amp;usg=AFQjCNHcZk4XT7r1IhcFUyUwq1sQMsq5Zw\"><em>www.portalcatolico.net<\/em><\/a><em>&nbsp; ou<\/em><span class=\"m_-4866417990231439891xgmail-m-4886520271289424688xgmail-xapple-converted-space\">&nbsp;<\/span><a href=\"http:\/\/www.catoliconoticias.com.br\/\" target=\"_blank\" rel=\"noopener\" data-saferedirecturl=\"https:\/\/www.google.com\/url?hl=pt-BR&amp;q=http:\/\/www.catoliconoticias.com.br\/&amp;source=gmail&amp;ust=1526460947242000&amp;usg=AFQjCNGVQGVQ82HEmoauVIcb8NwICG0zhw\"><em>www.catoliconoticias.com.br<\/em><\/a><\/p>\n<p><img loading=\"lazy\" decoding=\"async\" class=\"wp-image-55322 aligncenter\" src=\"http:\/\/portalcatolico.net\/portal\/wp-content\/uploads\/2018\/05\/7-300x225.jpg\" alt=\"\" width=\"533\" height=\"400\" srcset=\"http:\/\/portalcatolico.net\/portal\/wp-content\/uploads\/2018\/05\/7-300x225.jpg 300w, http:\/\/portalcatolico.net\/portal\/wp-content\/uploads\/2018\/05\/7-768x576.jpg 768w, http:\/\/portalcatolico.net\/portal\/wp-content\/uploads\/2018\/05\/7.jpg 1000w\" sizes=\"auto, (max-width: 533px) 100vw, 533px\" \/><\/p>\n<p><iframe loading=\"lazy\"  id=\"_ytid_25890\"  width=\"480\" height=\"270\"  data-origwidth=\"480\" data-origheight=\"270\" src=\"https:\/\/www.youtube.com\/embed\/kZNj3jmUQcY?enablejsapi=1&#038;autoplay=0&#038;cc_load_policy=0&#038;cc_lang_pref=&#038;iv_load_policy=1&#038;loop=0&#038;rel=1&#038;fs=1&#038;playsinline=0&#038;autohide=2&#038;theme=dark&#038;color=red&#038;controls=1&#038;disablekb=0&#038;\" class=\"__youtube_prefs__  epyt-is-override  no-lazyload\" title=\"YouTube player\"  allow=\"fullscreen; accelerometer; autoplay; clipboard-write; encrypted-media; gyroscope; picture-in-picture; web-share\" referrerpolicy=\"strict-origin-when-cross-origin\" allowfullscreen data-no-lazy=\"1\" data-skipgform_ajax_framebjll=\"\"><\/iframe><\/p>\n","protected":false},"excerpt":{"rendered":"<p>A 2\u00aa Noite&nbsp;&nbsp;do Noven\u00e1rio em honra \u00e0 Santa Rita de C\u00e1ssia aconteceu nesta segunda-feira em Itabuna (BA). O&nbsp;Subtema&nbsp;refletido foi:&nbsp;\u201cOs crist\u00e3os leigos e o compromisso sociopol\u00edtico transformando, \u00e1 imita\u00e7\u00e3o de Cristo numa Igreja em sa\u00edda para a miss\u00e3o\u201d.&nbsp;E para refletir foi convidado&nbsp;&nbsp;o Frei&nbsp;&nbsp;Pe. Luciano Lima Santos (OFMcap),Diocese de Alagoinhas.&nbsp;Os concelebrantes foram: os Frades Menores Capuchinhos, da&nbsp;<\/p>\n<p><a class=\"btn btn-style\" href=\"http:\/\/portalcatolico.net\/portal\/acontece-a-segunda-noite-do-novenario-de-santa-rita-de-cassia-em-itabuna\/\">Continue Reading<\/a><\/p>\n","protected":false},"author":2,"featured_media":55320,"comment_status":"open","ping_status":"open","sticky":false,"template":"","format":"standard","meta":{"footnotes":""},"categories":[4],"tags":[],"class_list":["post-55319","post","type-post","status-publish","format-standard","has-post-thumbnail","hentry","category-destaques"],"_links":{"self":[{"href":"http:\/\/portalcatolico.net\/portal\/wp-json\/wp\/v2\/posts\/55319","targetHints":{"allow":["GET"]}}],"collection":[{"href":"http:\/\/portalcatolico.net\/portal\/wp-json\/wp\/v2\/posts"}],"about":[{"href":"http:\/\/portalcatolico.net\/portal\/wp-json\/wp\/v2\/types\/post"}],"author":[{"embeddable":true,"href":"http:\/\/portalcatolico.net\/portal\/wp-json\/wp\/v2\/users\/2"}],"replies":[{"embeddable":true,"href":"http:\/\/portalcatolico.net\/portal\/wp-json\/wp\/v2\/comments?post=55319"}],"version-history":[{"count":3,"href":"http:\/\/portalcatolico.net\/portal\/wp-json\/wp\/v2\/posts\/55319\/revisions"}],"predecessor-version":[{"id":55324,"href":"http:\/\/portalcatolico.net\/portal\/wp-json\/wp\/v2\/posts\/55319\/revisions\/55324"}],"wp:featuredmedia":[{"embeddable":true,"href":"http:\/\/portalcatolico.net\/portal\/wp-json\/wp\/v2\/media\/55320"}],"wp:attachment":[{"href":"http:\/\/portalcatolico.net\/portal\/wp-json\/wp\/v2\/media?parent=55319"}],"wp:term":[{"taxonomy":"category","embeddable":true,"href":"http:\/\/portalcatolico.net\/portal\/wp-json\/wp\/v2\/categories?post=55319"},{"taxonomy":"post_tag","embeddable":true,"href":"http:\/\/portalcatolico.net\/portal\/wp-json\/wp\/v2\/tags?post=55319"}],"curies":[{"name":"wp","href":"https:\/\/api.w.org\/{rel}","templated":true}]}}