{"id":55316,"date":"2018-05-14T10:02:34","date_gmt":"2018-05-14T13:02:34","guid":{"rendered":"http:\/\/portalcatolico.net\/portal\/?p=55316"},"modified":"2018-05-14T17:03:01","modified_gmt":"2018-05-14T20:03:01","slug":"5-noite-do-dozenario-em-louvor-ao-espirito-santo","status":"publish","type":"post","link":"http:\/\/portalcatolico.net\/portal\/5-noite-do-dozenario-em-louvor-ao-espirito-santo\/","title":{"rendered":"5\u00b0 NOITE DO DOZEN\u00c1RIO EM LOUVOR AO ESP\u00cdRITO SANTO"},"content":{"rendered":"<p>A 5\u00b0 Noite do Dozen\u00e1rio em Louvor ao Esp\u00edrito Santo teve como Celebrante da Santa Missa o Padre Luis Porcarri (Padre Passionista) e o Padre William Menezes como concelebrante. Os respons\u00e1veis da noite foram Grupo Porta do C\u00e9u, Grupo Torre de Marfim e Apostolado da Ora\u00e7\u00e3o. Os homenageados da noite foram, Poder Executivo, Legislativo e Judici\u00e1rio. A anima\u00e7\u00e3o ficou por conta do&nbsp;Grupo de C\u00e2ntico Kairos. .<\/p>\n<p>O Padre Luis Porcarri colocou como frase principal da sua catequese&nbsp;<strong>&#8220;A subida Vitoriosa de Jesus ao C\u00e9u&#8221;<\/strong>, com essa frase o Padre afirma que somos do Esp\u00edrito Santo e Jesus volta para c\u00e9u para nos garantir que tamb\u00e9m iremos com ele para gl\u00f3ria do Pai e exemplificou dizendo que quantas pessoas n\u00e3o est\u00e3o mais na igreja e agora faz parte da gl\u00f3ria de Deus, isso porque elas simplesmente acreditaram em Jesus e na salva\u00e7\u00e3o.<\/p>\n<p>Assim o Padre destaca o tema principal do Dozen\u00e1rio que \u00e9&nbsp;<strong>&#8220;Esp\u00edrito Santo Restaurador das Fam\u00edlias&#8221;,<\/strong>&nbsp;dizendo que Jesus voltou ao c\u00e9u coberto por uma nuvem e essa nuvem \u00e9 do Esp\u00edrito Santo e quando cumprimos com a vontade do Pai estamos subindo como Jesus ao c\u00e9u. O Esp\u00edrito Santo deve ser amado, pois ele \u00e9 o Esp\u00edrito Santo do Pai e do Filho e a Fam\u00edlia que \u00e9 constitu\u00edda do Pai, do filho e da M\u00e3e, \u00e9 constitu\u00edda pelo amor de Deus e \u00e9 nas escrituras que devemos nos aprofundar para compreender o amor de Deus.<\/p>\n<p>Uma catequese do Padre Luis Porcorri que nos mostra que Jesus veio ao mundo e deixou o Esp\u00edrito Santo que nos orienta e que nos oferece a luz para que possamos um dia chegar a gl\u00f3ria do Pai e que para isso devemos nos constituir como fam\u00edlia restaurada no Esp\u00edrito Santo e aprofundada na sagrada escritura no qual iremos compreender esse amor de doa\u00e7\u00e3o, de entrega, de esperan\u00e7a e f\u00e9 que \u00e9 o amor de Deus.<\/p>\n<p>Texto:Luciene&nbsp; Galv\u00e3o<\/p>\n<p>Informa\u00e7\u00f5es e foto: Nagra\u00e7adoespirito<\/p>\n","protected":false},"excerpt":{"rendered":"<p>A 5\u00b0 Noite do Dozen\u00e1rio em Louvor ao Esp\u00edrito Santo teve como Celebrante da Santa Missa o Padre Luis Porcarri (Padre Passionista) e o Padre William Menezes como concelebrante. Os respons\u00e1veis da noite foram Grupo Porta do C\u00e9u, Grupo Torre de Marfim e Apostolado da Ora\u00e7\u00e3o. Os homenageados da noite foram, Poder Executivo, Legislativo e&nbsp;<\/p>\n<p><a class=\"btn btn-style\" href=\"http:\/\/portalcatolico.net\/portal\/5-noite-do-dozenario-em-louvor-ao-espirito-santo\/\">Continue Reading<\/a><\/p>\n","protected":false},"author":2,"featured_media":55317,"comment_status":"open","ping_status":"open","sticky":false,"template":"","format":"standard","meta":{"footnotes":""},"categories":[2],"tags":[],"class_list":["post-55316","post","type-post","status-publish","format-standard","has-post-thumbnail","hentry","category-eventos"],"_links":{"self":[{"href":"http:\/\/portalcatolico.net\/portal\/wp-json\/wp\/v2\/posts\/55316","targetHints":{"allow":["GET"]}}],"collection":[{"href":"http:\/\/portalcatolico.net\/portal\/wp-json\/wp\/v2\/posts"}],"about":[{"href":"http:\/\/portalcatolico.net\/portal\/wp-json\/wp\/v2\/types\/post"}],"author":[{"embeddable":true,"href":"http:\/\/portalcatolico.net\/portal\/wp-json\/wp\/v2\/users\/2"}],"replies":[{"embeddable":true,"href":"http:\/\/portalcatolico.net\/portal\/wp-json\/wp\/v2\/comments?post=55316"}],"version-history":[{"count":1,"href":"http:\/\/portalcatolico.net\/portal\/wp-json\/wp\/v2\/posts\/55316\/revisions"}],"predecessor-version":[{"id":55318,"href":"http:\/\/portalcatolico.net\/portal\/wp-json\/wp\/v2\/posts\/55316\/revisions\/55318"}],"wp:featuredmedia":[{"embeddable":true,"href":"http:\/\/portalcatolico.net\/portal\/wp-json\/wp\/v2\/media\/55317"}],"wp:attachment":[{"href":"http:\/\/portalcatolico.net\/portal\/wp-json\/wp\/v2\/media?parent=55316"}],"wp:term":[{"taxonomy":"category","embeddable":true,"href":"http:\/\/portalcatolico.net\/portal\/wp-json\/wp\/v2\/categories?post=55316"},{"taxonomy":"post_tag","embeddable":true,"href":"http:\/\/portalcatolico.net\/portal\/wp-json\/wp\/v2\/tags?post=55316"}],"curies":[{"name":"wp","href":"https:\/\/api.w.org\/{rel}","templated":true}]}}