{"id":55302,"date":"2018-05-14T06:19:31","date_gmt":"2018-05-14T09:19:31","guid":{"rendered":"http:\/\/portalcatolico.net\/portal\/?p=55302"},"modified":"2018-05-14T13:06:21","modified_gmt":"2018-05-14T16:06:21","slug":"novenario-e-festa-de-santa-rita-de-cassia-em-itabuna","status":"publish","type":"post","link":"http:\/\/portalcatolico.net\/portal\/novenario-e-festa-de-santa-rita-de-cassia-em-itabuna\/","title":{"rendered":"Em F\u00e1tima, Bispo Em\u00e9rito de Hong Kong reza pela Igreja Cat\u00f3lica na China"},"content":{"rendered":"<p>Pela primeira vez, um prelado chin\u00eas presidiu a Peregrina\u00e7\u00e3o Internacional Anivers\u00e1ria de F\u00e1tima, tratou-se do Bispo Em\u00e9rito de Hong Kong, Cardeal John Tong, que rezou pela&nbsp;<a href=\"https:\/\/www.acidigital.com\/igreja\/index.html\"><strong>Igreja<\/strong>&nbsp;<\/a>Cat\u00f3lica na China e pediu que os devotos da Virgem se unissem a esta inten\u00e7\u00e3o.<\/p>\n<p>\u201cO governo chin\u00eas caminha para a cria\u00e7\u00e3o de uma igreja nacional aut\u00f4noma, atrav\u00e9s de uma associa\u00e7\u00e3o patri\u00f3tica, de san\u00e7\u00f5es governamentais e leis religiosas. A autoridade estatal est\u00e1 a tentar atingir este objetivo atrav\u00e9s de medidas restritivas, materializadas na&nbsp;<a href=\"https:\/\/www.acidigital.com\/vida\/index.html\">vida<\/a>&nbsp;social e eclesial, o que torna a viv\u00eancia da f\u00e9 ainda mais dif\u00edcil\u201d, contou o Prelado durante coletiva de imprensa no s\u00e1bado, 12 de maio.<\/p>\n<p>Apesar disso, Dom John Tong se mostrou esperan\u00e7oso quanto ao futuro da Igreja Cat\u00f3lica em seu pa\u00eds. \u201cEste otimismo fundamenta-se na forte coragem que Deus d\u00e1 a muitos cat\u00f3licos chineses para defenderem a sua f\u00e9. O esp\u00edrito Santo est\u00e1 a conduzir a Igreja para o di\u00e1logo, o que me deixa com esperan\u00e7a no sucesso nas rela\u00e7\u00f5es entre a Igreja e a China\u201d, afirmou.<\/p>\n<p>O convite para que o Bispo em\u00e9rito de Hong Kong presidisse a primeira Peregrina\u00e7\u00e3o Anivers\u00e1ria deste ano, que recorda as apari\u00e7\u00f5es da&nbsp;<a href=\"https:\/\/www.acidigital.com\/Maria\/index.html\">Virgem Maria<\/a>&nbsp;aos tr\u00eas pastorinhos, se deu, sobretudo, devido ao \u201caumento exponencial\u201d de peregrinos asi\u00e1ticos que visitam a Cova da Iria, concretamente da China.<\/p>\n<p>Na coletiva de imprensa, o Bispo de Leiria-F\u00e1tima, Dom Ant\u00f3nio Marto, sublinhou que a presen\u00e7a de Dom Tong \u201crepresenta os cat\u00f3licos chineses, e o eixo asi\u00e1tico que est\u00e1 a emergir do ponto de vista da Igreja Cat\u00f3lica\u201d.<\/p>\n<p>\u201cEstamos a viver um momento delicado e esperan\u00e7oso entre a Santa S\u00e9 e a China, no sentido de um di\u00e1logo que pode abrir caminho para o reconhecimento da Igreja Cat\u00f3lica naquele pa\u00eds. Esta ser\u00e1, portanto, uma das inten\u00e7\u00f5es presentes nesta Peregrina\u00e7\u00e3o Internacional, com o pedido pela intercess\u00e3o de Nossa Senhora para que este di\u00e1logo seja frut\u00edfero e que chegue a bom termo\u201d, expressou.<\/p>\n<p>Por sua vez, o Cardeal de Hong Kong assinalou que \u201ca nossa peregrina\u00e7\u00e3o n\u00e3o deve ser um momento \u00fanico, devemos praticar a nossa f\u00e9 todos os dias, imitando o exemplo de Maria, aceitando a vontade de Deus como Ela\u201d.<\/p>\n<p>Nesse sentido, acrescentou, \u201cnesta peregrina\u00e7\u00e3o, pe\u00e7o-vos que tamb\u00e9m rezem a Nossa Senhora pela China\u201d.<\/p>\n<p>J\u00e1 no final da tarde de s\u00e1bado, 12 de maio, na Capelinha das Apari\u00e7\u00f5es, Dom John Tong se apresentou como \u201crepresentante de todos os cat\u00f3licos chineses de Hong Kong, da China Continental, de Taiwan e de outros lugares\u201d.<\/p>\n<p>Em seguida, pediu a intercess\u00e3o da Virgem de F\u00e1tima para que a humanidade possa deduzir a melhor atitude face \u00e0s \u201cdivis\u00f5es e incompreens\u00f5es internas, com ataques e opress\u00f5es externas\u201d, que a Igreja Cat\u00f3lica vive.<\/p>\n<p>\u201cA Igreja tem ainda uma grande necessidade de luz e de orienta\u00e7\u00e3o, a fim de poder responder adequadamente a esses desafios. E n\u00f3s, seus membros, provenientes de tantos pa\u00edses do mundo, encontramo-nos aqui junto aos p\u00e9s da M\u00e3e celeste para Lhe apresentar, com confian\u00e7a, as nossas s\u00faplicas\u201d, disse.<\/p>\n<p><strong>Vig\u00edlia e prociss\u00e3o das velas<\/strong><\/p>\n<p>Na noite de s\u00e1bado, o Recinto do Santu\u00e1rio de F\u00e1tima foi tomado por uma multid\u00e3o de peregrinos para a tradicional prociss\u00e3o das velas, na vig\u00edlia da peregrina\u00e7\u00e3o de maio.<\/p>\n<p>O Bispo em\u00e9rito de Hong Kong presidiu a&nbsp;<a href=\"https:\/\/www.acidigital.com\/fiestas\/eucaristia\/index.html\">Missa<\/a>, que contou com presen\u00e7a o presidente da Rep\u00fablica Portuguesa, Marcelo Rebelo de Sousa, acompanhado pela presidente da Cro\u00e1cia, Kolinda Grabar-Kitarovic, que estava em visita de estado a Portugal.<\/p>\n<p>Em sua homilia, sublinhou a mensagem deixada pela Virgem Maria aos pastorinhos Francisco, Jacinta e L\u00facia, com um forte apelo \u00e0 convers\u00e3o, \u00e0 ora\u00e7\u00e3o e ao sacrif\u00edcio.<\/p>\n<p>\u201cMaria sabe que a causa das piores desgra\u00e7as humanas \u00e9 o pecado e sempre mostrou ter uma forte preocupa\u00e7\u00e3o pelos pecadores, a fim de impedir que fossem para o Inferno\u201d, ressaltou o Prelado.<\/p>\n<p>Por isso, pontuou, \u201caqui em F\u00e1tima, (a Virgem) recomendou com insist\u00eancia aos tr\u00eas videntes que rezassem e fizessem penit\u00eancia pela convers\u00e3o dos pecadores, pelo fim da guerra e pela paz no mundo, de forma a evitar tribula\u00e7\u00f5es para o mundo e persegui\u00e7\u00f5es para a Igreja\u201d.<\/p>\n<p>\u201cPermane\u00e7amos sob o seu manto de Luz. Renovemos a nossa confian\u00e7a na sua intercess\u00e3o e no seu cuidado para com cada um de n\u00f3s\u201d, exortou o Prelado, convidando os fi\u00e9is a recorrerem \u201c\u00e0 prote\u00e7\u00e3o de Maria\u201d, \u201csobretudo nas dificuldades e nos sofrimentos\u201d.(ACI Digital)<\/p>\n<p>Bispo Em\u00e9rito de Hong Kong, Cardeal John Tong \/ Foto: Facebook Santu\u00e1rio de F\u00e1tima<\/p>\n","protected":false},"excerpt":{"rendered":"<p>Pela primeira vez, um prelado chin\u00eas presidiu a Peregrina\u00e7\u00e3o Internacional Anivers\u00e1ria de F\u00e1tima, tratou-se do Bispo Em\u00e9rito de Hong Kong, Cardeal John Tong, que rezou pela&nbsp;Igreja&nbsp;Cat\u00f3lica na China e pediu que os devotos da Virgem se unissem a esta inten\u00e7\u00e3o. \u201cO governo chin\u00eas caminha para a cria\u00e7\u00e3o de uma igreja nacional aut\u00f4noma, atrav\u00e9s de uma&nbsp;<\/p>\n<p><a class=\"btn btn-style\" href=\"http:\/\/portalcatolico.net\/portal\/novenario-e-festa-de-santa-rita-de-cassia-em-itabuna\/\">Continue Reading<\/a><\/p>\n","protected":false},"author":2,"featured_media":55313,"comment_status":"open","ping_status":"open","sticky":false,"template":"","format":"standard","meta":{"footnotes":""},"categories":[5],"tags":[],"class_list":["post-55302","post","type-post","status-publish","format-standard","has-post-thumbnail","hentry","category-igreja_no_mundo"],"_links":{"self":[{"href":"http:\/\/portalcatolico.net\/portal\/wp-json\/wp\/v2\/posts\/55302","targetHints":{"allow":["GET"]}}],"collection":[{"href":"http:\/\/portalcatolico.net\/portal\/wp-json\/wp\/v2\/posts"}],"about":[{"href":"http:\/\/portalcatolico.net\/portal\/wp-json\/wp\/v2\/types\/post"}],"author":[{"embeddable":true,"href":"http:\/\/portalcatolico.net\/portal\/wp-json\/wp\/v2\/users\/2"}],"replies":[{"embeddable":true,"href":"http:\/\/portalcatolico.net\/portal\/wp-json\/wp\/v2\/comments?post=55302"}],"version-history":[{"count":3,"href":"http:\/\/portalcatolico.net\/portal\/wp-json\/wp\/v2\/posts\/55302\/revisions"}],"predecessor-version":[{"id":55314,"href":"http:\/\/portalcatolico.net\/portal\/wp-json\/wp\/v2\/posts\/55302\/revisions\/55314"}],"wp:featuredmedia":[{"embeddable":true,"href":"http:\/\/portalcatolico.net\/portal\/wp-json\/wp\/v2\/media\/55313"}],"wp:attachment":[{"href":"http:\/\/portalcatolico.net\/portal\/wp-json\/wp\/v2\/media?parent=55302"}],"wp:term":[{"taxonomy":"category","embeddable":true,"href":"http:\/\/portalcatolico.net\/portal\/wp-json\/wp\/v2\/categories?post=55302"},{"taxonomy":"post_tag","embeddable":true,"href":"http:\/\/portalcatolico.net\/portal\/wp-json\/wp\/v2\/tags?post=55302"}],"curies":[{"name":"wp","href":"https:\/\/api.w.org\/{rel}","templated":true}]}}