{"id":55296,"date":"2018-05-13T21:52:04","date_gmt":"2018-05-14T00:52:04","guid":{"rendered":"http:\/\/portalcatolico.net\/portal\/?p=55296"},"modified":"2018-05-13T21:52:41","modified_gmt":"2018-05-14T00:52:41","slug":"paroquia-santa-rita-de-cassia-inaugura-monumento-homenagem-ao-frei-joaquim-cameli","status":"publish","type":"post","link":"http:\/\/portalcatolico.net\/portal\/paroquia-santa-rita-de-cassia-inaugura-monumento-homenagem-ao-frei-joaquim-cameli\/","title":{"rendered":"Par\u00f3quia Santa Rita de C\u00e1ssia  inaugura monumento homenagem ao Frei Joaquim Cameli"},"content":{"rendered":"<p>O t\u00e3o esperado dia da inaugura\u00e7\u00e3o do monumento em homenagem a uns  dos maiores construtores de templos sagrados do Brasil, Frei Joaquim Cameli, aconteceu neste s\u00e1bado, 12 de maio, na Par\u00f3quia Santa Rita de C\u00e1ssia, situada no Bairro S\u00e3o Caetano em Itabuna (BA).<\/p>\n<p>O legado do Mission\u00e1rio italiano n\u00e3o ser\u00e1 esquecido pelos fi\u00e9is da Igreja de Santa Rita. O sacerdote (in memorian), ganhou  o  monumento localizado no estacionamento, logo  na entrada  da igreja matriz.<\/p>\n<p>Para a inaugura\u00e7\u00e3o do monumento, foi celebrada uma missa, \u00e0s 18h, com a presid\u00eancia<\/p>\n<p>do Bispo da Diocese de Itabuna, Dom Carlos Alberto dos Santos,  e concelebrada pelos Frades Capuchinhos da Par\u00f3quia Santa Rita de C\u00e1ssia e da Prov\u00edncia Bahia e Sergipe.  <\/p>\n<p>Na homilia, Dom Carlos parabenizou aos paroquianos e fieis de Santa Rita: \u201cParab\u00e9ns a esta par\u00f3quia e \u00e0s pessoas que aqui se encontram, pois est\u00e3o aqui colocando em pr\u00e1tica os ensinamentos do Senhor\u201d.<\/p>\n<p>\u00c0s 19h30 ,Dom Carlos e os padres presentes aben\u00e7oaram o monumento, na presen\u00e7a de  autoridades religiosas, pol\u00edticas e de todos os fieis e devotos que aguardavam ansiosamente por este momento.<\/p>\n<p>Na oporunidade, Dom Carlos falou sobre este momento especial e sobre o anivers\u00e1rio de 50 anos da Par\u00f3quia de Santa Rita: \u201cSanta Rita completando seus 50 anos de exist\u00eancia, de cria\u00e7\u00e3o, queremos louvar e agradecer a Deus por essa evangeliza\u00e7\u00e3o, e hoje ainda tivemos a inaugura\u00e7\u00e3o do monumento do Frei Joaquim. Ent\u00e3o, com tudo isso, desejamos que sejam sinais para todos n\u00f3s, de verdadeira disposi\u00e7\u00e3o, para o Evangelho continuar acontecendo. Frei Joaquim que foi um homem construtor de igrejas, mas que sobretudo foi um homem construtor de cora\u00e7\u00f5es e idas para a edifica\u00e7\u00e3o do Reino de Deus\u201d, declarou Dom Carlos Alberto.<\/p>\n<p>Vale ressaltar que, Frei Joaquim Cameli faleceu no dia 10 de julho de 2017, aos 87 anos, e por ser devoto de Santa Rita de C\u00e1ssia, pediu ainda em vida, para ser sepultado aos p\u00e9s da santa, e queria que um monumento fosse constru\u00eddo na igreja matriz, em sua homenagem: \u201cEu quero ficar de frente para Cristo e Cristo de frente para mim na pra\u00e7a da igreja\u201d, disse frei Cameli. E assim foi feito!<\/p>\n<p>Texto:Reda\u00e7\u00e3o\/Portal Cat\u00f3lico<\/p>\n","protected":false},"excerpt":{"rendered":"<p>O t\u00e3o esperado dia da inaugura\u00e7\u00e3o do monumento em homenagem a uns dos maiores construtores de templos sagrados do Brasil, Frei Joaquim Cameli, aconteceu neste s\u00e1bado, 12 de maio, na Par\u00f3quia Santa Rita de C\u00e1ssia, situada no Bairro S\u00e3o Caetano em Itabuna (BA). O legado do Mission\u00e1rio italiano n\u00e3o ser\u00e1 esquecido pelos fi\u00e9is da Igreja&nbsp;<\/p>\n<p><a class=\"btn btn-style\" href=\"http:\/\/portalcatolico.net\/portal\/paroquia-santa-rita-de-cassia-inaugura-monumento-homenagem-ao-frei-joaquim-cameli\/\">Continue Reading<\/a><\/p>\n","protected":false},"author":2,"featured_media":55297,"comment_status":"open","ping_status":"open","sticky":false,"template":"","format":"standard","meta":{"footnotes":""},"categories":[65],"tags":[],"class_list":["post-55296","post","type-post","status-publish","format-standard","has-post-thumbnail","hentry","category-entrevistas"],"_links":{"self":[{"href":"http:\/\/portalcatolico.net\/portal\/wp-json\/wp\/v2\/posts\/55296","targetHints":{"allow":["GET"]}}],"collection":[{"href":"http:\/\/portalcatolico.net\/portal\/wp-json\/wp\/v2\/posts"}],"about":[{"href":"http:\/\/portalcatolico.net\/portal\/wp-json\/wp\/v2\/types\/post"}],"author":[{"embeddable":true,"href":"http:\/\/portalcatolico.net\/portal\/wp-json\/wp\/v2\/users\/2"}],"replies":[{"embeddable":true,"href":"http:\/\/portalcatolico.net\/portal\/wp-json\/wp\/v2\/comments?post=55296"}],"version-history":[{"count":1,"href":"http:\/\/portalcatolico.net\/portal\/wp-json\/wp\/v2\/posts\/55296\/revisions"}],"predecessor-version":[{"id":55298,"href":"http:\/\/portalcatolico.net\/portal\/wp-json\/wp\/v2\/posts\/55296\/revisions\/55298"}],"wp:featuredmedia":[{"embeddable":true,"href":"http:\/\/portalcatolico.net\/portal\/wp-json\/wp\/v2\/media\/55297"}],"wp:attachment":[{"href":"http:\/\/portalcatolico.net\/portal\/wp-json\/wp\/v2\/media?parent=55296"}],"wp:term":[{"taxonomy":"category","embeddable":true,"href":"http:\/\/portalcatolico.net\/portal\/wp-json\/wp\/v2\/categories?post=55296"},{"taxonomy":"post_tag","embeddable":true,"href":"http:\/\/portalcatolico.net\/portal\/wp-json\/wp\/v2\/tags?post=55296"}],"curies":[{"name":"wp","href":"https:\/\/api.w.org\/{rel}","templated":true}]}}