{"id":55289,"date":"2018-05-13T11:27:32","date_gmt":"2018-05-13T14:27:32","guid":{"rendered":"http:\/\/portalcatolico.net\/portal\/?p=55289"},"modified":"2018-05-13T11:30:37","modified_gmt":"2018-05-13T14:30:37","slug":"ecc-e-a-paroquia-santa-rita-de-cassia-realiza-cafe-da-manha-em-especial-ao-dia-das-maes","status":"publish","type":"post","link":"http:\/\/portalcatolico.net\/portal\/ecc-e-a-paroquia-santa-rita-de-cassia-realiza-cafe-da-manha-em-especial-ao-dia-das-maes\/","title":{"rendered":"ECC  da Par\u00f3quia Santa Rita de C\u00e1ssia realizou caf\u00e9 da manh\u00e3 em especial ao dia das m\u00e3es"},"content":{"rendered":"<p>Aconteceu neste domingo,14 de maio, no sal\u00e3o paroquial da igreja matriz de Santa Rita de C\u00e1ssia, situada no bairro S\u00e3o Caetano em Itabuna (BA), um delicioso caf\u00e9 da manh\u00e3 em prol do XXIII ECC (Encontro de Casais Com Cristo), que ser\u00e1 realizado em julho de 2018.<br \/>\nO dia t\u00e3o especial teve in\u00edcio com a Santa Missa \u00e0s 6h30min, que foi presidida por Frei Jos\u00e9 Genilton Castro , p\u00e1roco da par\u00f3quia Santa Rita de C\u00e1ssia. Logo em seguida, \u00e0s 8h, foi servido o caf\u00e9 em comemora\u00e7\u00e3o ao Dias das m\u00e3es.<\/p>\n<p>O evento, que j\u00e1 \u00e9 tradi\u00e7\u00e3o, reuniu uma grande quantidade de m\u00e3es, com seus filhos, netos e esposos. Em m\u00e9dia, 600 pessoas estiveram neste caf\u00e9 da manh\u00e3, estiveram presentes das irm\u00e3s  franciscanas e os frades capuchinhos.<br \/>\nA equipe do Portal Cat\u00f3lico aproveita a data marcante para parabenizar todas as m\u00e3es por este dia t\u00e3o significativo e importante!<br \/>\nTexto e fotos: Reda\u00e7\u00e3o\/Portal Cat\u00f3lico.net<\/p>\n","protected":false},"excerpt":{"rendered":"<p>Aconteceu neste domingo,14 de maio, no sal\u00e3o paroquial da igreja matriz de Santa Rita de C\u00e1ssia, situada no bairro S\u00e3o Caetano em Itabuna (BA), um delicioso caf\u00e9 da manh\u00e3 em prol do XXIII ECC (Encontro de Casais Com Cristo), que ser\u00e1 realizado em julho de 2018. O dia t\u00e3o especial teve in\u00edcio com a Santa&nbsp;<\/p>\n<p><a class=\"btn btn-style\" href=\"http:\/\/portalcatolico.net\/portal\/ecc-e-a-paroquia-santa-rita-de-cassia-realiza-cafe-da-manha-em-especial-ao-dia-das-maes\/\">Continue Reading<\/a><\/p>\n","protected":false},"author":2,"featured_media":55290,"comment_status":"open","ping_status":"open","sticky":false,"template":"","format":"standard","meta":{"footnotes":""},"categories":[4],"tags":[],"class_list":["post-55289","post","type-post","status-publish","format-standard","has-post-thumbnail","hentry","category-destaques"],"_links":{"self":[{"href":"http:\/\/portalcatolico.net\/portal\/wp-json\/wp\/v2\/posts\/55289","targetHints":{"allow":["GET"]}}],"collection":[{"href":"http:\/\/portalcatolico.net\/portal\/wp-json\/wp\/v2\/posts"}],"about":[{"href":"http:\/\/portalcatolico.net\/portal\/wp-json\/wp\/v2\/types\/post"}],"author":[{"embeddable":true,"href":"http:\/\/portalcatolico.net\/portal\/wp-json\/wp\/v2\/users\/2"}],"replies":[{"embeddable":true,"href":"http:\/\/portalcatolico.net\/portal\/wp-json\/wp\/v2\/comments?post=55289"}],"version-history":[{"count":3,"href":"http:\/\/portalcatolico.net\/portal\/wp-json\/wp\/v2\/posts\/55289\/revisions"}],"predecessor-version":[{"id":55295,"href":"http:\/\/portalcatolico.net\/portal\/wp-json\/wp\/v2\/posts\/55289\/revisions\/55295"}],"wp:featuredmedia":[{"embeddable":true,"href":"http:\/\/portalcatolico.net\/portal\/wp-json\/wp\/v2\/media\/55290"}],"wp:attachment":[{"href":"http:\/\/portalcatolico.net\/portal\/wp-json\/wp\/v2\/media?parent=55289"}],"wp:term":[{"taxonomy":"category","embeddable":true,"href":"http:\/\/portalcatolico.net\/portal\/wp-json\/wp\/v2\/categories?post=55289"},{"taxonomy":"post_tag","embeddable":true,"href":"http:\/\/portalcatolico.net\/portal\/wp-json\/wp\/v2\/tags?post=55289"}],"curies":[{"name":"wp","href":"https:\/\/api.w.org\/{rel}","templated":true}]}}