{"id":55280,"date":"2018-05-12T22:44:32","date_gmt":"2018-05-13T01:44:32","guid":{"rendered":"http:\/\/portalcatolico.net\/portal\/?p=55280"},"modified":"2018-05-12T22:48:28","modified_gmt":"2018-05-13T01:48:28","slug":"missa-de-consagracao-em-itabuna","status":"publish","type":"post","link":"http:\/\/portalcatolico.net\/portal\/missa-de-consagracao-em-itabuna\/","title":{"rendered":"Missa de Consagra\u00e7\u00e3o  em Itabuna"},"content":{"rendered":"<p>No \u00faltimo dia 10 de Maio na Par\u00f3quia S\u00e3o Judas Tadeu foi realizado a missa de Consagra\u00e7\u00e3o de Liliane Santos Santana e J\u00f4se Danielle Batista Santos como Virgens Consagradas a Santa Igreja. Missa presidida pelo Bispo Diocesano Dom Carlos Alberto dos Santos, Dom Czeslaw Stanula Bispo Em\u00e9rito desta diocese, Padre Edivaldo Borges e Padre Ac\u00e1ssio Alves.<\/p>\n<p>Ser uma virgem consagrada, n\u00e3o uma freira, significa vive de forma independente, tem emprego em tempo integral e organiza seu tempo da maneira que melhor lhe convier. Isso incluir ir \u00e0 missa e rezar v\u00e1rias horas por dia. As freiras, por suas vez, costumam viver em comunidades de irm\u00e3s e t\u00eam seu tempo submetido a rotinas r\u00edgidas.<\/p>\n<p>Atrav\u00e9s das virgens consagradas o Espirito de Deus testemunha no interior da Igreja Primitiva, o in\u00edcio de um novo tempo, do tempo do Reino dos C\u00e9us. Pelo testemunho daquelas mulheres que se consagravam incondicionalmente a Deus, percebia-se que nascia a partir de Cristo, uma nova mentalidade, a mentalidade do Reino de Deus, o voltar-se para as coisas do alto. Tal mentalidade era diferente daquela do juda\u00edsmo, fundada na terra e na posteridade.<\/p>\n<p>As virgens consagradas constituem uma imagem escatol\u00f3gica especial da Esposa celeste e da vida futura, quando finalmente, a Igreja viver\u00e1 em plenitude o seu amor por Cristo Esposo.<br \/>\nAs virgens sagradas, impelidas pelo Esp\u00edrito Santo, consagram a Deus a sua castidade<br \/>\npara mais fervorosamente amarem a Cristo e mais diligentemente servirem os irm\u00e3os.<\/p>\n<p>Com efeito, as virgens crist\u00e3s devem dedicar-se, de acordo com o seu estado e os seus<br \/>\ncarismas, \u00e0s obras de penit\u00eancia e de miseric\u00f3rdia, \u00e0 a\u00e7\u00e3o apost\u00f3lica e \u00e0 ora\u00e7\u00e3o sagrada.<br \/>\nPara o desempenho do munus da ora\u00e7\u00e3o, com veem\u00eancia se convidam as virgens<br \/>\nsagradas a recitarem diariamente o Of\u00edcio Divino, em especial as Laudes \u00e9 as V\u00e9speras;<br \/>\nassim, juntando a sua voz \u00e0 de Cristo Sumo Sacerdote e \u00e0 da Santa Igreja, louvam<br \/>\nincessantemente o Pai celeste e intercedem pela salva\u00e7\u00e3o de todo o mundo.<\/p>\n<p>Texto e foto: Pascom- Diocese de Itabuna <\/p>\n","protected":false},"excerpt":{"rendered":"<p>No \u00faltimo dia 10 de Maio na Par\u00f3quia S\u00e3o Judas Tadeu foi realizado a missa de Consagra\u00e7\u00e3o de Liliane Santos Santana e J\u00f4se Danielle Batista Santos como Virgens Consagradas a Santa Igreja. Missa presidida pelo Bispo Diocesano Dom Carlos Alberto dos Santos, Dom Czeslaw Stanula Bispo Em\u00e9rito desta diocese, Padre Edivaldo Borges e Padre Ac\u00e1ssio&nbsp;<\/p>\n<p><a class=\"btn btn-style\" href=\"http:\/\/portalcatolico.net\/portal\/missa-de-consagracao-em-itabuna\/\">Continue Reading<\/a><\/p>\n","protected":false},"author":2,"featured_media":55278,"comment_status":"open","ping_status":"open","sticky":false,"template":"","format":"standard","meta":{"footnotes":""},"categories":[4],"tags":[],"class_list":["post-55280","post","type-post","status-publish","format-standard","has-post-thumbnail","hentry","category-destaques"],"_links":{"self":[{"href":"http:\/\/portalcatolico.net\/portal\/wp-json\/wp\/v2\/posts\/55280","targetHints":{"allow":["GET"]}}],"collection":[{"href":"http:\/\/portalcatolico.net\/portal\/wp-json\/wp\/v2\/posts"}],"about":[{"href":"http:\/\/portalcatolico.net\/portal\/wp-json\/wp\/v2\/types\/post"}],"author":[{"embeddable":true,"href":"http:\/\/portalcatolico.net\/portal\/wp-json\/wp\/v2\/users\/2"}],"replies":[{"embeddable":true,"href":"http:\/\/portalcatolico.net\/portal\/wp-json\/wp\/v2\/comments?post=55280"}],"version-history":[{"count":4,"href":"http:\/\/portalcatolico.net\/portal\/wp-json\/wp\/v2\/posts\/55280\/revisions"}],"predecessor-version":[{"id":55285,"href":"http:\/\/portalcatolico.net\/portal\/wp-json\/wp\/v2\/posts\/55280\/revisions\/55285"}],"wp:featuredmedia":[{"embeddable":true,"href":"http:\/\/portalcatolico.net\/portal\/wp-json\/wp\/v2\/media\/55278"}],"wp:attachment":[{"href":"http:\/\/portalcatolico.net\/portal\/wp-json\/wp\/v2\/media?parent=55280"}],"wp:term":[{"taxonomy":"category","embeddable":true,"href":"http:\/\/portalcatolico.net\/portal\/wp-json\/wp\/v2\/categories?post=55280"},{"taxonomy":"post_tag","embeddable":true,"href":"http:\/\/portalcatolico.net\/portal\/wp-json\/wp\/v2\/tags?post=55280"}],"curies":[{"name":"wp","href":"https:\/\/api.w.org\/{rel}","templated":true}]}}