{"id":55253,"date":"2018-05-11T20:00:21","date_gmt":"2018-05-11T23:00:21","guid":{"rendered":"http:\/\/portalcatolico.net\/portal\/?p=55253"},"modified":"2018-05-11T20:20:00","modified_gmt":"2018-05-11T23:20:00","slug":"comunidade-rainha-da-paz-realiza-o-caruru-solidario-neste-sabado","status":"publish","type":"post","link":"http:\/\/portalcatolico.net\/portal\/comunidade-rainha-da-paz-realiza-o-caruru-solidario-neste-sabado\/","title":{"rendered":"Comunidade Rainha da Paz realiza o Caruru Solid\u00e1rio neste s\u00e1bado"},"content":{"rendered":"<p class=\"m_9204563784576595800xmsonormal\"><em>A Comunidade Rainha da Paz, com sede Rua Bar\u00e3o do Rio Branco, N\u00aa 218, no centro da cidade de Itabuna (BA),\u00a0\u00a0est\u00e1 realizando neste\u00a0\u00a0pr\u00f3ximo s\u00e1bado,\u00a0\u00a0dia 12 de maio,\u00a0\u00a0um Caruru Solid\u00e1rio, que tem como objetivo arrecadar fundos que ajudar\u00e3o na realiza\u00e7\u00e3o do\u00a0\u00a0\u201c<b>20\u00ba\u00a0\u00a0SEMEAR<\/b>\u00a0: Encontro do povo de Deus\u201d. O Semear est\u00e1 previsto para acontecer nos dias 14 e 15 de julho no col\u00e9gio Sistema em Itabuna.<\/em><u><\/u><u><\/u><\/p>\n<p class=\"m_9204563784576595800xmsonormal\"><em>O\u00a0\u00a0Caruru Solid\u00e1rio disponibilizar\u00e1 quentinhas no valor de\u00a0\u00a0R$ 15,00 .<u><\/u><u><\/u><\/em><\/p>\n<p class=\"m_9204563784576595800xmsonormal\"><em>Para maiores informa\u00e7\u00f5es, entre em contato pelo telefone: (73) 9 9126-8563.<u><\/u><u><\/u><\/em><\/p>\n<p class=\"m_9204563784576595800xmsonormal\"><em>Participe!<\/em><\/p>\n","protected":false},"excerpt":{"rendered":"<p>A Comunidade Rainha da Paz, com sede Rua Bar\u00e3o do Rio Branco, N\u00aa 218, no centro da cidade de Itabuna (BA),\u00a0\u00a0est\u00e1 realizando neste\u00a0\u00a0pr\u00f3ximo s\u00e1bado,\u00a0\u00a0dia 12 de maio,\u00a0\u00a0um Caruru Solid\u00e1rio, que tem como objetivo arrecadar fundos que ajudar\u00e3o na realiza\u00e7\u00e3o do\u00a0\u00a0\u201c20\u00ba\u00a0\u00a0SEMEAR\u00a0: Encontro do povo de Deus\u201d. O Semear est\u00e1 previsto para acontecer nos dias 14 e&nbsp;<\/p>\n<p><a class=\"btn btn-style\" href=\"http:\/\/portalcatolico.net\/portal\/comunidade-rainha-da-paz-realiza-o-caruru-solidario-neste-sabado\/\">Continue Reading<\/a><\/p>\n","protected":false},"author":2,"featured_media":55254,"comment_status":"open","ping_status":"open","sticky":false,"template":"","format":"standard","meta":{"footnotes":""},"categories":[2],"tags":[],"class_list":["post-55253","post","type-post","status-publish","format-standard","has-post-thumbnail","hentry","category-eventos"],"_links":{"self":[{"href":"http:\/\/portalcatolico.net\/portal\/wp-json\/wp\/v2\/posts\/55253","targetHints":{"allow":["GET"]}}],"collection":[{"href":"http:\/\/portalcatolico.net\/portal\/wp-json\/wp\/v2\/posts"}],"about":[{"href":"http:\/\/portalcatolico.net\/portal\/wp-json\/wp\/v2\/types\/post"}],"author":[{"embeddable":true,"href":"http:\/\/portalcatolico.net\/portal\/wp-json\/wp\/v2\/users\/2"}],"replies":[{"embeddable":true,"href":"http:\/\/portalcatolico.net\/portal\/wp-json\/wp\/v2\/comments?post=55253"}],"version-history":[{"count":1,"href":"http:\/\/portalcatolico.net\/portal\/wp-json\/wp\/v2\/posts\/55253\/revisions"}],"predecessor-version":[{"id":55255,"href":"http:\/\/portalcatolico.net\/portal\/wp-json\/wp\/v2\/posts\/55253\/revisions\/55255"}],"wp:featuredmedia":[{"embeddable":true,"href":"http:\/\/portalcatolico.net\/portal\/wp-json\/wp\/v2\/media\/55254"}],"wp:attachment":[{"href":"http:\/\/portalcatolico.net\/portal\/wp-json\/wp\/v2\/media?parent=55253"}],"wp:term":[{"taxonomy":"category","embeddable":true,"href":"http:\/\/portalcatolico.net\/portal\/wp-json\/wp\/v2\/categories?post=55253"},{"taxonomy":"post_tag","embeddable":true,"href":"http:\/\/portalcatolico.net\/portal\/wp-json\/wp\/v2\/tags?post=55253"}],"curies":[{"name":"wp","href":"https:\/\/api.w.org\/{rel}","templated":true}]}}