{"id":55250,"date":"2018-05-11T20:15:26","date_gmt":"2018-05-11T23:15:26","guid":{"rendered":"http:\/\/portalcatolico.net\/portal\/?p=55250"},"modified":"2018-05-11T20:16:11","modified_gmt":"2018-05-11T23:16:11","slug":"nossa-senhora-de-fatima-sera-celebrada-neste-domingo-em-itabuna","status":"publish","type":"post","link":"http:\/\/portalcatolico.net\/portal\/nossa-senhora-de-fatima-sera-celebrada-neste-domingo-em-itabuna\/","title":{"rendered":"Nossa Senhora de F\u00e1tima ser\u00e1 celebrada neste domingo em Itabuna"},"content":{"rendered":"<p style=\"font-weight: 400;\"><em>Os preparativos para festejar\u00a0\u00a0Nossa Senhora de F\u00e1tima no dia 13, continuam em Itabuna.<\/em><\/p>\n<p style=\"font-weight: 400;\"><em>\u00a0O Noven\u00e1rio\u00a0\u00a0 teve in\u00edcio no dia 03 deste m\u00eas e segue at\u00e9 o pr\u00f3ximo\u00a0\u00a0domingo (13), com o \u00a0tema central da festa: \u201cNossa Senhora de F\u00e1tima, ensina-nos a ser sal e luz no mundo\u201d e o lema \u201cAssim brilhe a Vossa luz diante dos homens (Mt 5, 16)\u201d.<\/em><\/p>\n<p style=\"font-weight: 400;\"><em>Neste s\u00e1bado\u00a0\u00a0(12), a santa missa acontece \u00e0s 7h da manh\u00e3 na Igreja matriz.\u00a0\u00a0\u00c0\u00a0\u00a0noite, a novena tem continua\u00e7\u00e3o \u00e0s 18h com a ora\u00e7\u00e3o do\u00a0\u00a0ter\u00e7o e santo of\u00edcio. \u00c0s 19h, o\u00a0\u00a0subtema da \u00faltima noite\u00a0\u00a0da novena ser\u00e1: \u201cAssim brilha vossa luz diante dos homens, para serdes sal da terra e luz do mundo\u201d.<\/em><\/p>\n<p style=\"font-weight: 400;\"><em>Vale ressaltar que a igreja matriz de Nossa Senhora de F\u00e1tima situa-se\u00a0\u00a0na Avenida Juraci Magalh\u00e3es, no bairro de F\u00e1tima em Itabuna e tem como p\u00e1roco, o Pe.Nicolau Klak.<\/em><\/p>\n<p><em>\u00a0<\/em><em><strong>13 de maio: dia festivo<\/strong><\/em><\/p>\n<p><em>O dia festivo come\u00e7ar\u00e1 \u00e0s 5h com a alvorada, seguida da santa missa por volta das 7h. \u00c0s 12h tem louvor a Maria e queima de fogos. No per\u00edodo da tarde, \u00e0s 15h, tem ora\u00e7\u00e3o do ter\u00e7o e o santo of\u00edcio. E \u00e0 noite, para finalizar, \u00e0s 18h, tem missa solene presidida pelo bispo diocesano Dom Carlos Alberto dos Santos, seguida da tradicional prociss\u00e3o pelas ruas do bairro com a imagem da santa.<\/em><\/p>\n<p><em>\u00a0<\/em><\/p>\n<p style=\"font-weight: 400;\"><em><strong>Hist\u00f3ria<\/strong><\/em><em>&#8211; Em 13 de Maio de 1917, tr\u00eas crian\u00e7as apascentavam um pequeno rebanho na Cova da Iria, freguesia de F\u00e1tima, concelho de Vila Nova de Our\u00e9m, hoje diocese de Leiria-F\u00e1tima. Chamavam-se L\u00facia de Jesus, de 10 anos, e Francisco e Jacinta Marto, seus primos, de 9 e 7 anos. Por volta do meio dia, depois de rezarem o ter\u00e7o, como habitualmente faziam, entretinham-se a construir uma pequena casa de pedras soltas, no local onde hoje se encontra a Bas\u00edlica. De repente, viram uma luz brilhante; julgando ser um rel\u00e2mpago, decidiram ir-se embora, mas, logo abaixo, outro clar\u00e3o iluminou o espa\u00e7o, e viram em cima de uma pequena azinheira (onde agora se encontra a Capelinha das Apari\u00e7\u00f5es), uma \u201cSenhora mais brilhante que o sol\u201d, de cujas m\u00e3os pendia um ter\u00e7o branco.<\/em><\/p>\n<p style=\"font-weight: 400;\">Por:Reda\u00e7\u00e3o\/Portal Cat\u00f3lico<\/p>\n<p style=\"font-weight: 400;\">\n","protected":false},"excerpt":{"rendered":"<p>Os preparativos para festejar\u00a0\u00a0Nossa Senhora de F\u00e1tima no dia 13, continuam em Itabuna. \u00a0O Noven\u00e1rio\u00a0\u00a0 teve in\u00edcio no dia 03 deste m\u00eas e segue at\u00e9 o pr\u00f3ximo\u00a0\u00a0domingo (13), com o \u00a0tema central da festa: \u201cNossa Senhora de F\u00e1tima, ensina-nos a ser sal e luz no mundo\u201d e o lema \u201cAssim brilhe a Vossa luz diante&nbsp;<\/p>\n<p><a class=\"btn btn-style\" href=\"http:\/\/portalcatolico.net\/portal\/nossa-senhora-de-fatima-sera-celebrada-neste-domingo-em-itabuna\/\">Continue Reading<\/a><\/p>\n","protected":false},"author":2,"featured_media":55251,"comment_status":"open","ping_status":"open","sticky":false,"template":"","format":"standard","meta":{"footnotes":""},"categories":[4],"tags":[],"class_list":["post-55250","post","type-post","status-publish","format-standard","has-post-thumbnail","hentry","category-destaques"],"_links":{"self":[{"href":"http:\/\/portalcatolico.net\/portal\/wp-json\/wp\/v2\/posts\/55250","targetHints":{"allow":["GET"]}}],"collection":[{"href":"http:\/\/portalcatolico.net\/portal\/wp-json\/wp\/v2\/posts"}],"about":[{"href":"http:\/\/portalcatolico.net\/portal\/wp-json\/wp\/v2\/types\/post"}],"author":[{"embeddable":true,"href":"http:\/\/portalcatolico.net\/portal\/wp-json\/wp\/v2\/users\/2"}],"replies":[{"embeddable":true,"href":"http:\/\/portalcatolico.net\/portal\/wp-json\/wp\/v2\/comments?post=55250"}],"version-history":[{"count":1,"href":"http:\/\/portalcatolico.net\/portal\/wp-json\/wp\/v2\/posts\/55250\/revisions"}],"predecessor-version":[{"id":55252,"href":"http:\/\/portalcatolico.net\/portal\/wp-json\/wp\/v2\/posts\/55250\/revisions\/55252"}],"wp:featuredmedia":[{"embeddable":true,"href":"http:\/\/portalcatolico.net\/portal\/wp-json\/wp\/v2\/media\/55251"}],"wp:attachment":[{"href":"http:\/\/portalcatolico.net\/portal\/wp-json\/wp\/v2\/media?parent=55250"}],"wp:term":[{"taxonomy":"category","embeddable":true,"href":"http:\/\/portalcatolico.net\/portal\/wp-json\/wp\/v2\/categories?post=55250"},{"taxonomy":"post_tag","embeddable":true,"href":"http:\/\/portalcatolico.net\/portal\/wp-json\/wp\/v2\/tags?post=55250"}],"curies":[{"name":"wp","href":"https:\/\/api.w.org\/{rel}","templated":true}]}}