{"id":55247,"date":"2018-05-11T20:04:02","date_gmt":"2018-05-11T23:04:02","guid":{"rendered":"http:\/\/portalcatolico.net\/portal\/?p=55247"},"modified":"2018-05-11T20:04:02","modified_gmt":"2018-05-11T23:04:02","slug":"bispos-do-chile-com-a-esperanca-de-uma-profunda-renovacao","status":"publish","type":"post","link":"http:\/\/portalcatolico.net\/portal\/bispos-do-chile-com-a-esperanca-de-uma-profunda-renovacao\/","title":{"rendered":"Bispos do Chile: com a esperan\u00e7a de uma profunda renova\u00e7\u00e3o"},"content":{"rendered":"<p><em>Os Bispos do Comit\u00ea Permanente da Confer\u00eancia Episcopal do Chile apresentaram uma declara\u00e7\u00e3o sobre a prepara\u00e7\u00e3o para o pr\u00f3ximo encontro convocado pelo Papa Francisco de 14-15 de maio no Vaticano.<\/em><\/p>\n<p><em>O Santo Padre convocou os Bispos do Chile ao Vaticano de 14-17 deste m\u00eas de maio. No encontro ser\u00e3o apresentadas as conclus\u00f5es da recente visita de D. Charles Scicluna ao Chile e ser\u00e1 ocasi\u00e3o para estabelecer um di\u00e1logo aberto e fraterno para colaborar \u201cno discernimento das medidas que em breve, m\u00e9dio e longo prazo dever\u00e3o ser adotadas para restabelecer a comunh\u00e3o eclesial no Chile, com o objetivo de reparar o m\u00e1ximo poss\u00edvel o esc\u00e2ndalo e restabelecer a justi\u00e7a\u201d. Tamb\u00e9m declaram: \u201cCom humildade e esperan\u00e7a respondemos \u00e0 chamada do sucessor de Pedro\u201d.<\/em><\/p>\n<p><em>O comunicado tamb\u00e9m afirma &#8220;que juntos com o papa podemos exprimir \u201cdor e vergonha com rela\u00e7\u00e3o aos crimes cometidos contra as crian\u00e7as e os adultos em ambientes eclesiais\u201d. Conscientes de que \u201capesar das iniciativas tomadas pela Igreja nestes \u00faltimos anos nem sempre se conseguiu curar as feridas dos abusos, que continuam a ser uma chaga aberta nos cora\u00e7\u00f5es das v\u00edtimas e do povo de Deus\u201d.<\/em><\/p>\n<p><em><strong>Encontro do Papa com as v\u00edtimas<\/strong><\/em><\/p>\n<p><em>Os bispos manifestam sua total aprecia\u00e7\u00e3o pelo recente encontro do Santo Padre com as tr\u00eas v\u00edtimas de Fernando Karadima: \u201cA atitude do Papa Francisco em acolh\u00ea-los \u00e9 um exemplo e mostra a todos n\u00f3s o percurso que a Igreja chilena \u00e9 chamada a seguir diante das acusa\u00e7\u00f5es do abuso de consci\u00eancia, abuso sexual e enfim, diante de qualquer abuso de poder que pode se verificar dentro das comunidades eclesiais\u201d.<\/em><\/p>\n<p><em><strong>Apelo \u00e0 ora\u00e7\u00e3o<\/strong><\/em><\/p>\n<p><em>A nota dos bispos conclui com apelo: \u201cConfirmamos o nosso apelo a todos os fi\u00e9is do nosso pa\u00eds para que nos acompanhem com suas ora\u00e7\u00f5es dirigidas ao Deus da vida e da verdade. Confiamos na intercess\u00e3o de Nossa Senhora do Carmo para que nossa mente e o nosso cora\u00e7\u00e3o sejam dispostos ao discernimento no esp\u00edrito de Jesus Cristo, seu filho&#8221;.<\/em><\/p>\n<p>Fonte:Vaticam Midia<\/p>\n<p><em>\u00a0<\/em><\/p>\n","protected":false},"excerpt":{"rendered":"<p>Os Bispos do Comit\u00ea Permanente da Confer\u00eancia Episcopal do Chile apresentaram uma declara\u00e7\u00e3o sobre a prepara\u00e7\u00e3o para o pr\u00f3ximo encontro convocado pelo Papa Francisco de 14-15 de maio no Vaticano. O Santo Padre convocou os Bispos do Chile ao Vaticano de 14-17 deste m\u00eas de maio. No encontro ser\u00e3o apresentadas as conclus\u00f5es da recente visita&nbsp;<\/p>\n<p><a class=\"btn btn-style\" href=\"http:\/\/portalcatolico.net\/portal\/bispos-do-chile-com-a-esperanca-de-uma-profunda-renovacao\/\">Continue Reading<\/a><\/p>\n","protected":false},"author":2,"featured_media":55248,"comment_status":"open","ping_status":"open","sticky":false,"template":"","format":"standard","meta":{"footnotes":""},"categories":[5],"tags":[],"class_list":["post-55247","post","type-post","status-publish","format-standard","has-post-thumbnail","hentry","category-igreja_no_mundo"],"_links":{"self":[{"href":"http:\/\/portalcatolico.net\/portal\/wp-json\/wp\/v2\/posts\/55247","targetHints":{"allow":["GET"]}}],"collection":[{"href":"http:\/\/portalcatolico.net\/portal\/wp-json\/wp\/v2\/posts"}],"about":[{"href":"http:\/\/portalcatolico.net\/portal\/wp-json\/wp\/v2\/types\/post"}],"author":[{"embeddable":true,"href":"http:\/\/portalcatolico.net\/portal\/wp-json\/wp\/v2\/users\/2"}],"replies":[{"embeddable":true,"href":"http:\/\/portalcatolico.net\/portal\/wp-json\/wp\/v2\/comments?post=55247"}],"version-history":[{"count":1,"href":"http:\/\/portalcatolico.net\/portal\/wp-json\/wp\/v2\/posts\/55247\/revisions"}],"predecessor-version":[{"id":55249,"href":"http:\/\/portalcatolico.net\/portal\/wp-json\/wp\/v2\/posts\/55247\/revisions\/55249"}],"wp:featuredmedia":[{"embeddable":true,"href":"http:\/\/portalcatolico.net\/portal\/wp-json\/wp\/v2\/media\/55248"}],"wp:attachment":[{"href":"http:\/\/portalcatolico.net\/portal\/wp-json\/wp\/v2\/media?parent=55247"}],"wp:term":[{"taxonomy":"category","embeddable":true,"href":"http:\/\/portalcatolico.net\/portal\/wp-json\/wp\/v2\/categories?post=55247"},{"taxonomy":"post_tag","embeddable":true,"href":"http:\/\/portalcatolico.net\/portal\/wp-json\/wp\/v2\/tags?post=55247"}],"curies":[{"name":"wp","href":"https:\/\/api.w.org\/{rel}","templated":true}]}}