{"id":55236,"date":"2018-05-11T13:44:48","date_gmt":"2018-05-11T16:44:48","guid":{"rendered":"http:\/\/portalcatolico.net\/portal\/?p=55236"},"modified":"2018-05-11T13:52:03","modified_gmt":"2018-05-11T16:52:03","slug":"comecou-o-novenario-de-santa-rita-de-cassia-em-itabuna-2","status":"publish","type":"post","link":"http:\/\/portalcatolico.net\/portal\/comecou-o-novenario-de-santa-rita-de-cassia-em-itabuna-2\/","title":{"rendered":"Come\u00e7ou o Noven\u00e1rio de Santa Rita de C\u00e1ssia em Itabuna"},"content":{"rendered":"<p class=\"m_-4886520271289424688xgmail-msonospacing\"><em>O Noven\u00e1rio de Santa Rita de Cassia iniciou nesta quinta-feira (10), em Itabuna (BA). A santa missa come\u00e7ou \u00e0s 19h, na matriz situada no bairro S\u00e3o Caetano, sob a presid\u00eancia do p\u00e1roco, o Frei Jos\u00e9 Genilton.<u><\/u><u><\/u><\/em><\/p>\n<p class=\"m_-4886520271289424688xgmail-msonospacing\"><em>Na homilia o sacerdote falou um pouco sobre a trajet\u00f3ria do Mission\u00e1rio italiano, o Frei Joaquim Cameli, que nesta data, completa dez meses que partiu para a casa do Pai. \u201cEle era humilde, amigo, \u00e9 um pai espiritual e pai de todos voc\u00eas. Que alegria para n\u00f3s!\u201d<u><\/u><u><\/u><\/em><\/p>\n<p><iframe loading=\"lazy\"  id=\"_ytid_63321\"  width=\"480\" height=\"270\"  data-origwidth=\"480\" data-origheight=\"270\" src=\"https:\/\/www.youtube.com\/embed\/GiCwlpjv4TI?enablejsapi=1&#038;autoplay=0&#038;cc_load_policy=0&#038;cc_lang_pref=&#038;iv_load_policy=1&#038;loop=0&#038;rel=1&#038;fs=1&#038;playsinline=0&#038;autohide=2&#038;theme=dark&#038;color=red&#038;controls=1&#038;disablekb=0&#038;\" class=\"__youtube_prefs__  epyt-is-override  no-lazyload\" title=\"YouTube player\"  allow=\"fullscreen; accelerometer; autoplay; clipboard-write; encrypted-media; gyroscope; picture-in-picture; web-share\" referrerpolicy=\"strict-origin-when-cross-origin\" allowfullscreen data-no-lazy=\"1\" data-skipgform_ajax_framebjll=\"\"><\/iframe><\/p>\n<p class=\"m_-4886520271289424688xgmail-msonospacing\"><em>Frei Joaquim foi um dos construtores da Par\u00f3quia de Santa e est\u00e1 sepultado dentro da igreja. Ao final da missa, Frei Genilton aben\u00e7oou o t\u00famulo do sacerdote.<u><\/u><u><\/u><\/em><\/p>\n<p class=\"m_-4886520271289424688xgmail-msonospacing\"><em>\u00c0s 20h30, os Frades Capuchinhos: os freis Jos\u00e9 Genilton e Carlos In\u00e1cio\u00a0(Vig\u00e1rio\u00a0paroquial) sa\u00edram em carro aberto com a imagem de Santa Rita e formou\u00a0\u00a0uma grande carreata pelas ruas e avenidas do bairro S\u00e3o Caetano, onde a santa \u00e9 padroeira. A chegada dos ve\u00edculos foram recebidos com a b\u00ean\u00e7\u00e3o\u00a0e\u00a0\u00e1gua benta.<u><\/u><u><\/u><\/em><\/p>\n<p class=\"m_-4886520271289424688xmsonormal\" align=\"center\"><em><b><u><\/u>\u00a0<u><\/u><\/b><\/em><\/p>\n<p class=\"m_-4886520271289424688xmsonormal\"><em><b>TRANSMISS\u00c3O AO VIVO DO NOVEN\u00c1RIO\u00a0\u00a0\u00a0<\/b><\/em><u><\/u><u><\/u><\/p>\n<p class=\"m_-4886520271289424688xmsonormal\"><em><u><\/u>\u00a0<u><\/u><\/em><\/p>\n<p class=\"m_-4886520271289424688xmsonormal\"><em>O Portal Cat\u00f3lico Web R\u00e1dio estar\u00e1 transmitindo em tempo real, todas as noites, via internet, o Noven\u00e1rio e festa da padroeira Santa Rita de C\u00e1ssia. Para ter acesso\u00a0 \u00e0 transmiss\u00e3o ao vivo, baixe nosso aplicativo no playstore:\u00a0<\/em><a href=\"https:\/\/play.google.com\/store\/apps\/details?id=com.shoutcast.stm.portalcatolico\" target=\"_blank\" data-saferedirecturl=\"https:\/\/www.google.com\/url?hl=pt-BR&amp;q=https:\/\/play.google.com\/store\/apps\/details?id%3Dcom.shoutcast.stm.portalcatolico&amp;source=gmail&amp;ust=1526143125253000&amp;usg=AFQjCNEHgPDHvMLc6sCOXTiN37aNbsVt4Q\"><em>https:\/\/play.<wbr \/>google.com\/store\/apps\/details?<wbr \/>id=com.shoutcast.stm.<wbr \/>portalcatolico<\/em><\/a><em>\u00a0ou ou\u00e7a pelos nossos sites:\u00a0<\/em><a href=\"http:\/\/www.portalcatolico.net\/\" target=\"_blank\" data-saferedirecturl=\"https:\/\/www.google.com\/url?hl=pt-BR&amp;q=http:\/\/www.portalcatolico.net\/&amp;source=gmail&amp;ust=1526143125253000&amp;usg=AFQjCNEsvOkzYa5lRNC2A3gGoZympuwtkw\"><em>www.portalcatolico.net<\/em><\/a><em>\u00a0 ou<\/em><span class=\"m_-4886520271289424688xgmail-xapple-converted-space\">\u00a0<\/span><a href=\"http:\/\/www.catoliconoticias.com.br\/\" target=\"_blank\" data-saferedirecturl=\"https:\/\/www.google.com\/url?hl=pt-BR&amp;q=http:\/\/www.catoliconoticias.com.br\/&amp;source=gmail&amp;ust=1526143125253000&amp;usg=AFQjCNG9z_SC6PFH24EPZxdN6HY42K9msQ\"><em>www.catoliconoticias.com.br<\/em><\/a><\/p>\n<p class=\"m_-4886520271289424688xmsonormal\"><img loading=\"lazy\" decoding=\"async\" class=\"alignnone size-medium wp-image-55242\" src=\"http:\/\/portalcatolico.net\/portal\/wp-content\/uploads\/2018\/05\/1-3-300x225.jpg\" alt=\"1\" width=\"300\" height=\"225\" srcset=\"http:\/\/portalcatolico.net\/portal\/wp-content\/uploads\/2018\/05\/1-3-300x225.jpg 300w, http:\/\/portalcatolico.net\/portal\/wp-content\/uploads\/2018\/05\/1-3-768x576.jpg 768w, http:\/\/portalcatolico.net\/portal\/wp-content\/uploads\/2018\/05\/1-3.jpg 1000w\" sizes=\"auto, (max-width: 300px) 100vw, 300px\" \/> <img loading=\"lazy\" decoding=\"async\" class=\"alignnone size-medium wp-image-55243\" src=\"http:\/\/portalcatolico.net\/portal\/wp-content\/uploads\/2018\/05\/2-2-300x225.jpg\" alt=\"2\" width=\"300\" height=\"225\" srcset=\"http:\/\/portalcatolico.net\/portal\/wp-content\/uploads\/2018\/05\/2-2-300x225.jpg 300w, http:\/\/portalcatolico.net\/portal\/wp-content\/uploads\/2018\/05\/2-2-768x576.jpg 768w, http:\/\/portalcatolico.net\/portal\/wp-content\/uploads\/2018\/05\/2-2.jpg 1000w\" sizes=\"auto, (max-width: 300px) 100vw, 300px\" \/> <img loading=\"lazy\" decoding=\"async\" class=\"alignnone size-medium wp-image-55244\" src=\"http:\/\/portalcatolico.net\/portal\/wp-content\/uploads\/2018\/05\/3-2-300x225.jpg\" alt=\"3\" width=\"300\" height=\"225\" srcset=\"http:\/\/portalcatolico.net\/portal\/wp-content\/uploads\/2018\/05\/3-2-300x225.jpg 300w, http:\/\/portalcatolico.net\/portal\/wp-content\/uploads\/2018\/05\/3-2-768x576.jpg 768w, http:\/\/portalcatolico.net\/portal\/wp-content\/uploads\/2018\/05\/3-2.jpg 1000w\" sizes=\"auto, (max-width: 300px) 100vw, 300px\" \/> <img loading=\"lazy\" decoding=\"async\" class=\"alignnone size-medium wp-image-55245\" src=\"http:\/\/portalcatolico.net\/portal\/wp-content\/uploads\/2018\/05\/4-2-300x225.jpg\" alt=\"4\" width=\"300\" height=\"225\" srcset=\"http:\/\/portalcatolico.net\/portal\/wp-content\/uploads\/2018\/05\/4-2-300x225.jpg 300w, http:\/\/portalcatolico.net\/portal\/wp-content\/uploads\/2018\/05\/4-2-768x576.jpg 768w, http:\/\/portalcatolico.net\/portal\/wp-content\/uploads\/2018\/05\/4-2.jpg 1000w\" sizes=\"auto, (max-width: 300px) 100vw, 300px\" \/><\/p>\n","protected":false},"excerpt":{"rendered":"<p>O Noven\u00e1rio de Santa Rita de Cassia iniciou nesta quinta-feira (10), em Itabuna (BA). A santa missa come\u00e7ou \u00e0s 19h, na matriz situada no bairro S\u00e3o Caetano, sob a presid\u00eancia do p\u00e1roco, o Frei Jos\u00e9 Genilton. Na homilia o sacerdote falou um pouco sobre a trajet\u00f3ria do Mission\u00e1rio italiano, o Frei Joaquim Cameli, que nesta&nbsp;<\/p>\n<p><a class=\"btn btn-style\" href=\"http:\/\/portalcatolico.net\/portal\/comecou-o-novenario-de-santa-rita-de-cassia-em-itabuna-2\/\">Continue Reading<\/a><\/p>\n","protected":false},"author":2,"featured_media":55237,"comment_status":"open","ping_status":"open","sticky":false,"template":"","format":"standard","meta":{"footnotes":""},"categories":[68],"tags":[],"class_list":["post-55236","post","type-post","status-publish","format-standard","has-post-thumbnail","hentry","category-homilias"],"_links":{"self":[{"href":"http:\/\/portalcatolico.net\/portal\/wp-json\/wp\/v2\/posts\/55236","targetHints":{"allow":["GET"]}}],"collection":[{"href":"http:\/\/portalcatolico.net\/portal\/wp-json\/wp\/v2\/posts"}],"about":[{"href":"http:\/\/portalcatolico.net\/portal\/wp-json\/wp\/v2\/types\/post"}],"author":[{"embeddable":true,"href":"http:\/\/portalcatolico.net\/portal\/wp-json\/wp\/v2\/users\/2"}],"replies":[{"embeddable":true,"href":"http:\/\/portalcatolico.net\/portal\/wp-json\/wp\/v2\/comments?post=55236"}],"version-history":[{"count":4,"href":"http:\/\/portalcatolico.net\/portal\/wp-json\/wp\/v2\/posts\/55236\/revisions"}],"predecessor-version":[{"id":55246,"href":"http:\/\/portalcatolico.net\/portal\/wp-json\/wp\/v2\/posts\/55236\/revisions\/55246"}],"wp:featuredmedia":[{"embeddable":true,"href":"http:\/\/portalcatolico.net\/portal\/wp-json\/wp\/v2\/media\/55237"}],"wp:attachment":[{"href":"http:\/\/portalcatolico.net\/portal\/wp-json\/wp\/v2\/media?parent=55236"}],"wp:term":[{"taxonomy":"category","embeddable":true,"href":"http:\/\/portalcatolico.net\/portal\/wp-json\/wp\/v2\/categories?post=55236"},{"taxonomy":"post_tag","embeddable":true,"href":"http:\/\/portalcatolico.net\/portal\/wp-json\/wp\/v2\/tags?post=55236"}],"curies":[{"name":"wp","href":"https:\/\/api.w.org\/{rel}","templated":true}]}}