{"id":55225,"date":"2018-05-10T22:37:10","date_gmt":"2018-05-11T01:37:10","guid":{"rendered":"http:\/\/portalcatolico.net\/portal\/?p=55225"},"modified":"2018-05-10T22:52:38","modified_gmt":"2018-05-11T01:52:38","slug":"vii-seminario-regional-da-pastoral-da-aids-e-realizado-em-fortaleza","status":"publish","type":"post","link":"http:\/\/portalcatolico.net\/portal\/vii-seminario-regional-da-pastoral-da-aids-e-realizado-em-fortaleza\/","title":{"rendered":"VII Semin\u00e1rio Regional da Pastoral da AIDS \u00e9 realizado em Fortaleza"},"content":{"rendered":"<p><em>Dos dias 04 a 06 de maio foi realizado no Hotel Plaza Praia Su\u00edtes, em Fortaleza, o VII Semin\u00e1rio Regional da Pastoral da AIDS da CNBB NE 1, com o tema: Promover a preven\u00e7\u00e3o, garantindo o cuidado. Tiveram representante de 7 dioceses do regional: Fortaleza, Sobral, Quixad\u00e1, Crato, Limoeiro, Tiangu\u00e1 e Iguatu. O foco do encontro tamb\u00e9m foi a estrutura\u00e7\u00e3o da pastoral nas dioceses que ainda n\u00e3o tem tantas a\u00e7\u00f5es, a citar, Itapipoca e Crate\u00fas.<\/em><\/p>\n<p><em>A Pastoral da AIDS est\u00e1 presente no regional desde 2006, tendo como miss\u00e3o atenta \u00e0s necessidades das pessoas que vivem com HIV, trabalhando na preven\u00e7\u00e3o e contribuindo com a sociedade na conten\u00e7\u00e3o da epidemia, envolvendo todos os crist\u00e3os na luta contra a Aids. \u00c9 uma pastoral interreligiosa, tendo a presen\u00e7a de pessoas de outras religi\u00f5es.<\/em><\/p>\n<p><em>\u00a0<\/em><\/p>\n<p><em>Para Danielle Frota, representante da diocese de Tiangu\u00e1, esse momento \u201c\u00e9 importante para ver o contexto de trabalho e de experi\u00eancias existentes. Ir al\u00e9m da pastoral diocesana, mas conhecer outras realidades\u201d. Tamb\u00e9m acrescenta que esse momento \u00e9 de divulga\u00e7\u00e3o da pastoral, \u201cdevemos publicitar a pastoral. Somente a Par\u00f3quia de Sant\u2019Ana tem a atua\u00e7\u00e3o da pastoral. Ir buscar pessoas, ir ao encontros dos doentes\u201d. Os trabalhos desenvolvendo nas dioceses contam com panfletagens, entrevistas nas r\u00e1dios e divulga\u00e7\u00e3o atrav\u00e9s das redes sociais. Uma das a\u00e7\u00f5es desenvolvidas pela pastoral \u00e9 a espiritualidade do Projeto\u00a0Amor \u00e0 Vida, da secretaria de sa\u00fade do munic\u00edpio, que trabalham com a popula\u00e7\u00e3o chave.<\/em><\/p>\n<p><em>\u00a0<\/em><\/p>\n<p><em>O encontro teve a assessoria de Ana Carolina, secret\u00e1ria nacional da Pastoral da Aids, que contribuiu falando sobre a import\u00e2ncia do leigos na vida da Igreja, das a\u00e7\u00f5es da pastoral na sociedade, dos desafios, conquistas e lutas travadas no cotidiano. Abordando brevemente as linhas de a\u00e7\u00f5es da pastoral (1 &#8211; m\u00edstica e espiritualidade; 2 &#8211; preven\u00e7\u00e3o; 3 &#8211; acolhida e solidariedade; 4 &#8211; articula\u00e7\u00e3o e parceira e 5 &#8211; incid\u00eancia politica). Ana Carolina encerrou sua assessoria com o seguinte questionamento \u201cqual \u00e9 ent\u00e3o o papel da pastoral e do protagonismo dos leigos no enfrentamento a epidemia do HIV?\u201d.<\/em><\/p>\n<p><em>\u00a0<\/em><\/p>\n<p><em>Christiane Ribeiro, da arquidiocese de Fortaleza, assessorou a Oficina de Comunica\u00e7\u00e3o, onde questionou o papel de inclus\u00e3o das a\u00e7\u00f5es da pastoral nas m\u00eddias digitais e a influ\u00eancia dessas a\u00e7\u00f5es na sociedade. Apresentou o site da pastoral nacional, o blog dos regionais e deu espa\u00e7os para uma breve apresenta\u00e7\u00e3o das redes sociais das dioceses.<\/em><\/p>\n<p><em>No final da tarde do dia 05, aconteceu o momento de ora\u00e7\u00e3o pelas v\u00edtimas do HIV, tamb\u00e9m se rezou por todos os agentes da pastoral. A ora\u00e7\u00e3o foi motivada pelo m\u00eas mariano e contou com a coroa\u00e7\u00e3o da imagem de Nossa Senhora de F\u00e1tima, a coroa passando em cada m\u00e3o dos agentes da pastoral, representou o cuidado e o zelo pela sa\u00fade do outro e como disse Cecilia, da arquidiocese de Fortaleza, \u201crespeitando o sagrado do outro\u201d.<\/em><\/p>\n<p>&nbsp;<\/p>\n<p>ACOMPANHE ARQUIVO DE FOTOS:\u00a0<a href=\"https:\/\/www.facebook.com\/pg\/cnbbne1\/photos\/?tab=album&amp;album_id=592885791077697\">https:\/\/www.facebook.com\/pg\/cnbbne1\/photos\/?tab=album&amp;album_id=592885791077697<\/a><\/p>\n<p>Por\u00a0<strong>Alex Ferreira \u2013 Setor de Comunica\u00e7\u00e3o NE 1\u00a0<\/strong><\/p>\n<p><strong><em>Fonte:<\/em><\/strong><em>\u00a0SETOR DE COMUNICA\u00c7\u00c3O &#8211; CNBB Regional Ne 1<\/em><\/p>\n<p><em>\u00a0<\/em><\/p>\n<p>&nbsp;<\/p>\n","protected":false},"excerpt":{"rendered":"<p>Dos dias 04 a 06 de maio foi realizado no Hotel Plaza Praia Su\u00edtes, em Fortaleza, o VII Semin\u00e1rio Regional da Pastoral da AIDS da CNBB NE 1, com o tema: Promover a preven\u00e7\u00e3o, garantindo o cuidado. Tiveram representante de 7 dioceses do regional: Fortaleza, Sobral, Quixad\u00e1, Crato, Limoeiro, Tiangu\u00e1 e Iguatu. O foco do&nbsp;<\/p>\n<p><a class=\"btn btn-style\" href=\"http:\/\/portalcatolico.net\/portal\/vii-seminario-regional-da-pastoral-da-aids-e-realizado-em-fortaleza\/\">Continue Reading<\/a><\/p>\n","protected":false},"author":2,"featured_media":55226,"comment_status":"open","ping_status":"open","sticky":false,"template":"","format":"standard","meta":{"footnotes":""},"categories":[4],"tags":[],"class_list":["post-55225","post","type-post","status-publish","format-standard","has-post-thumbnail","hentry","category-destaques"],"_links":{"self":[{"href":"http:\/\/portalcatolico.net\/portal\/wp-json\/wp\/v2\/posts\/55225","targetHints":{"allow":["GET"]}}],"collection":[{"href":"http:\/\/portalcatolico.net\/portal\/wp-json\/wp\/v2\/posts"}],"about":[{"href":"http:\/\/portalcatolico.net\/portal\/wp-json\/wp\/v2\/types\/post"}],"author":[{"embeddable":true,"href":"http:\/\/portalcatolico.net\/portal\/wp-json\/wp\/v2\/users\/2"}],"replies":[{"embeddable":true,"href":"http:\/\/portalcatolico.net\/portal\/wp-json\/wp\/v2\/comments?post=55225"}],"version-history":[{"count":8,"href":"http:\/\/portalcatolico.net\/portal\/wp-json\/wp\/v2\/posts\/55225\/revisions"}],"predecessor-version":[{"id":55235,"href":"http:\/\/portalcatolico.net\/portal\/wp-json\/wp\/v2\/posts\/55225\/revisions\/55235"}],"wp:featuredmedia":[{"embeddable":true,"href":"http:\/\/portalcatolico.net\/portal\/wp-json\/wp\/v2\/media\/55226"}],"wp:attachment":[{"href":"http:\/\/portalcatolico.net\/portal\/wp-json\/wp\/v2\/media?parent=55225"}],"wp:term":[{"taxonomy":"category","embeddable":true,"href":"http:\/\/portalcatolico.net\/portal\/wp-json\/wp\/v2\/categories?post=55225"},{"taxonomy":"post_tag","embeddable":true,"href":"http:\/\/portalcatolico.net\/portal\/wp-json\/wp\/v2\/tags?post=55225"}],"curies":[{"name":"wp","href":"https:\/\/api.w.org\/{rel}","templated":true}]}}