{"id":55220,"date":"2018-05-10T06:16:24","date_gmt":"2018-05-10T09:16:24","guid":{"rendered":"http:\/\/portalcatolico.net\/portal\/?p=55220"},"modified":"2018-05-10T06:17:38","modified_gmt":"2018-05-10T09:17:38","slug":"padre-william-celebra-missa-das-maes-no-conjunto-penal-de-jequie","status":"publish","type":"post","link":"http:\/\/portalcatolico.net\/portal\/padre-william-celebra-missa-das-maes-no-conjunto-penal-de-jequie\/","title":{"rendered":"PADRE WILLIAM CELEBRA MISSA DAS M\u00c3ES NO CONJUNTO PENAL DE JEQUI\u00c9"},"content":{"rendered":"<p>Nessa manh\u00e3 de quarta-feira dia 09 de maio de 2018, a Pastoral\u00a0 Carcer\u00e1ria seguiu para mais uma visita evangelizadora no Conjunto Penal de Jequi\u00e9 onde o Padre William Menezes celebrou para mais de 30 M\u00e3es detentas, a Santa Missa do dia das m\u00e3es. O Momento foi cercado de muita emo\u00e7\u00e3o, j\u00e1 que muitas dessas m\u00e3es presidiarias ficam afastadas de seus filhos por v\u00e1rios anos para cumprirem suas penas.<\/p>\n<p>A Missa foi celebrada no Pres\u00eddio Feminino do Conjunto Penal de Jequi\u00e9. O Padre William Menezes falou sobre a import\u00e2ncia do Esp\u00edrito Santo para que possamos entender os ensinamentos de Jesus, \u00e9 como uma luz que ilumina todas as nossas ideias, que nos faz refletir e que nos da intelig\u00eancia diante de nossas fraquezas, diante do que \u00e9 certo ou errado. E assim o Padre afirmou que \u00e9 preciso pedir sempre a presen\u00e7a do Esp\u00edrito Santo em nossas vidas, \u00e9 preciso seguir essa luz para que possamos agir de forma inteligente diante de nossas incertezas e diante de nossas decis\u00f5es. Depois o Padre junto com Franco Almeida (Coordenador Estadual da Pastoral Carcer\u00e1ria do Estado da Bahia) fizeram um momento com as detentas de muita emo\u00e7\u00e3o no qual foi dito o que \u00e9 ser m\u00e3e estando ali, as dificuldades de acompanhar a vida de seus filhos, e de n\u00e3o compartilhar de datas especiais como o dia das m\u00e3es, logo depois foi cantado os parab\u00e9ns para todas as m\u00e3es que estavam ali presentes e participaram da Santa Missa.<\/p>\n<p>Muito lindo esse momento na vida dessas presidiarias que por estarem na condi\u00e7\u00e3o de presas n\u00e3o podem acompanhar a vida de seus filhos, mas o sentimento e o amor materno prevalece dentro de cada cora\u00e7\u00e3o que se constitui m\u00e3e, \u00e9 o sentimento mais puro e profundo que o ser humano pode sentir. Parab\u00e9ns ao Padre William Menezes pela Santa Missa e a Pastoral Carcer\u00e1ria pelo bel\u00edssimo trabalho desenvolvido no Conjunto Penal de Jequi\u00e9.<\/p>\n<p>Texto:Luciene Galv\u00e3o<\/p>\n<p>Informa\u00e7\u00f5es do site:Nagra\u00e7adoespirito<\/p>\n","protected":false},"excerpt":{"rendered":"<p>Nessa manh\u00e3 de quarta-feira dia 09 de maio de 2018, a Pastoral\u00a0 Carcer\u00e1ria seguiu para mais uma visita evangelizadora no Conjunto Penal de Jequi\u00e9 onde o Padre William Menezes celebrou para mais de 30 M\u00e3es detentas, a Santa Missa do dia das m\u00e3es. O Momento foi cercado de muita emo\u00e7\u00e3o, j\u00e1 que muitas dessas m\u00e3es&nbsp;<\/p>\n<p><a class=\"btn btn-style\" href=\"http:\/\/portalcatolico.net\/portal\/padre-william-celebra-missa-das-maes-no-conjunto-penal-de-jequie\/\">Continue Reading<\/a><\/p>\n","protected":false},"author":2,"featured_media":55221,"comment_status":"open","ping_status":"open","sticky":false,"template":"","format":"standard","meta":{"footnotes":""},"categories":[4],"tags":[],"class_list":["post-55220","post","type-post","status-publish","format-standard","has-post-thumbnail","hentry","category-destaques"],"_links":{"self":[{"href":"http:\/\/portalcatolico.net\/portal\/wp-json\/wp\/v2\/posts\/55220","targetHints":{"allow":["GET"]}}],"collection":[{"href":"http:\/\/portalcatolico.net\/portal\/wp-json\/wp\/v2\/posts"}],"about":[{"href":"http:\/\/portalcatolico.net\/portal\/wp-json\/wp\/v2\/types\/post"}],"author":[{"embeddable":true,"href":"http:\/\/portalcatolico.net\/portal\/wp-json\/wp\/v2\/users\/2"}],"replies":[{"embeddable":true,"href":"http:\/\/portalcatolico.net\/portal\/wp-json\/wp\/v2\/comments?post=55220"}],"version-history":[{"count":3,"href":"http:\/\/portalcatolico.net\/portal\/wp-json\/wp\/v2\/posts\/55220\/revisions"}],"predecessor-version":[{"id":55224,"href":"http:\/\/portalcatolico.net\/portal\/wp-json\/wp\/v2\/posts\/55220\/revisions\/55224"}],"wp:featuredmedia":[{"embeddable":true,"href":"http:\/\/portalcatolico.net\/portal\/wp-json\/wp\/v2\/media\/55221"}],"wp:attachment":[{"href":"http:\/\/portalcatolico.net\/portal\/wp-json\/wp\/v2\/media?parent=55220"}],"wp:term":[{"taxonomy":"category","embeddable":true,"href":"http:\/\/portalcatolico.net\/portal\/wp-json\/wp\/v2\/categories?post=55220"},{"taxonomy":"post_tag","embeddable":true,"href":"http:\/\/portalcatolico.net\/portal\/wp-json\/wp\/v2\/tags?post=55220"}],"curies":[{"name":"wp","href":"https:\/\/api.w.org\/{rel}","templated":true}]}}