{"id":55215,"date":"2018-05-09T22:19:18","date_gmt":"2018-05-10T01:19:18","guid":{"rendered":"http:\/\/portalcatolico.net\/portal\/?p=55215"},"modified":"2018-05-09T22:23:15","modified_gmt":"2018-05-10T01:23:15","slug":"padre-euvaldo-toma-posse-de-paroquia-em-itororo","status":"publish","type":"post","link":"http:\/\/portalcatolico.net\/portal\/padre-euvaldo-toma-posse-de-paroquia-em-itororo\/","title":{"rendered":"Padre Euvaldo toma posse de par\u00f3quia em Itoror\u00f3"},"content":{"rendered":"<p style=\"font-weight: 400;\"><em>Ap\u00f3s oito anos de evangeliza\u00e7\u00e3o e servi\u00e7o aos fieis canavieirenses, padre Euvaldo Santana da Silva tem uma nova miss\u00e3o na Par\u00f3quia Santo Ant\u00f4nio na cidade de Itoror\u00f3 (BA). Por volta das 18h30, o sacerdote foi recepcionado na entrada da cidade\u00a0com muita alegria e visitou algumas das sete comunidades que comp\u00f5e a par\u00f3quia e fez uma carreata.<\/em><\/p>\n<p style=\"font-weight: 400;\"><em>A tomada de posse foi realizada na Igreja matriz no centro da cidade, com a participa\u00e7\u00e3o da fam\u00edlia do padre e paroquianos de v\u00e1rias par\u00f3quias da Diocese de Itabuna, entre outras.<\/em><\/p>\n<p style=\"font-weight: 400;\"><em>A tomada de posse can\u00f4nica\u00a0\u00a0aconteceu nesta \u00faltima\u00a0\u00a0ter\u00e7a-feira, 08 de maio, \u00e0s 19h. Na oportunidade, ocorreu\u00a0a solenidade de posse. O rito se deu durante Celebra\u00e7\u00e3o Eucar\u00edstica presidida pelo Bispo de Diocese de Itabuna, Dom Carlos Alberto dos Santos, e concelebrada por\u00a0\u00a0presb\u00edteros e di\u00e1conos da mesma Diocese.<\/em><\/p>\n<p style=\"font-weight: 400;\"><em>Ap\u00f3s receber das m\u00e3os do Bispo o Livro Sagrado, Padre Euvaldo Santana fez a proclama\u00e7\u00e3o do\u00a0Evangelho e um an\u00fancio: \u201cJ\u00e1 estamos nos preparando para a festa de Pentecoste para que Ele possa nos enviar o Esp\u00edrito Santo para nos revelar o seu profundo amor por cada um de n\u00f3s.\u201d<\/em><\/p>\n<p style=\"font-weight: 400;\"><em>A celebra\u00e7\u00e3o tamb\u00e9m ficou marcada pelo ritual em que Dom Carlos\u00a0entrega solenemente, al\u00e9m do Livro Sagrado, a chave da Igreja, a chave do Sacr\u00e1rio (sinal do\u00a0cuidado que deve ter com o templo f\u00edsico e com o povo de Deus),, os instrumentos para o batismo e a estola roxa. De posse da chave, o novo p\u00e1roco se dirigiu at\u00e9 o local do Sacr\u00e1rio, onde visivelmente emocionado, conversou com Deus. No\u00a0rito de posse, Padre Euvaldo Santana\u00a0\u00a0renovou as promessas feitas na sua Ordena\u00e7\u00e3o Sacerdotal e recebeu do Bispo a cadeira presidencial (sinal da autoridade de Cristo), e tamb\u00e9m as chaves da Igreja e do Sacr\u00e1rio,\u00a0 Eucaristia.<\/em><\/p>\n<p style=\"font-weight: 400;\"><em>Antes da ben\u00e7\u00e3o final, o\u00a0\u00a0Bispo disse que a 1\u00aa etapa de transfer\u00eancias de padres foi conclu\u00edda, com um total de dezoitos transfer\u00eancias, desde janeiro deste ano. Ele falou ainda, que em breve, vai acontecer a segunda etapa de transfer\u00eancias.<\/em><\/p>\n<p style=\"font-weight: 400;\"><em>Ao final da Celebra\u00e7\u00e3o,\u00a0o novo p\u00e1roco falou\u00a0com alegria e esperan\u00e7a aos fieis de sua Par\u00f3quia, em sua nova miss\u00e3o: \u201cEu quero realmente ser o padre de voc\u00eas. Aqui estou de bra\u00e7os abertos com muita vontade de trabalhar\u201d, finalizou Padre Euvaldo.<\/em><\/p>\n<p style=\"font-weight: 400;\">Texto e fotos:Reda\u00e7\u00e3o\/Portal Cat\u00f3lico<\/p>\n<p style=\"font-weight: 400;\">\u00c1lbum de fotos: <a href=\"http:\/\/portalcatolico.net\/portal\/posse-do-padre-euvaldo-santana-em-itororo\/\"><span style=\"color: #ff0000;\">Clique aqui e confira as imagens\u00a0<\/span><\/a><\/p>\n<p style=\"font-weight: 400;\">\n<p style=\"font-weight: 400;\">\n","protected":false},"excerpt":{"rendered":"<p>Ap\u00f3s oito anos de evangeliza\u00e7\u00e3o e servi\u00e7o aos fieis canavieirenses, padre Euvaldo Santana da Silva tem uma nova miss\u00e3o na Par\u00f3quia Santo Ant\u00f4nio na cidade de Itoror\u00f3 (BA). Por volta das 18h30, o sacerdote foi recepcionado na entrada da cidade\u00a0com muita alegria e visitou algumas das sete comunidades que comp\u00f5e a par\u00f3quia e fez uma&nbsp;<\/p>\n<p><a class=\"btn btn-style\" href=\"http:\/\/portalcatolico.net\/portal\/padre-euvaldo-toma-posse-de-paroquia-em-itororo\/\">Continue Reading<\/a><\/p>\n","protected":false},"author":2,"featured_media":55216,"comment_status":"open","ping_status":"open","sticky":false,"template":"","format":"standard","meta":{"footnotes":""},"categories":[68],"tags":[],"class_list":["post-55215","post","type-post","status-publish","format-standard","has-post-thumbnail","hentry","category-homilias"],"_links":{"self":[{"href":"http:\/\/portalcatolico.net\/portal\/wp-json\/wp\/v2\/posts\/55215","targetHints":{"allow":["GET"]}}],"collection":[{"href":"http:\/\/portalcatolico.net\/portal\/wp-json\/wp\/v2\/posts"}],"about":[{"href":"http:\/\/portalcatolico.net\/portal\/wp-json\/wp\/v2\/types\/post"}],"author":[{"embeddable":true,"href":"http:\/\/portalcatolico.net\/portal\/wp-json\/wp\/v2\/users\/2"}],"replies":[{"embeddable":true,"href":"http:\/\/portalcatolico.net\/portal\/wp-json\/wp\/v2\/comments?post=55215"}],"version-history":[{"count":3,"href":"http:\/\/portalcatolico.net\/portal\/wp-json\/wp\/v2\/posts\/55215\/revisions"}],"predecessor-version":[{"id":55219,"href":"http:\/\/portalcatolico.net\/portal\/wp-json\/wp\/v2\/posts\/55215\/revisions\/55219"}],"wp:featuredmedia":[{"embeddable":true,"href":"http:\/\/portalcatolico.net\/portal\/wp-json\/wp\/v2\/media\/55216"}],"wp:attachment":[{"href":"http:\/\/portalcatolico.net\/portal\/wp-json\/wp\/v2\/media?parent=55215"}],"wp:term":[{"taxonomy":"category","embeddable":true,"href":"http:\/\/portalcatolico.net\/portal\/wp-json\/wp\/v2\/categories?post=55215"},{"taxonomy":"post_tag","embeddable":true,"href":"http:\/\/portalcatolico.net\/portal\/wp-json\/wp\/v2\/tags?post=55215"}],"curies":[{"name":"wp","href":"https:\/\/api.w.org\/{rel}","templated":true}]}}