{"id":55071,"date":"2018-05-09T19:54:28","date_gmt":"2018-05-09T22:54:28","guid":{"rendered":"http:\/\/portalcatolico.net\/portal\/?p=55071"},"modified":"2018-05-09T19:56:00","modified_gmt":"2018-05-09T22:56:00","slug":"vidente-de-fatima-o-rosario-e-a-arma-dos-ultimos-tempos-2","status":"publish","type":"post","link":"http:\/\/portalcatolico.net\/portal\/vidente-de-fatima-o-rosario-e-a-arma-dos-ultimos-tempos-2\/","title":{"rendered":"Vidente de F\u00e1tima: O Ros\u00e1rio \u00e9 a arma dos \u00faltimos tempos"},"content":{"rendered":"<p>Em 26 de dezembro de 1957, Padre Agostinho Fuentes, que foi postulador da causa de beatifica\u00e7\u00e3o de Francisco e Jacinta Marto, entrevistou a vidente das apari\u00e7\u00f5es de F\u00e1tima, Irm\u00e3 L\u00facia dos Santos, que assegurou que \u201co Ros\u00e1rio \u00e9 a arma de combate das batalhas espirituais dos \u00faltimos tempos\u201d.<\/p>\n<p>Esta entrevista, \u00e0 qual tamb\u00e9m assistiram alguns membros do alto clero, aconteceu no Convento das Religiosas Carmelitas Descal\u00e7as de Santa Teresa, em Coimbra (Portugal).<\/p>\n<p>Ali Irm\u00e3 L\u00facia manifestou que a Sant\u00edssima Virgem disse, tanto a seus primos como a ela, que dois eram os \u00faltimos rem\u00e9dios que deus dava ao mundo: o Santo Ros\u00e1rio e o Imaculado Cora\u00e7\u00e3o de Maria.<\/p>\n<p>A religiosa, que faleceu em 2005, destacou que com o Santo Ros\u00e1rio nos salvaremos, nos santificaremos, consolaremos Nosso Senhor e obteremos a salva\u00e7\u00e3o de muitas almas.<\/p>\n<p>\u201cPor isso, o dem\u00f4nio far\u00e1 todo o poss\u00edvel para nos distrair desta devo\u00e7\u00e3o; nos colocar\u00e1 muitos pretextos: cansa\u00e7o, ocupa\u00e7\u00f5es etc., para que n\u00e3o rezemos o Santo Ros\u00e1rio\u201d, advertiu.<\/p>\n<p>Neste sentido, ressaltou que o programa de salva\u00e7\u00e3o \u00e9 brev\u00edssimo e f\u00e1cil, porque com o Santo Ros\u00e1rio \u201cpraticaremos os Santos Mandamentos, aproveitaremos a frequ\u00eancia dos\u00a0Sacramentos, procuraremos cumprir perfeitamente nossos deveres de estado e fazer o que Deus quer de cada um de n\u00f3s\u201d.<\/p>\n<p>\u201cN\u00e3o h\u00e1 problema por mais dif\u00edcil que seja: seja temporal e, sobretudo, espiritual; seja referente \u00e0\u00a0vida\u00a0pessoal de cada um de n\u00f3s ou \u00e0 vida de nossas fam\u00edlias, do mundo ou comunidades religiosas, ou \u00e0 vida dos povos e na\u00e7\u00f5es; n\u00e3o h\u00e1 problema, repito, por mais dif\u00edcil que seja, que n\u00e3o possamos resolver agora com a ora\u00e7\u00e3o do Santo Ros\u00e1rio\u201d, enfatizou a religiosa.(ACI Digital)<\/p>\n<p>Imagem da Virgem de F\u00e1tima e de Irm\u00e3 L\u00facia \/ Arquidiocese de Los Angeles<\/p>\n","protected":false},"excerpt":{"rendered":"<p>Em 26 de dezembro de 1957, Padre Agostinho Fuentes, que foi postulador da causa de beatifica\u00e7\u00e3o de Francisco e Jacinta Marto, entrevistou a vidente das apari\u00e7\u00f5es de F\u00e1tima, Irm\u00e3 L\u00facia dos Santos, que assegurou que \u201co Ros\u00e1rio \u00e9 a arma de combate das batalhas espirituais dos \u00faltimos tempos\u201d. Esta entrevista, \u00e0 qual tamb\u00e9m assistiram alguns&nbsp;<\/p>\n<p><a class=\"btn btn-style\" href=\"http:\/\/portalcatolico.net\/portal\/vidente-de-fatima-o-rosario-e-a-arma-dos-ultimos-tempos-2\/\">Continue Reading<\/a><\/p>\n","protected":false},"author":2,"featured_media":55072,"comment_status":"open","ping_status":"open","sticky":false,"template":"","format":"standard","meta":{"footnotes":""},"categories":[5],"tags":[],"class_list":["post-55071","post","type-post","status-publish","format-standard","has-post-thumbnail","hentry","category-igreja_no_mundo"],"_links":{"self":[{"href":"http:\/\/portalcatolico.net\/portal\/wp-json\/wp\/v2\/posts\/55071","targetHints":{"allow":["GET"]}}],"collection":[{"href":"http:\/\/portalcatolico.net\/portal\/wp-json\/wp\/v2\/posts"}],"about":[{"href":"http:\/\/portalcatolico.net\/portal\/wp-json\/wp\/v2\/types\/post"}],"author":[{"embeddable":true,"href":"http:\/\/portalcatolico.net\/portal\/wp-json\/wp\/v2\/users\/2"}],"replies":[{"embeddable":true,"href":"http:\/\/portalcatolico.net\/portal\/wp-json\/wp\/v2\/comments?post=55071"}],"version-history":[{"count":1,"href":"http:\/\/portalcatolico.net\/portal\/wp-json\/wp\/v2\/posts\/55071\/revisions"}],"predecessor-version":[{"id":55073,"href":"http:\/\/portalcatolico.net\/portal\/wp-json\/wp\/v2\/posts\/55071\/revisions\/55073"}],"wp:featuredmedia":[{"embeddable":true,"href":"http:\/\/portalcatolico.net\/portal\/wp-json\/wp\/v2\/media\/55072"}],"wp:attachment":[{"href":"http:\/\/portalcatolico.net\/portal\/wp-json\/wp\/v2\/media?parent=55071"}],"wp:term":[{"taxonomy":"category","embeddable":true,"href":"http:\/\/portalcatolico.net\/portal\/wp-json\/wp\/v2\/categories?post=55071"},{"taxonomy":"post_tag","embeddable":true,"href":"http:\/\/portalcatolico.net\/portal\/wp-json\/wp\/v2\/tags?post=55071"}],"curies":[{"name":"wp","href":"https:\/\/api.w.org\/{rel}","templated":true}]}}