{"id":55061,"date":"2018-05-08T06:41:21","date_gmt":"2018-05-08T09:41:21","guid":{"rendered":"http:\/\/portalcatolico.net\/portal\/?p=55061"},"modified":"2018-05-08T06:49:58","modified_gmt":"2018-05-08T09:49:58","slug":"padre-vinicius-toma-posse-na-paroquia-de-sao-boaventura-em-canavieiras","status":"publish","type":"post","link":"http:\/\/portalcatolico.net\/portal\/padre-vinicius-toma-posse-na-paroquia-de-sao-boaventura-em-canavieiras\/","title":{"rendered":"Padre Vinicius toma posse na Par\u00f3quia de S\u00e3o Boaventura em Canavieiras"},"content":{"rendered":"<p class=\"m_-5321460920997808884xmsonormal\">Aconteceu nesta\u00a0\u00a0\u00faltima segunda-feira, dia 07 de maio de 2018, \u00e0s 19h, a posse can\u00f4nica do Padre Vinicius Pinheiro\u00a0 Mascarenhas,\u00a0como p\u00e1roco da Par\u00f3quia de S\u00e3o Boaventura em Canavieiras, no sul da Bahia.<u><\/u><u><\/u><\/p>\n<p class=\"m_-5321460920997808884xmsonormal\">O padre estava na Par\u00f3quia de Santa Luzia\u00a0\u00a0na mesma cidade, h\u00e1\u00a0 6 anos.<u><\/u><u><\/u><\/p>\n<p class=\"m_-5321460920997808884xmsonormal\">O Bispo da Diocese de Itabuna, tamb\u00e9m no sul da Bahia,\u00a0\u00a0Dom Carlos Alberto dos Santos, presidiu a missa de posse, concelebrada por padres e di\u00e1conos\u00a0\u00a0da Diocese. A celebra\u00e7\u00e3o, contou com a participa\u00e7\u00e3o de centenas de fi\u00e9is canavieirenses\u00a0\u00a0e in\u00fameros paroquianos de outras cidades. Conforme o rito de posse can\u00f4nico, foi lido pelo chanceler da c\u00faria diocesana Pe. Nerivaldo Santos Azevedo o teor da provis\u00e3o, conforme os c\u00e2nones da Igreja.<u><\/u><u><\/u><\/p>\n<p class=\"m_-5321460920997808884xmsonormal\">Ap\u00f3s receber das m\u00e3os do Bispo o Livro Sagrado, Padre Vinicius fez a proclama\u00e7\u00e3o do Evangelho.<u><\/u><u><\/u><\/p>\n<p class=\"m_-5321460920997808884xmsonormal\">No\u00a0rito de posse, Padre Vinicius\u00a0\u00a0renovou as promessas feitas na sua Ordena\u00e7\u00e3o Sacerdotal e recebeu do Bispo a cadeira presidencial (cadeira presidencial\u00a0 \u2013 sinal da autoridade de Cristo), e tamb\u00e9m as chaves da Igreja e do Sacr\u00e1rio,\u00a0sinal do\u00a0cuidado que deve ter com o templo f\u00edsico e com o povo de Deus, bem como o zelo com o Sacramento da Eucaristia.<\/p>\n<p class=\"m_-5321460920997808884xmsonormal\">Texto e fotos:Reda\u00e7\u00e3o Portal Cat\u00f3lico<\/p>\n<p class=\"m_-5321460920997808884xmsonormal\"><img loading=\"lazy\" decoding=\"async\" class=\"alignnone size-medium wp-image-55064\" src=\"http:\/\/portalcatolico.net\/portal\/wp-content\/uploads\/2018\/05\/1-2-300x200.jpg\" alt=\"1\" width=\"300\" height=\"200\" srcset=\"http:\/\/portalcatolico.net\/portal\/wp-content\/uploads\/2018\/05\/1-2-300x200.jpg 300w, http:\/\/portalcatolico.net\/portal\/wp-content\/uploads\/2018\/05\/1-2-768x512.jpg 768w, http:\/\/portalcatolico.net\/portal\/wp-content\/uploads\/2018\/05\/1-2.jpg 1000w\" sizes=\"auto, (max-width: 300px) 100vw, 300px\" \/> <img loading=\"lazy\" decoding=\"async\" class=\"alignnone size-medium wp-image-55065\" src=\"http:\/\/portalcatolico.net\/portal\/wp-content\/uploads\/2018\/05\/2-1-300x200.jpg\" alt=\"2\" width=\"300\" height=\"200\" srcset=\"http:\/\/portalcatolico.net\/portal\/wp-content\/uploads\/2018\/05\/2-1-300x200.jpg 300w, http:\/\/portalcatolico.net\/portal\/wp-content\/uploads\/2018\/05\/2-1-768x512.jpg 768w, http:\/\/portalcatolico.net\/portal\/wp-content\/uploads\/2018\/05\/2-1.jpg 1000w\" sizes=\"auto, (max-width: 300px) 100vw, 300px\" \/> <img loading=\"lazy\" decoding=\"async\" class=\"alignnone size-medium wp-image-55067\" src=\"http:\/\/portalcatolico.net\/portal\/wp-content\/uploads\/2018\/05\/3-300x200.jpg\" alt=\"3\" width=\"300\" height=\"200\" srcset=\"http:\/\/portalcatolico.net\/portal\/wp-content\/uploads\/2018\/05\/3-300x200.jpg 300w, http:\/\/portalcatolico.net\/portal\/wp-content\/uploads\/2018\/05\/3-768x512.jpg 768w, http:\/\/portalcatolico.net\/portal\/wp-content\/uploads\/2018\/05\/3.jpg 1000w\" sizes=\"auto, (max-width: 300px) 100vw, 300px\" \/><img loading=\"lazy\" decoding=\"async\" class=\"alignnone size-medium wp-image-55069\" src=\"http:\/\/portalcatolico.net\/portal\/wp-content\/uploads\/2018\/05\/5-1-300x200.jpg\" alt=\"5\" width=\"300\" height=\"200\" srcset=\"http:\/\/portalcatolico.net\/portal\/wp-content\/uploads\/2018\/05\/5-1-300x200.jpg 300w, http:\/\/portalcatolico.net\/portal\/wp-content\/uploads\/2018\/05\/5-1-768x512.jpg 768w, http:\/\/portalcatolico.net\/portal\/wp-content\/uploads\/2018\/05\/5-1.jpg 1000w\" sizes=\"auto, (max-width: 300px) 100vw, 300px\" \/><\/p>\n<p>&nbsp;<\/p>\n","protected":false},"excerpt":{"rendered":"<p>Aconteceu nesta\u00a0\u00a0\u00faltima segunda-feira, dia 07 de maio de 2018, \u00e0s 19h, a posse can\u00f4nica do Padre Vinicius Pinheiro\u00a0 Mascarenhas,\u00a0como p\u00e1roco da Par\u00f3quia de S\u00e3o Boaventura em Canavieiras, no sul da Bahia. O padre estava na Par\u00f3quia de Santa Luzia\u00a0\u00a0na mesma cidade, h\u00e1\u00a0 6 anos. O Bispo da Diocese de Itabuna, tamb\u00e9m no sul da Bahia,\u00a0\u00a0Dom&nbsp;<\/p>\n<p><a class=\"btn btn-style\" href=\"http:\/\/portalcatolico.net\/portal\/padre-vinicius-toma-posse-na-paroquia-de-sao-boaventura-em-canavieiras\/\">Continue Reading<\/a><\/p>\n","protected":false},"author":2,"featured_media":55062,"comment_status":"open","ping_status":"open","sticky":false,"template":"","format":"standard","meta":{"footnotes":""},"categories":[4],"tags":[],"class_list":["post-55061","post","type-post","status-publish","format-standard","has-post-thumbnail","hentry","category-destaques"],"_links":{"self":[{"href":"http:\/\/portalcatolico.net\/portal\/wp-json\/wp\/v2\/posts\/55061","targetHints":{"allow":["GET"]}}],"collection":[{"href":"http:\/\/portalcatolico.net\/portal\/wp-json\/wp\/v2\/posts"}],"about":[{"href":"http:\/\/portalcatolico.net\/portal\/wp-json\/wp\/v2\/types\/post"}],"author":[{"embeddable":true,"href":"http:\/\/portalcatolico.net\/portal\/wp-json\/wp\/v2\/users\/2"}],"replies":[{"embeddable":true,"href":"http:\/\/portalcatolico.net\/portal\/wp-json\/wp\/v2\/comments?post=55061"}],"version-history":[{"count":4,"href":"http:\/\/portalcatolico.net\/portal\/wp-json\/wp\/v2\/posts\/55061\/revisions"}],"predecessor-version":[{"id":55070,"href":"http:\/\/portalcatolico.net\/portal\/wp-json\/wp\/v2\/posts\/55061\/revisions\/55070"}],"wp:featuredmedia":[{"embeddable":true,"href":"http:\/\/portalcatolico.net\/portal\/wp-json\/wp\/v2\/media\/55062"}],"wp:attachment":[{"href":"http:\/\/portalcatolico.net\/portal\/wp-json\/wp\/v2\/media?parent=55061"}],"wp:term":[{"taxonomy":"category","embeddable":true,"href":"http:\/\/portalcatolico.net\/portal\/wp-json\/wp\/v2\/categories?post=55061"},{"taxonomy":"post_tag","embeddable":true,"href":"http:\/\/portalcatolico.net\/portal\/wp-json\/wp\/v2\/tags?post=55061"}],"curies":[{"name":"wp","href":"https:\/\/api.w.org\/{rel}","templated":true}]}}