{"id":55057,"date":"2018-05-07T05:57:26","date_gmt":"2018-05-07T08:57:26","guid":{"rendered":"http:\/\/portalcatolico.net\/portal\/?p=55057"},"modified":"2018-05-07T05:57:26","modified_gmt":"2018-05-07T08:57:26","slug":"paroquia-santa-rita-de-cassia-realiza-caruru-em-itabuna","status":"publish","type":"post","link":"http:\/\/portalcatolico.net\/portal\/paroquia-santa-rita-de-cassia-realiza-caruru-em-itabuna\/","title":{"rendered":"Par\u00f3quia Santa Rita de C\u00e1ssia realiza Caruru em Itabuna"},"content":{"rendered":"<p style=\"font-weight: 400;\"><em>As comemora\u00e7\u00f5es da\u00a0\u00a0festa dos 50 anos de funda\u00e7\u00e3o e evangeliza\u00e7\u00e3o da Par\u00f3quia Santa Rita de C\u00e1ssia em Itabuna\u00a0(BA), continuam a todo vapor. Neste domingo, 05 de maio, ao meio-dia aconteceu o t\u00e3o esperado Caruru. A renda do evento ser\u00e1 utilizada em prol da festa de anivers\u00e1rio da par\u00f3quia.<\/em><\/p>\n<p style=\"font-weight: 400;\"><em>\u00a0Todas as\u00a0\u00a0pastorais, movimentos e comunidades da igreja matriz estiveram juntos em ora\u00e7\u00e3o, servindo o caruru aos fieis do bairro S\u00e3o Caetano e de outros bairros da cidade.<\/em><\/p>\n<p style=\"font-weight: 400;\"><em>Vale lembrar que ainda tem muita coisa boa para acontecer. Na pr\u00f3xima quinta-feira(10), por exemplo, \u00e0s 19h, acontecer\u00e1 a santa missa com\u00a0b\u00ean\u00e7\u00e3o do t\u00famulo de Frei Joaquim Cameli e em seguida, uma grande carreata pelas ruas e avenidas do bairro.<\/em><\/p>\n<p style=\"font-weight: 400;\"><em>Ser\u00e3o ao todo, mais de dez dias de prepara\u00e7\u00e3o para a grande festa. Participe e acompanhe tudo aqui neste Portal de not\u00edcias.<\/em><\/p>\n<p style=\"font-weight: 400;\">Texto e fotos:Portal Cat\u00f3lico.Net<\/p>\n<p style=\"font-weight: 400;\"><img loading=\"lazy\" decoding=\"async\" class=\"alignnone  wp-image-55059\" src=\"http:\/\/portalcatolico.net\/portal\/wp-content\/uploads\/2018\/05\/2-300x225.jpg\" alt=\"2\" width=\"719\" height=\"539\" srcset=\"http:\/\/portalcatolico.net\/portal\/wp-content\/uploads\/2018\/05\/2-300x225.jpg 300w, http:\/\/portalcatolico.net\/portal\/wp-content\/uploads\/2018\/05\/2-768x576.jpg 768w, http:\/\/portalcatolico.net\/portal\/wp-content\/uploads\/2018\/05\/2.jpg 1000w\" sizes=\"auto, (max-width: 719px) 100vw, 719px\" \/><\/p>\n<p>&nbsp;<\/p>\n","protected":false},"excerpt":{"rendered":"<p>As comemora\u00e7\u00f5es da\u00a0\u00a0festa dos 50 anos de funda\u00e7\u00e3o e evangeliza\u00e7\u00e3o da Par\u00f3quia Santa Rita de C\u00e1ssia em Itabuna\u00a0(BA), continuam a todo vapor. Neste domingo, 05 de maio, ao meio-dia aconteceu o t\u00e3o esperado Caruru. A renda do evento ser\u00e1 utilizada em prol da festa de anivers\u00e1rio da par\u00f3quia. \u00a0Todas as\u00a0\u00a0pastorais, movimentos e comunidades da igreja&nbsp;<\/p>\n<p><a class=\"btn btn-style\" href=\"http:\/\/portalcatolico.net\/portal\/paroquia-santa-rita-de-cassia-realiza-caruru-em-itabuna\/\">Continue Reading<\/a><\/p>\n","protected":false},"author":2,"featured_media":55058,"comment_status":"open","ping_status":"open","sticky":false,"template":"","format":"standard","meta":{"footnotes":""},"categories":[4],"tags":[],"class_list":["post-55057","post","type-post","status-publish","format-standard","has-post-thumbnail","hentry","category-destaques"],"_links":{"self":[{"href":"http:\/\/portalcatolico.net\/portal\/wp-json\/wp\/v2\/posts\/55057","targetHints":{"allow":["GET"]}}],"collection":[{"href":"http:\/\/portalcatolico.net\/portal\/wp-json\/wp\/v2\/posts"}],"about":[{"href":"http:\/\/portalcatolico.net\/portal\/wp-json\/wp\/v2\/types\/post"}],"author":[{"embeddable":true,"href":"http:\/\/portalcatolico.net\/portal\/wp-json\/wp\/v2\/users\/2"}],"replies":[{"embeddable":true,"href":"http:\/\/portalcatolico.net\/portal\/wp-json\/wp\/v2\/comments?post=55057"}],"version-history":[{"count":1,"href":"http:\/\/portalcatolico.net\/portal\/wp-json\/wp\/v2\/posts\/55057\/revisions"}],"predecessor-version":[{"id":55060,"href":"http:\/\/portalcatolico.net\/portal\/wp-json\/wp\/v2\/posts\/55057\/revisions\/55060"}],"wp:featuredmedia":[{"embeddable":true,"href":"http:\/\/portalcatolico.net\/portal\/wp-json\/wp\/v2\/media\/55058"}],"wp:attachment":[{"href":"http:\/\/portalcatolico.net\/portal\/wp-json\/wp\/v2\/media?parent=55057"}],"wp:term":[{"taxonomy":"category","embeddable":true,"href":"http:\/\/portalcatolico.net\/portal\/wp-json\/wp\/v2\/categories?post=55057"},{"taxonomy":"post_tag","embeddable":true,"href":"http:\/\/portalcatolico.net\/portal\/wp-json\/wp\/v2\/tags?post=55057"}],"curies":[{"name":"wp","href":"https:\/\/api.w.org\/{rel}","templated":true}]}}