{"id":55054,"date":"2018-05-06T22:08:23","date_gmt":"2018-05-07T01:08:23","guid":{"rendered":"http:\/\/portalcatolico.net\/portal\/?p=55054"},"modified":"2018-05-06T22:08:23","modified_gmt":"2018-05-07T01:08:23","slug":"paroquia-de-sao-boaventura-de-canavieiras-celebra-300-anos-de-fundacao-e-evangelizacao","status":"publish","type":"post","link":"http:\/\/portalcatolico.net\/portal\/paroquia-de-sao-boaventura-de-canavieiras-celebra-300-anos-de-fundacao-e-evangelizacao\/","title":{"rendered":"Par\u00f3quia de S\u00e3o Boaventura de Canavieiras celebra 300 anos de funda\u00e7\u00e3o e evangeliza\u00e7\u00e3o"},"content":{"rendered":"<p class=\"m_-1174630190390345438xmsonormal\"><em>Os fieis da Par\u00f3quia de S\u00e3o Boaventura de Canavieiras (BA) est\u00e3o em festa desde 2015, quando iniciaram as comemora\u00e7\u00f5es em homenagem aos 300 anos de funda\u00e7\u00e3o da par\u00f3quia.<u><\/u><u><\/u><\/em><\/p>\n<p class=\"m_-1174630190390345438xmsonormal\"><em>Finalmente, o t\u00e3o esperado dia chegou, neste\u00a0\u00a0s\u00e1bado, 5 de maio.<u><\/u><u><\/u><\/em><\/p>\n<p class=\"m_-1174630190390345438xmsonormal\"><em>Uma data t\u00e3o marcante como esta, n\u00e3o podia passar em branco, por isso, aconteceram diversos eventos que celebravam esses 300 anos, como por exemplo, a inaugura\u00e7\u00e3o e b\u00ean\u00e7\u00e3o da pedra fundamental do bras\u00e3o dos 300 anos e a b\u00ean\u00e7\u00e3o da logomarca dos 300 da par\u00f3quia.<u><\/u><u><\/u><\/em><\/p>\n<p class=\"m_-1174630190390345438xmsonormal\"><em>Por volta das 18h, aconteceu a celebra\u00e7\u00e3o da santa missa\u00a0\u00a0dos 300 anos com a pra\u00e7a completamente lotada, e sob a presid\u00eancia do Bispo da Diocese de Itabuna, Dom Carlos\u00a0\u00a0Alberto dos Santos e concelebrada por Dom Ceslau Stanula, Bispo Em\u00e9rito da Diocese de Itabuna, al\u00e9m de padres e di\u00e1conos. Ao final da santa missa teve show com a banda cat\u00f3lica\u00a0\u00a0de Feira de Santana: \u201cDefesos\u201d.<\/em><u><\/u><u><\/u><\/p>\n<p class=\"m_-1174630190390345438xmsonormal\"><em>Na oportunidade, Dom Carlos Alberto falou sobre o momento especial: \u201cparabenizo a todos voc\u00eas, canavieirenses, pelo lindo trabalho de evangeliza\u00e7\u00e3o. Parabenizo todos os padres e bispos que passaram pela par\u00f3quia, pelo carinho, dedica\u00e7\u00e3o\u00a0\u00a0e servi\u00e7o a esta par\u00f3quia.\u201d. E ainda, aproveitou para elogiar as pastorais e os movimentos da igreja matriz aniversariante: \u201cComo \u00e9 lindo ver uma comunidade viva\u00a0\u00a0e mais desejosa junto \u00e0s pastorais\u00a0\u00a0nesta caminhada. Parab\u00e9ns pelo trabalho de evangeliza\u00e7\u00e3o desde 2015, que iniciou com Dom Ceslau e agora vai continuar com o novo padre (Vinicius Mascarenhas) que ir\u00e1 tomar posse nesta segunda-feira\u201d.<u><\/u><u><\/u><\/em><\/p>\n<p class=\"m_-1174630190390345438xmsonormal\"><em>A equipe do Portal Cat\u00f3lico sente-se honrada em registrar e acompanhar um marco como este, que como disse o padre Euvaldo, em 2015: \u201cPara n\u00f3s \u00e9 uma alegria muito grande estar preparando esses 300 anos. S\u00e3o poucas as par\u00f3quias na Bahia que possuem esse privil\u00e9gio de comemorar um momento t\u00e3o importante como este\u201d.<\/em><u><\/u><u><\/u><\/p>\n<p><iframe loading=\"lazy\"  id=\"_ytid_23982\"  width=\"480\" height=\"270\"  data-origwidth=\"480\" data-origheight=\"270\" src=\"https:\/\/www.youtube.com\/embed\/g-77Lt8DOZ4?enablejsapi=1&#038;autoplay=0&#038;cc_load_policy=0&#038;cc_lang_pref=&#038;iv_load_policy=1&#038;loop=0&#038;rel=1&#038;fs=1&#038;playsinline=0&#038;autohide=2&#038;theme=dark&#038;color=red&#038;controls=1&#038;disablekb=0&#038;\" class=\"__youtube_prefs__  epyt-is-override  no-lazyload\" title=\"YouTube player\"  allow=\"fullscreen; accelerometer; autoplay; clipboard-write; encrypted-media; gyroscope; picture-in-picture; web-share\" referrerpolicy=\"strict-origin-when-cross-origin\" allowfullscreen data-no-lazy=\"1\" data-skipgform_ajax_framebjll=\"\"><\/iframe><\/p>\n<p class=\"m_-1174630190390345438xgmail-msonospacing\"><em><b>Hist\u00f3ria<\/b><\/em><em>&#8211; A Par\u00f3quia s\u00e3o Boaventura foi criada em 11 de abril de 1718. Uma das mais antigas do interior da Bahia. A imagem de S\u00e3o Boaventura foi encontrada nas praias do Puxim, em um dos\u00a0\u00a0distritos do munic\u00edpio de Canavieiras,\u00a0por pescadores que ali moravam e pescavam.<\/em><i><u><\/u><u><\/u><\/i><\/p>\n<p class=\"m_-1174630190390345438xgmail-msonospacing\"><em>\u00a0H\u00e1 300 anos, a par\u00f3quia pertencia \u00e0 Arquidiocese de\u00a0\u00a0S\u00e3o Salvador-Bahia, e h\u00e1 mais 100 anos, pertencia \u00e0 Diocese de Ilh\u00e9us. H\u00e1 39 anos, pertence \u00e0 Diocese de Itabuna.<\/em><\/p>\n<p class=\"m_-1174630190390345438xgmail-msonospacing\">Fotos,v\u00eddeo e reportagem: Valdeni Elias<\/p>\n<p class=\"m_-1174630190390345438xgmail-msonospacing\">Edi\u00e7\u00e3o de texto: Anara Passos<\/p>\n<p class=\"m_-1174630190390345438xgmail-msonospacing\">\u00c1lbum de fotos: <a href=\"http:\/\/portalcatolico.net\/portal\/300-anos-paroquia-sao-boaventura-em-canavieiras\/\"><span style=\"color: #ff0000;\">Clique aqui<\/span><\/a><\/p>\n","protected":false},"excerpt":{"rendered":"<p>Os fieis da Par\u00f3quia de S\u00e3o Boaventura de Canavieiras (BA) est\u00e3o em festa desde 2015, quando iniciaram as comemora\u00e7\u00f5es em homenagem aos 300 anos de funda\u00e7\u00e3o da par\u00f3quia. Finalmente, o t\u00e3o esperado dia chegou, neste\u00a0\u00a0s\u00e1bado, 5 de maio. Uma data t\u00e3o marcante como esta, n\u00e3o podia passar em branco, por isso, aconteceram diversos eventos que&nbsp;<\/p>\n<p><a class=\"btn btn-style\" href=\"http:\/\/portalcatolico.net\/portal\/paroquia-de-sao-boaventura-de-canavieiras-celebra-300-anos-de-fundacao-e-evangelizacao\/\">Continue Reading<\/a><\/p>\n","protected":false},"author":2,"featured_media":55055,"comment_status":"open","ping_status":"open","sticky":false,"template":"","format":"standard","meta":{"footnotes":""},"categories":[68],"tags":[],"class_list":["post-55054","post","type-post","status-publish","format-standard","has-post-thumbnail","hentry","category-homilias"],"_links":{"self":[{"href":"http:\/\/portalcatolico.net\/portal\/wp-json\/wp\/v2\/posts\/55054","targetHints":{"allow":["GET"]}}],"collection":[{"href":"http:\/\/portalcatolico.net\/portal\/wp-json\/wp\/v2\/posts"}],"about":[{"href":"http:\/\/portalcatolico.net\/portal\/wp-json\/wp\/v2\/types\/post"}],"author":[{"embeddable":true,"href":"http:\/\/portalcatolico.net\/portal\/wp-json\/wp\/v2\/users\/2"}],"replies":[{"embeddable":true,"href":"http:\/\/portalcatolico.net\/portal\/wp-json\/wp\/v2\/comments?post=55054"}],"version-history":[{"count":1,"href":"http:\/\/portalcatolico.net\/portal\/wp-json\/wp\/v2\/posts\/55054\/revisions"}],"predecessor-version":[{"id":55056,"href":"http:\/\/portalcatolico.net\/portal\/wp-json\/wp\/v2\/posts\/55054\/revisions\/55056"}],"wp:featuredmedia":[{"embeddable":true,"href":"http:\/\/portalcatolico.net\/portal\/wp-json\/wp\/v2\/media\/55055"}],"wp:attachment":[{"href":"http:\/\/portalcatolico.net\/portal\/wp-json\/wp\/v2\/media?parent=55054"}],"wp:term":[{"taxonomy":"category","embeddable":true,"href":"http:\/\/portalcatolico.net\/portal\/wp-json\/wp\/v2\/categories?post=55054"},{"taxonomy":"post_tag","embeddable":true,"href":"http:\/\/portalcatolico.net\/portal\/wp-json\/wp\/v2\/tags?post=55054"}],"curies":[{"name":"wp","href":"https:\/\/api.w.org\/{rel}","templated":true}]}}