{"id":55050,"date":"2018-05-06T21:58:47","date_gmt":"2018-05-07T00:58:47","guid":{"rendered":"http:\/\/portalcatolico.net\/portal\/?p=55050"},"modified":"2018-05-06T21:58:47","modified_gmt":"2018-05-07T00:58:47","slug":"papa-francisco-em-tor-de-schiavi-amar-e-cuidar-das-pessoas","status":"publish","type":"post","link":"http:\/\/portalcatolico.net\/portal\/papa-francisco-em-tor-de-schiavi-amar-e-cuidar-das-pessoas\/","title":{"rendered":"Papa Francisco em Tor de\u2019 Schiavi: amar \u00e9 cuidar das pessoas"},"content":{"rendered":"<p>Em sua homilia, Francisco ressaltou que Jesus no Evangelho de hoje d\u00e1 um forte conselho aos disc\u00edpulos e tamb\u00e9m a n\u00f3s: \u201cPermane\u00e7am no meu amor\u201d.<\/p>\n<p>O Papa Francisco visitou, na tarde deste domingo (06\/05), a Par\u00f3quia do Sant\u00edssimo Sacramento, situada no bairro Tor de\u2019 Schiavi, em Roma, onde inaugurou a \u201cCasa da Alegria\u201d para pessoas especiais.<\/p>\n<p>Francisco foi acolhido pelo vig\u00e1rio do Papa para a Diocese de Roma, Dom Angelo De Donatis, pelo cardeal titular Jos\u00e9 Greg\u00f3rio Rosa Ch\u00e1vez, pelo Presidente da Caritas Internacional, Cardeal Lu\u00eds Ant\u00f4nio Tagle, pelo p\u00e1roco Pe. Maurizio Mirilli, alguns colaboradores e fi\u00e9is da par\u00f3quia.<\/p>\n<p>Ap\u00f3s as boas-vindas, o Papa encontrou-se com as pessoas especiais, seus familiares e aben\u00e7oou os ambientes da\u00a0<b>\u201cCasa da Alegria\u201d.<\/b><\/p>\n<p>A seguir, no orat\u00f3rio, respondeu quatro perguntas feitas por um pai, uma jovem, uma adolescente e uma crian\u00e7a.<\/p>\n<p>Depois, presidiu a celebra\u00e7\u00e3o eucar\u00edstica durante a qual conferiu o Sacramento da Crisma a uma menina da par\u00f3quia, que sofre de uma doen\u00e7a mitocondrial, e sua m\u00e3e.<\/p>\n<p>Em sua homilia, Francisco ressaltou que Jesus no Evangelho de hoje d\u00e1 um forte conselho aos disc\u00edpulos e tamb\u00e9m a n\u00f3s:<b>\u00a0\u201cPermane\u00e7am no meu amor\u201d.<\/b><\/p>\n<p>\u201cCada um de n\u00f3s pode se perguntar: permane\u00e7o no amor do Senhor ou vou buscar outros caminhos, outras condutas de vida? Permanecer no amor significa servir aos outros, estar a servi\u00e7o dos outros. N\u00e3o \u00e9 como ver um filme de amor. O amor \u00e9 outra coisa.\u00a0<b>O amor \u00e9 cuidar dos outros.<\/b>\u00a0O amor n\u00e3o \u00e9 soar um violino. Tudo rom\u00e2ntico!\u00a0<b>O amor \u00e9 trabalho.\u00a0<\/b>Voc\u00eas que s\u00e3o m\u00e3es lembram de seus filhos pequenos e sabem que foi um trabalho, limpar, passar, amamentar.\u00a0<b>O amor se v\u00ea nas obras e n\u00e3o nas palavras. O amor \u00e9 concreto.\u201d<\/b><\/p>\n<p>O Papa convidou cada um a \u201cpensar no amor pela fam\u00edlia, pelo trabalho, pelo bairro, no amor pelos outros\u201d.<\/p>\n<p><b>\u201cFui \u00e0 \u201cCasa da Alegria\u201d que para mim deveria se chamar Casa do Amor, pois essa par\u00f3quia cuida de muitas pessoas que precisam ser curadas<\/b>. Isso \u00e9 amor e o amor \u00e9 trabalho em prol dos outros. O amor se manifesta com mais for\u00e7a nas obras.\u201d<\/p>\n<p>\u201cO que voc\u00ea faz pelos enfermos do bairro? Se eu amo, o que fa\u00e7o pelos outros? Algu\u00e9m pode perguntar: Padre, onde aprendemos isso? De Jesus.\u201d<\/p>\n<p>O Papa sublinhou que na Segunda Leitura tem uma frase que pode abrir os nossos olhos:<b>\u201cNisto consiste o amor: n\u00e3o fomos n\u00f3s que amamos a Deus, mas foi ele que nos amou e enviou o seu Filho como v\u00edtima de repara\u00e7\u00e3o pelos nossos pecados.\u201d<\/b><\/p>\n<p>\u201cEle ama sempre por primeiro e nos espera com amor. Devo me perguntar: espero os outros com amor? A fofoca \u00e9 amor? O falar mal dos outros \u00e9 amor? N\u00e3o, isso n\u00e3o \u00e9 amor. Posso fazer cinco novena por m\u00eas, mas se falo mal dos outros, isso n\u00e3o \u00e9 amor.\u201d<\/p>\n<p><b>Francisco disse que \u201co amor \u00e9 gratuito e que o term\u00f4metro para saber a temperatura do amor \u00e9 a l\u00edngua.<\/b>\u00a0Antes de me confessar, fa\u00e7o um exame de consci\u00eancia e penso como a minha l\u00edngua se comportou. Fa\u00e7a o esfor\u00e7o para n\u00e3o falar mal dos outros. Para isso existe um rem\u00e9dio: morder a l\u00edngua\u201d.<\/p>\n<p>O Papa concluiu a sua homilia, convidando os fi\u00e9is a pedirem ao Senhor a gra\u00e7a de \u201cpermanecer no amor e entender que o amor \u00e9 servi\u00e7o, \u00e9 cuidar das pessoas\u201d.<\/p>\n<p>Papa visita Par\u00f3quia do Sant\u00edssimo Sacramento<\/p>\n<audio class=\"wp-audio-shortcode\" id=\"audio-55050-1\" preload=\"none\" style=\"width: 100%;\" controls=\"controls\"><source type=\"audio\/mpeg\" src=\"http:\/\/portalcatolico.net\/portal\/wp-content\/uploads\/2018\/05\/134421126_F134421126.mp3?_=1\" \/><a href=\"http:\/\/portalcatolico.net\/portal\/wp-content\/uploads\/2018\/05\/134421126_F134421126.mp3\">http:\/\/portalcatolico.net\/portal\/wp-content\/uploads\/2018\/05\/134421126_F134421126.mp3<\/a><\/audio>\n<p>Fonte e foto: Vatican Midia<\/p>\n","protected":false},"excerpt":{"rendered":"<p>Em sua homilia, Francisco ressaltou que Jesus no Evangelho de hoje d\u00e1 um forte conselho aos disc\u00edpulos e tamb\u00e9m a n\u00f3s: \u201cPermane\u00e7am no meu amor\u201d. O Papa Francisco visitou, na tarde deste domingo (06\/05), a Par\u00f3quia do Sant\u00edssimo Sacramento, situada no bairro Tor de\u2019 Schiavi, em Roma, onde inaugurou a \u201cCasa da Alegria\u201d para pessoas&nbsp;<\/p>\n<p><a class=\"btn btn-style\" href=\"http:\/\/portalcatolico.net\/portal\/papa-francisco-em-tor-de-schiavi-amar-e-cuidar-das-pessoas\/\">Continue Reading<\/a><\/p>\n","protected":false},"author":2,"featured_media":55052,"comment_status":"open","ping_status":"open","sticky":false,"template":"","format":"standard","meta":{"footnotes":""},"categories":[5],"tags":[],"class_list":["post-55050","post","type-post","status-publish","format-standard","has-post-thumbnail","hentry","category-igreja_no_mundo"],"_links":{"self":[{"href":"http:\/\/portalcatolico.net\/portal\/wp-json\/wp\/v2\/posts\/55050","targetHints":{"allow":["GET"]}}],"collection":[{"href":"http:\/\/portalcatolico.net\/portal\/wp-json\/wp\/v2\/posts"}],"about":[{"href":"http:\/\/portalcatolico.net\/portal\/wp-json\/wp\/v2\/types\/post"}],"author":[{"embeddable":true,"href":"http:\/\/portalcatolico.net\/portal\/wp-json\/wp\/v2\/users\/2"}],"replies":[{"embeddable":true,"href":"http:\/\/portalcatolico.net\/portal\/wp-json\/wp\/v2\/comments?post=55050"}],"version-history":[{"count":1,"href":"http:\/\/portalcatolico.net\/portal\/wp-json\/wp\/v2\/posts\/55050\/revisions"}],"predecessor-version":[{"id":55053,"href":"http:\/\/portalcatolico.net\/portal\/wp-json\/wp\/v2\/posts\/55050\/revisions\/55053"}],"wp:featuredmedia":[{"embeddable":true,"href":"http:\/\/portalcatolico.net\/portal\/wp-json\/wp\/v2\/media\/55052"}],"wp:attachment":[{"href":"http:\/\/portalcatolico.net\/portal\/wp-json\/wp\/v2\/media?parent=55050"}],"wp:term":[{"taxonomy":"category","embeddable":true,"href":"http:\/\/portalcatolico.net\/portal\/wp-json\/wp\/v2\/categories?post=55050"},{"taxonomy":"post_tag","embeddable":true,"href":"http:\/\/portalcatolico.net\/portal\/wp-json\/wp\/v2\/tags?post=55050"}],"curies":[{"name":"wp","href":"https:\/\/api.w.org\/{rel}","templated":true}]}}