{"id":55041,"date":"2018-05-07T04:32:27","date_gmt":"2018-05-07T07:32:27","guid":{"rendered":"http:\/\/portalcatolico.net\/portal\/?p=55041"},"modified":"2018-05-06T21:33:24","modified_gmt":"2018-05-07T00:33:24","slug":"pre-congresso-liturgico-e-catequetico-acontece-em-camacan","status":"publish","type":"post","link":"http:\/\/portalcatolico.net\/portal\/pre-congresso-liturgico-e-catequetico-acontece-em-camacan\/","title":{"rendered":"Pr\u00e9-Congresso  Lit\u00fargico e Catequ\u00e9tico acontece em Camacan"},"content":{"rendered":"<p class=\"m_-3205683926095797904xmsonormal\"><em>A Pastoral da Catequese da Diocese de Itabuna realizou neste domingo (06), mais um Pr\u00e9-Congresso\u00a0\u00a0Lit\u00fargico e Catequ\u00e9tico da\u00a0\u00a0\u00a0Forania Sul\u00a0\u00a0na par\u00f3quia S\u00e3o Sebasti\u00e3o\u00a0em Camacan (BA).<u><\/u><u><\/u><\/em><\/p>\n<p class=\"m_-3205683926095797904xmsonormal\"><em>A santa missa aconteceu \u00e0s 7h e foi presidida pelo p\u00e1roco da igreja matriz, o Pe. Valdeni Neris e concelebrado por Pe. Manoel Cardoso.<u><\/u><u><\/u><\/em><\/p>\n<p class=\"m_-3205683926095797904xmsonormal\"><em>\u00a0O evento teve a participa\u00e7\u00e3o de todas as par\u00f3quias da Foronia Sul e foi assessorado pelo \u00a0Di\u00e1cono Trajano Osvaldo e pelo Coordenador Diocesano da Pastoral da Catequese, Danilo Barbosa, al\u00e9m da participa\u00e7\u00e3o especial\u00a0do Pe. Manoel Cardoso.\u00a0\u00a0<u><\/u><u><\/u><\/em><\/p>\n<p class=\"m_-3205683926095797904xmsonormal\"><em>Vale ressaltar que o 1\u00ba Congresso Lit\u00fargico-Catequ\u00e9tico vai acontecer nos dia 06, 07 e 08 de julho, em Itabuna, no Centro Pastoral Diocesano.<\/em><\/p>\n<p class=\"m_-3205683926095797904xmsonormal\">Fotos:Reprodu\u00e7\u00e3o\/Facebook<\/p>\n<p class=\"m_-3205683926095797904xmsonormal\">Texto:Reda\u00e7\u00e3o\/Portal Cat\u00f3lico.Net<\/p>\n<p class=\"m_-3205683926095797904xmsonormal\"><img loading=\"lazy\" decoding=\"async\" class=\"alignnone size-medium wp-image-55043\" src=\"http:\/\/portalcatolico.net\/portal\/wp-content\/uploads\/2018\/05\/31543056_10209510630442829_1937347390881136640_n-300x169.jpg\" alt=\"31543056_10209510630442829_1937347390881136640_n\" width=\"300\" height=\"169\" srcset=\"http:\/\/portalcatolico.net\/portal\/wp-content\/uploads\/2018\/05\/31543056_10209510630442829_1937347390881136640_n-300x169.jpg 300w, http:\/\/portalcatolico.net\/portal\/wp-content\/uploads\/2018\/05\/31543056_10209510630442829_1937347390881136640_n-768x432.jpg 768w, http:\/\/portalcatolico.net\/portal\/wp-content\/uploads\/2018\/05\/31543056_10209510630442829_1937347390881136640_n.jpg 960w\" sizes=\"auto, (max-width: 300px) 100vw, 300px\" \/> <img loading=\"lazy\" decoding=\"async\" class=\"alignnone size-medium wp-image-55044\" src=\"http:\/\/portalcatolico.net\/portal\/wp-content\/uploads\/2018\/05\/31945951_10209511017252499_1587687171236560896_n-300x169.jpg\" alt=\"31945951_10209511017252499_1587687171236560896_n\" width=\"300\" height=\"169\" srcset=\"http:\/\/portalcatolico.net\/portal\/wp-content\/uploads\/2018\/05\/31945951_10209511017252499_1587687171236560896_n-300x169.jpg 300w, http:\/\/portalcatolico.net\/portal\/wp-content\/uploads\/2018\/05\/31945951_10209511017252499_1587687171236560896_n-768x432.jpg 768w, http:\/\/portalcatolico.net\/portal\/wp-content\/uploads\/2018\/05\/31945951_10209511017252499_1587687171236560896_n.jpg 960w\" sizes=\"auto, (max-width: 300px) 100vw, 300px\" \/> <img loading=\"lazy\" decoding=\"async\" class=\"alignnone size-medium wp-image-55045\" src=\"http:\/\/portalcatolico.net\/portal\/wp-content\/uploads\/2018\/05\/31947534_10209511164256174_3863615222132506624_n-300x169.jpg\" alt=\"31947534_10209511164256174_3863615222132506624_n\" width=\"300\" height=\"169\" srcset=\"http:\/\/portalcatolico.net\/portal\/wp-content\/uploads\/2018\/05\/31947534_10209511164256174_3863615222132506624_n-300x169.jpg 300w, http:\/\/portalcatolico.net\/portal\/wp-content\/uploads\/2018\/05\/31947534_10209511164256174_3863615222132506624_n-768x432.jpg 768w, http:\/\/portalcatolico.net\/portal\/wp-content\/uploads\/2018\/05\/31947534_10209511164256174_3863615222132506624_n.jpg 960w\" sizes=\"auto, (max-width: 300px) 100vw, 300px\" \/><img loading=\"lazy\" decoding=\"async\" class=\"alignnone size-medium wp-image-55046\" src=\"http:\/\/portalcatolico.net\/portal\/wp-content\/uploads\/2018\/05\/31956129_10209510630002818_7196166027401494528_n-300x169.jpg\" alt=\"31956129_10209510630002818_7196166027401494528_n\" width=\"300\" height=\"169\" srcset=\"http:\/\/portalcatolico.net\/portal\/wp-content\/uploads\/2018\/05\/31956129_10209510630002818_7196166027401494528_n-300x169.jpg 300w, http:\/\/portalcatolico.net\/portal\/wp-content\/uploads\/2018\/05\/31956129_10209510630002818_7196166027401494528_n-768x432.jpg 768w, http:\/\/portalcatolico.net\/portal\/wp-content\/uploads\/2018\/05\/31956129_10209510630002818_7196166027401494528_n.jpg 960w\" sizes=\"auto, (max-width: 300px) 100vw, 300px\" \/><\/p>\n","protected":false},"excerpt":{"rendered":"<p>A Pastoral da Catequese da Diocese de Itabuna realizou neste domingo (06), mais um Pr\u00e9-Congresso\u00a0\u00a0Lit\u00fargico e Catequ\u00e9tico da\u00a0\u00a0\u00a0Forania Sul\u00a0\u00a0na par\u00f3quia S\u00e3o Sebasti\u00e3o\u00a0em Camacan (BA). A santa missa aconteceu \u00e0s 7h e foi presidida pelo p\u00e1roco da igreja matriz, o Pe. Valdeni Neris e concelebrado por Pe. Manoel Cardoso. \u00a0O evento teve a participa\u00e7\u00e3o de todas&nbsp;<\/p>\n<p><a class=\"btn btn-style\" href=\"http:\/\/portalcatolico.net\/portal\/pre-congresso-liturgico-e-catequetico-acontece-em-camacan\/\">Continue Reading<\/a><\/p>\n","protected":false},"author":2,"featured_media":55042,"comment_status":"open","ping_status":"open","sticky":false,"template":"","format":"standard","meta":{"footnotes":""},"categories":[4],"tags":[],"class_list":["post-55041","post","type-post","status-publish","format-standard","has-post-thumbnail","hentry","category-destaques"],"_links":{"self":[{"href":"http:\/\/portalcatolico.net\/portal\/wp-json\/wp\/v2\/posts\/55041","targetHints":{"allow":["GET"]}}],"collection":[{"href":"http:\/\/portalcatolico.net\/portal\/wp-json\/wp\/v2\/posts"}],"about":[{"href":"http:\/\/portalcatolico.net\/portal\/wp-json\/wp\/v2\/types\/post"}],"author":[{"embeddable":true,"href":"http:\/\/portalcatolico.net\/portal\/wp-json\/wp\/v2\/users\/2"}],"replies":[{"embeddable":true,"href":"http:\/\/portalcatolico.net\/portal\/wp-json\/wp\/v2\/comments?post=55041"}],"version-history":[{"count":1,"href":"http:\/\/portalcatolico.net\/portal\/wp-json\/wp\/v2\/posts\/55041\/revisions"}],"predecessor-version":[{"id":55047,"href":"http:\/\/portalcatolico.net\/portal\/wp-json\/wp\/v2\/posts\/55041\/revisions\/55047"}],"wp:featuredmedia":[{"embeddable":true,"href":"http:\/\/portalcatolico.net\/portal\/wp-json\/wp\/v2\/media\/55042"}],"wp:attachment":[{"href":"http:\/\/portalcatolico.net\/portal\/wp-json\/wp\/v2\/media?parent=55041"}],"wp:term":[{"taxonomy":"category","embeddable":true,"href":"http:\/\/portalcatolico.net\/portal\/wp-json\/wp\/v2\/categories?post=55041"},{"taxonomy":"post_tag","embeddable":true,"href":"http:\/\/portalcatolico.net\/portal\/wp-json\/wp\/v2\/tags?post=55041"}],"curies":[{"name":"wp","href":"https:\/\/api.w.org\/{rel}","templated":true}]}}