{"id":54932,"date":"2018-05-05T08:58:19","date_gmt":"2018-05-05T11:58:19","guid":{"rendered":"http:\/\/portalcatolico.net\/portal\/?p=54932"},"modified":"2018-05-05T09:17:22","modified_gmt":"2018-05-05T12:17:22","slug":"nossa-senhora-de-fatima-e-celebrada-em-itabuna","status":"publish","type":"post","link":"http:\/\/portalcatolico.net\/portal\/nossa-senhora-de-fatima-e-celebrada-em-itabuna\/","title":{"rendered":"Nossa Senhora de F\u00e1tima \u00e9 celebrada em Itabuna"},"content":{"rendered":"<p class=\"m_-1990610095493470818xgmail-m4598498880954348326m8776190656481618825xgmail-msonospacing\"><em>A igreja matriz de Nossa Senhora de F\u00e1tima situada no bairro de F\u00e1tima em Itabuna (BA) j\u00e1 est\u00e1 comemorando em prol de sua padroeira, pois na \u00faltima quinta-feira (03), a igreja realizou um arrast\u00e3o pelo bairro que homenageia a santa, marcando o in\u00edcio do Noven\u00e1rio que vai at\u00e9 o dia 13 deste m\u00eas. O respectivo evento tem como \u00a0tema: \u201cNossa Senhora de F\u00e1tima, ensina-nos a ser sal e luz<\/em><\/p>\n<div id=\"attachment_54936\" style=\"width: 229px\" class=\"wp-caption alignright\"><img loading=\"lazy\" decoding=\"async\" aria-describedby=\"caption-attachment-54936\" class=\" wp-image-54936\" src=\"http:\/\/portalcatolico.net\/portal\/wp-content\/uploads\/2018\/05\/13-1-300x225.jpg\" alt=\"INAUGURA\u00c7\u00c3O DA FACHADA DA IGREJA\" width=\"219\" height=\"164\" srcset=\"http:\/\/portalcatolico.net\/portal\/wp-content\/uploads\/2018\/05\/13-1-300x225.jpg 300w, http:\/\/portalcatolico.net\/portal\/wp-content\/uploads\/2018\/05\/13-1-768x576.jpg 768w, http:\/\/portalcatolico.net\/portal\/wp-content\/uploads\/2018\/05\/13-1.jpg 1000w\" sizes=\"auto, (max-width: 219px) 100vw, 219px\" \/><p id=\"caption-attachment-54936\" class=\"wp-caption-text\">INAUGURA\u00c7\u00c3O DA FACHADA DA IGREJA<\/p><\/div>\n<p class=\"m_-1990610095493470818xgmail-m4598498880954348326m8776190656481618825xgmail-msonospacing\"><em>no mundo\u201d e o lema \u201cAssim brilhe a Vossa luz diante dos homens (Mt 5, 16)\u201d.<\/em><u><\/u><u><\/u><\/p>\n<p class=\"m_-1990610095493470818xgmail-m4598498880954348326xgmail-msonospacing\"><em>A novena estar\u00e1 acontecendo todas as noites sempre \u00e0s 19h, acompanhadas de quermesse, vendas de materiais religiosos e som ao vivo. Todos os dias, tamb\u00e9m vai acontecer, \u00e0s 18h, a ora\u00e7\u00e3o do\u00a0\u00a0ter\u00e7o e santo of\u00edcio.<u><\/u><u><\/u><\/em><\/p>\n<p class=\"m_-1990610095493470818xgmail-m4598498880954348326xgmail-msonospacing\"><em>A Celebra\u00e7\u00e3o Eucar\u00edstica est\u00e1 acontecendo \u00e0s 6h30.<u><\/u><u><\/u><\/em><\/p>\n<p class=\"m_-1990610095493470818xgmail-m4598498880954348326xgmail-msonospacing\"><em>Na primeira noite do Noven\u00e1rio, a Par\u00f3quia Senhor Deus Menino da cidade de Ibicara\u00ed foi a convidada. E o seu p\u00e1roco, Pe. Wesley do Carmo, foi quem refletiu o\u00a0subtema: \u201cComo posso merecer que a m\u00e3e venha visitar-me!\u201d\u00a0\u00a0<\/em><\/p>\n<p class=\"m_-1990610095493470818xgmail-m4598498880954348326xgmail-msonospacing\" style=\"text-align: center;\"><strong>OU\u00c7A O \u00c1UDIO:<\/strong><\/p>\n<audio class=\"wp-audio-shortcode\" id=\"audio-54932-1\" preload=\"none\" style=\"width: 100%;\" controls=\"controls\"><source type=\"audio\/mpeg\" src=\"http:\/\/portalcatolico.net\/portal\/wp-content\/uploads\/2018\/05\/Z0000294.mp3?_=1\" \/><a href=\"http:\/\/portalcatolico.net\/portal\/wp-content\/uploads\/2018\/05\/Z0000294.mp3\">http:\/\/portalcatolico.net\/portal\/wp-content\/uploads\/2018\/05\/Z0000294.mp3<\/a><\/audio>\n<p class=\"m_-1990610095493470818xgmail-m4598498880954348326xgmail-msonospacing\"><em>Na oportunidade, tamb\u00e9m aconteceu a t\u00e3o esperada inaugura\u00e7\u00e3o da fachada da igreja, que estava em reforma j\u00e1 h\u00e1 algum tempo.<\/em><u><\/u><u><\/u><\/p>\n<p class=\"m_-1990610095493470818xgmail-m4598498880954348326xgmail-msonospacing\"><em>Vale lembrar que a missa dos enfermos acontecer\u00e1 no dia 9, \u00e0s 16h.<\/em><u><\/u><u><\/u><\/p>\n<p class=\"m_-1990610095493470818xgmail-m4598498880954348326xgmail-msonospacing\"><em>O dia festivo (13) come\u00e7ar\u00e1 \u00e0s 5h com a alvorada, seguida da santa missa por volta das 7h. \u00c0s 12h tem louvor a Maria e queima de fogos. No per\u00edodo da tarde, \u00e0s 15h, tem ora\u00e7\u00e3o do ter\u00e7o e o santo of\u00edcio. E \u00e0 noite, para finalizar, \u00e0s 18h, tem missa solene presidida pelo bispo diocesano Dom Carlos Alberto dos Santos, seguida da tradicional prociss\u00e3o pelas ruas do bairro com a imagem da santa.<\/em><u><\/u><u><\/u><\/p>\n<p class=\"m_-1990610095493470818xgmail-m4598498880954348326xgmail-msonospacing\"><em>A igreja matriz de Nossa Senhora de F\u00e1tima est\u00e1 localizada na Avenida Juraci Magalh\u00e3es e tem como p\u00e1roco, o Pe.Nicolau Klak.<\/em><\/p>\n<p class=\"m_-1990610095493470818xgmail-m4598498880954348326xgmail-msonospacing\" style=\"text-align: center;\"><strong>Confira a programa\u00e7\u00e3o<\/strong><\/p>\n<p class=\"m_-1990610095493470818xgmail-m4598498880954348326xgmail-msonospacing\"><img loading=\"lazy\" decoding=\"async\" class=\"wp-image-54933 aligncenter\" src=\"http:\/\/portalcatolico.net\/portal\/wp-content\/uploads\/2018\/05\/FOLDER_FESTADEFATIMA_2018-02-300x218.png\" alt=\"FOLDER_FESTADEFATIMA_2018-02\" width=\"709\" height=\"515\" srcset=\"http:\/\/portalcatolico.net\/portal\/wp-content\/uploads\/2018\/05\/FOLDER_FESTADEFATIMA_2018-02-300x218.png 300w, http:\/\/portalcatolico.net\/portal\/wp-content\/uploads\/2018\/05\/FOLDER_FESTADEFATIMA_2018-02-768x557.png 768w, http:\/\/portalcatolico.net\/portal\/wp-content\/uploads\/2018\/05\/FOLDER_FESTADEFATIMA_2018-02-1024x743.png 1024w, http:\/\/portalcatolico.net\/portal\/wp-content\/uploads\/2018\/05\/FOLDER_FESTADEFATIMA_2018-02.png 1771w\" sizes=\"auto, (max-width: 709px) 100vw, 709px\" \/><\/p>\n","protected":false},"excerpt":{"rendered":"<p>A igreja matriz de Nossa Senhora de F\u00e1tima situada no bairro de F\u00e1tima em Itabuna (BA) j\u00e1 est\u00e1 comemorando em prol de sua padroeira, pois na \u00faltima quinta-feira (03), a igreja realizou um arrast\u00e3o pelo bairro que homenageia a santa, marcando o in\u00edcio do Noven\u00e1rio que vai at\u00e9 o dia 13 deste m\u00eas. O respectivo&nbsp;<\/p>\n<p><a class=\"btn btn-style\" href=\"http:\/\/portalcatolico.net\/portal\/nossa-senhora-de-fatima-e-celebrada-em-itabuna\/\">Continue Reading<\/a><\/p>\n","protected":false},"author":2,"featured_media":54939,"comment_status":"open","ping_status":"open","sticky":false,"template":"","format":"standard","meta":{"footnotes":""},"categories":[4],"tags":[],"class_list":["post-54932","post","type-post","status-publish","format-standard","has-post-thumbnail","hentry","category-destaques"],"_links":{"self":[{"href":"http:\/\/portalcatolico.net\/portal\/wp-json\/wp\/v2\/posts\/54932","targetHints":{"allow":["GET"]}}],"collection":[{"href":"http:\/\/portalcatolico.net\/portal\/wp-json\/wp\/v2\/posts"}],"about":[{"href":"http:\/\/portalcatolico.net\/portal\/wp-json\/wp\/v2\/types\/post"}],"author":[{"embeddable":true,"href":"http:\/\/portalcatolico.net\/portal\/wp-json\/wp\/v2\/users\/2"}],"replies":[{"embeddable":true,"href":"http:\/\/portalcatolico.net\/portal\/wp-json\/wp\/v2\/comments?post=54932"}],"version-history":[{"count":5,"href":"http:\/\/portalcatolico.net\/portal\/wp-json\/wp\/v2\/posts\/54932\/revisions"}],"predecessor-version":[{"id":54942,"href":"http:\/\/portalcatolico.net\/portal\/wp-json\/wp\/v2\/posts\/54932\/revisions\/54942"}],"wp:featuredmedia":[{"embeddable":true,"href":"http:\/\/portalcatolico.net\/portal\/wp-json\/wp\/v2\/media\/54939"}],"wp:attachment":[{"href":"http:\/\/portalcatolico.net\/portal\/wp-json\/wp\/v2\/media?parent=54932"}],"wp:term":[{"taxonomy":"category","embeddable":true,"href":"http:\/\/portalcatolico.net\/portal\/wp-json\/wp\/v2\/categories?post=54932"},{"taxonomy":"post_tag","embeddable":true,"href":"http:\/\/portalcatolico.net\/portal\/wp-json\/wp\/v2\/tags?post=54932"}],"curies":[{"name":"wp","href":"https:\/\/api.w.org\/{rel}","templated":true}]}}