{"id":54928,"date":"2018-05-03T21:48:26","date_gmt":"2018-05-04T00:48:26","guid":{"rendered":"http:\/\/portalcatolico.net\/portal\/?p=54928"},"modified":"2018-05-03T21:57:12","modified_gmt":"2018-05-04T00:57:12","slug":"paroquia-santa-rita-de-cassia-abre-comemoracao-dos-50-anos-de-fundacao","status":"publish","type":"post","link":"http:\/\/portalcatolico.net\/portal\/paroquia-santa-rita-de-cassia-abre-comemoracao-dos-50-anos-de-fundacao\/","title":{"rendered":"Par\u00f3quia Santa Rita de C\u00e1ssia  abre comemora\u00e7\u00e3o dos 50 anos de funda\u00e7\u00e3o"},"content":{"rendered":"<p class=\"m_-3181321314189934464xgmail-msonospacing\"><em>A Par\u00f3quia Santa Rita de C\u00e1ssia situada no bairro S\u00e3o Caetano, em Itabuna (BA), est\u00e1 em festa, pois vai ter a felicidade de celebrar o Jubileu de Ouro junto com a festa de sua padroeira.<u><\/u><u><\/u><\/em><\/p>\n<p class=\"m_-3181321314189934464xgmail-msonospacing\"><em>na cidade e diocese de Itabuna no sul da Bahia.<u><\/u><u><\/u><\/em><\/p>\n<p class=\"m_-3181321314189934464xgmail-msonospacing\"><em>As comemora\u00e7\u00f5es come\u00e7am no pr\u00f3ximo com a Novena, no dia 10 de maio, \u00e0s 19h00. A missa ser\u00e1 presidida pelo Padre Jos\u00e9 Genilton, p\u00e1roco da Igreja matriz de Santa Rita. Na oportunidade, ele ira aben\u00e7oar o t\u00famulo do frei Joaquim Cameli que est\u00e1 situado na igreja.<u><\/u><u><\/u><\/em><\/p>\n<p class=\"m_-3181321314189934464xgmail-msonospacing\"><em>\u00a0Em seguida, acontecer\u00e1 a tradicional carreata pelas principais ruas e avenidas do bairro S\u00e3o Caetano, anunciando as festividades da padroeira do bairro.<u><\/u><u><\/u><\/em><\/p>\n<p class=\"m_-3181321314189934464xgmail-msonospacing\"><u><\/u>\u00a0<u><\/u><\/p>\n<p class=\"m_-3181321314189934464xgmail-msonospacing\"><em><b>O evento este ano tem como tema: \u201cSanta Rita inspirando os crist\u00e3os leigos e leigas a serem sal da terra e luz do mundo\u201d.<u><\/u><u><\/u><\/b><\/em><\/p>\n<p class=\"m_-3181321314189934464xgmail-msonospacing\"><u><\/u>\u00a0<u><\/u><\/p>\n<p class=\"m_-3181321314189934464xgmail-msonospacing\"><em>A coordena\u00e7\u00e3o da festa informa que a Novena da Padroeira ter\u00e1 sequ\u00eancia no dia 12, com as celebra\u00e7\u00f5es eucar\u00edsticas, \u00e0s 18h, presidida pelo bispo da diocese de Itabuna, Dom Carlos Alberto,\u00a0\u00a0e \u00e0s 19h, acontecer\u00e1\u00a0\u00a0a inaugura\u00e7\u00e3o do Monumento de Frei Joaquim Cameli, com a presen\u00e7a de outras autoridades religiosas de Itabuna e regi\u00e3o.<u><\/u><u><\/u><\/em><\/p>\n<p class=\"m_-3181321314189934464xgmail-msonospacing\"><em>No dia 21, a presen\u00e7a do padre Paulo Avelino, p\u00e1roco da Par\u00f3quia Nossa Senhora do Resgate-(Arquidiocese de Salvador), vai abrilhantar a festa.<\/em><u><\/u><u><\/u><\/p>\n<p class=\"m_-3181321314189934464xgmail-msonospacing\"><em>A programa\u00e7\u00e3o segue at\u00e9 o dia 22, fechando as festividades com a Missa Solene Jubilar (com a presid\u00eancia\u00a0\u00a0do\u00a0\u00a0bispo Dom Carlos), seguida de prociss\u00e3o com a Imagem da Santa pelas principais ruas do bairro. Durante todos estes dias, logo ap\u00f3s a Celebra\u00e7\u00e3o Eucar\u00edstica, haver\u00e1 quermesse com os tradicionais \u201ccomes e bebes\u201d, muito artesanato, livros, b\u00edblias, imagens, artigos religiosos e shows todas as noites.<\/em><\/p>\n<p><em><strong>\u00a0 \u00a0 \u00a0 \u00a0 \u00a0 \u00a0 \u00a0 \u00a0 \u00a0 \u00a0 \u00a0 \u00a0 \u00a0 \u00a0 \u00a0 \u00a0 \u00a0 \u00a0 \u00a0 \u00a0 \u00a0 \u00a0 \u00a0 \u00a0 \u00a0 \u00a0 \u00a0 \u00a0 \u00a0 \u00a0 \u00a0 \u00a0TRANSMISS\u00c3O AO VIVO<\/strong><\/em><\/p>\n<p><em>O Portal Cat\u00f3lico Web R\u00e1dio est\u00e1 transmitindo em tempo real, todas as noites, via internet, o Noven\u00e1rio. Para ter acesso\u00a0 \u00e0 transmiss\u00e3o ao vivo, baixe nosso aplicativo no Play Store:\u00a0<\/em><a href=\"https:\/\/play.google.com\/store\/apps\/details?id=com.shoutcast.stm.portalcatolico\"><em>https:\/\/play.google.com\/store\/apps\/details?id=com.shoutcast.stm.portalcatolico<\/em><\/a><em>\u00a0ou ou\u00e7a pelos nossos sites:\u00a0<\/em><a href=\"http:\/\/www.portalcatolico.net\/\"><em>www.portalcatolico.net<\/em><\/a><em>\u00a0 ou<\/em><em>\u00a0<\/em><a href=\"http:\/\/www.catoliconoticias.com.br\/\"><em>www.catoliconoticias.com.br<\/em><\/a><\/p>\n<p class=\"m_-3181321314189934464xgmail-msonospacing\" align=\"center\"><em><b>Confira a programa\u00e7\u00e3o completa da festa<\/b><\/em><em>.<\/em><u><\/u><u><\/u><\/p>\n<p class=\"m_-3181321314189934464xgmail-msonospacing\"><strong><em>1\u00aa Noite 13.05 (Domingo)- 19h<\/em><\/strong><u><\/u><u><\/u><\/p>\n<p class=\"m_-3181321314189934464xgmail-msonospacing\"><em>Subtema: \u201cA miss\u00e3o dos crist\u00e3os leigos na Igreja e na sociedade, e os desafios do mundo moderno\u201d.<\/em><u><\/u><u><\/u><\/p>\n<p class=\"m_-3181321314189934464xgmail-msonospacing\"><em><b>Convidados<\/b><\/em><em>: Par\u00f3quias: Catedral de s\u00e3o Jos\u00e9 e Nossa Senhora Aparecida, Pastoral da Comunica\u00e7\u00e3o, R\u00e1dios\u00a0\u00a0AM e FM, TVs, Jornais, Associa\u00e7\u00e3o dos Carros de Sons, Ag\u00eancia de Propaganda e Blogs.<\/em><u><\/u><u><\/u><\/p>\n<p class=\"m_-3181321314189934464xgmail-msonospacing\"><em><b>Liturgia:<\/b><\/em><em>\u00a0Apostolada da Ora\u00e7\u00e3o e Grupo Pe. Pio.<\/em><u><\/u><u><\/u><\/p>\n<p class=\"m_-3181321314189934464xgmail-msonospacing\"><em>Quermesse: Comunidade S\u00e3o Paulo Ap\u00f3stolo, S\u00e3o Francisco Assis, Nossa Senhora de Lourdes e Santa Luzia. (Barraca do Espetinho-Pastoral do Dizimo).<u><\/u><u><\/u><\/em><\/p>\n<p class=\"m_-3181321314189934464xgmail-msonospacing\"><em>Oferta da noite: Refrigerante\/\u00c1gua mineral.<\/em><u><\/u><u><\/u><\/p>\n<p class=\"m_-3181321314189934464xgmail-msonospacing\"><em>\u00a0<\/em><u><\/u><u><\/u><\/p>\n<p class=\"m_-3181321314189934464xgmail-msonospacing\"><strong><em>2\u00aa Noite 14.05 (Segunda-Feira) -19h<\/em><\/strong><u><\/u><u><\/u><\/p>\n<p class=\"m_-3181321314189934464xgmail-msonospacing\"><em><b>Subtema:\u00a0<\/b><\/em><em>\u201cOs crist\u00e3os leigos e o compromisso sociopol\u00edtico transformando, \u00e1 imita\u00e7\u00e3o de Cristo numa Igreja em sa\u00edda para a miss\u00e3o\u201d.<\/em><u><\/u><u><\/u><\/p>\n<p class=\"m_-3181321314189934464xgmail-msonospacing\"><em><b>Convidados:<\/b><\/em><em>\u00a0Par\u00f3quia Nossa Senhora da Concei\u00e7\u00e3o, Pastoral Carcer\u00e1ria, Poder Executivo (Prefeito, Vice-Prefeito, Secretariados e funcion\u00e1rios) Poder Legislativo (Vereadores e funcion\u00e1rios da C\u00e2mara de\u00a0\u00a0vereadores Minist\u00e9rio P\u00fablico. Defensores P\u00fablicos. Justi\u00e7a do Trabalho, SAC,OAB, Cart\u00f3rios de Registros, FICC,CEPLAC, Entidades Filantr\u00f3picas ( Rotary e Lions Clube) e Garis.<\/em><u><\/u><u><\/u><\/p>\n<p class=\"m_-3181321314189934464xgmail-msonospacing\"><em><b>Liturgia<\/b><\/em><em>: Pastoral do Dizimo e Pastoral da Catequese.<\/em><u><\/u><u><\/u><\/p>\n<p class=\"m_-3181321314189934464xgmail-msonospacing\"><em><b>Quermesse<\/b><\/em><em>: Padre Pio, Coroinhas e OFS.-(Barraca do Espetinho-Pastoral do D\u00edzimo).<\/em><u><\/u><u><\/u><\/p>\n<p class=\"m_-3181321314189934464xgmail-msonospacing\"><em><b>Oferta:<\/b><\/em><em>\u00a0Esp\u00e9cie<\/em><u><\/u><u><\/u><\/p>\n<p class=\"m_-3181321314189934464xgmail-msonospacing\"><em>\u00a0<\/em><u><\/u><u><\/u><\/p>\n<p class=\"m_-3181321314189934464xgmail-msonospacing\"><strong><em>3\u00aa Noite 15.05 (Ter\u00e7a-Feira)- 19h<\/em><\/strong><u><\/u><u><\/u><\/p>\n<p class=\"m_-3181321314189934464xgmail-msonospacing\"><em>Subtema: \u201c O protagonista dos crist\u00e3os leigos nas Comunidades Eclesiais de Base, sob a luz do Evangelho\u201d.<\/em><u><\/u><u><\/u><\/p>\n<p class=\"m_-3181321314189934464xgmail-msonospacing\"><em><b>Convidados:<\/b><\/em><em>\u00a0Par\u00f3quia Nossa senhora da Piedade e Santo Ant\u00f4nio, Pastoral da Sa\u00fade, Profissionais da Sa\u00fade ( m\u00e9dicos, enfermeiros\u00a0\u00a0e t\u00e9cnicos\u00a0\u00a0de enfermagem) SAMU, Laborat\u00f3rios, Clinicas M\u00e9dicas, Postos de Sa\u00fade, CEMEPI, Hospitais: Manoel\u00a0\u00a0Novais, S\u00e3o Lucas, Calixto Midlej Filho, Hospital de Base, Hospital de Olhos Beira Rio, DayHORC, ONCOSUL, COTEF,APAE,GACC,GAPO Grupo Se Toque, N\u00facleo Cuidar, Albergue Bezerra de Menezes, Abrigo\u00a0\u00a0S\u00e3o Francisco de Assis, Lar dos idosas ( Dr. Baldoino) FUNDESB e AGP.<\/em><u><\/u><u><\/u><\/p>\n<p class=\"m_-3181321314189934464xgmail-msonospacing\"><em><b>Liturgia<\/b><\/em><em>: Renova\u00e7\u00e3o Carism\u00e1tica Cat\u00f3lica e Grupo Bom Viver.<\/em><u><\/u><u><\/u><\/p>\n<p class=\"m_-3181321314189934464xgmail-msonospacing\"><em><b>Quermesse<\/b><\/em><em>: MECE, Pastoral do Batismo e Grupo S\u00e3o Lucas \u2013 (Barraca Espetinho-Pastoral do Dizimo)<\/em><u><\/u><u><\/u><\/p>\n<p class=\"m_-3181321314189934464xgmail-msonospacing\"><em>Oferta: Refrigerante\/\u00c1gua Mineral\u00a0\u00a0\u00a0\u00a0\u00a0\u00a0\u00a0<\/em><u><\/u><u><\/u><\/p>\n<p class=\"m_-3181321314189934464xgmail-msonospacing\"><em>\u00a0<\/em><u><\/u><u><\/u><\/p>\n<p class=\"m_-3181321314189934464xgmail-msonospacing\"><strong><em>4\u00aaNoite 16.05 (Quarta-Feira)- 19h<\/em><\/strong><u><\/u><u><\/u><\/p>\n<p class=\"m_-3181321314189934464xgmail-msonospacing\"><em><b>Subtema<\/b><\/em><em>: \u201cOs crist\u00e3os leigos superando divis\u00f5es\u00a0\u00a0e avan\u00e7ando no seguimento a Cristo, fortalecidos pela ora\u00e7\u00e3o\u201d.<\/em><u><\/u><u><\/u><\/p>\n<p class=\"m_-3181321314189934464xgmail-msonospacing\"><em><b>Convidados<\/b><\/em><em>: Par\u00f3quias: Senhora Santana (Buerarema) e Santa Maria Goretti, Pastoral Familiar (paroquial e diocesana) Profissionais da Educa\u00e7\u00e3o, NTE 05, Escolas Particulares: Galileu, Divina Provid\u00eancia, AFI, Santo Ant\u00f4nio, SMURFS, Mundo da\u00a0\u00a0Crian\u00e7a, L\u00e1pis de Cor, Palavras M\u00e1gica ,Bem me Quer, Edith Rodrigues ,Amiguinhos da M\u00f4nica, Degraus do Saber, Bambi, Passo a Passo, Interativo, FTC, UNIME. Escolas P\u00fablicas: Margarida Pereira, Lourdes Veloso, CAIC, Col\u00e9gio Estadual Everaldo Cardoso, Am\u00e9lia Amado, Felix Mendon\u00e7a ,Col\u00e9gio Militar, UESC, UFSULBA, Sindicato dos Professores, Secretaria Municipal de Educa\u00e7\u00e3o, Conselho Municipal de Educa\u00e7\u00e3o.<\/em><u><\/u><u><\/u><\/p>\n<p class=\"m_-3181321314189934464xgmail-msonospacing\"><em><b>Quermesse<\/b><\/em><em>: M\u00fasicos, Grupo Santo Ant\u00f4nio, Grupo Bom Viver e PASCOM- (Barrada Espetinho-Pastoral do Dizimo)<\/em><u><\/u><u><\/u><\/p>\n<p class=\"m_-3181321314189934464xgmail-msonospacing\"><em><b>Oferta<\/b><\/em><em>: Refrigerante\u00a0<\/em><u><\/u><u><\/u><\/p>\n<p class=\"m_-3181321314189934464xgmail-msonospacing\"><em>\u00a0<\/em><u><\/u><u><\/u><\/p>\n<p class=\"m_-3181321314189934464xgmail-msonospacing\"><strong><em>5\u00aaNoite 17.05(Quinta-Feira)- 19h<\/em><\/strong><u><\/u><u><\/u><\/p>\n<p class=\"m_-3181321314189934464xgmail-msonospacing\"><em>Subtema: \u201c A\u00a0\u00a0autencidade crist\u00e3 dos leigos na fam\u00edlia, na comunidade eclesial e nas v\u00e1rias situa\u00e7\u00f5es do seu dia a dia\u201d.<\/em><u><\/u><u><\/u><\/p>\n<p class=\"m_-3181321314189934464xgmail-msonospacing\"><em><b>Convidados<\/b><\/em><em>: Par\u00f3quia Senhor do Bonfim, Pastoral do Dizimo, Comerciantes (lojas do comercio do s\u00e3o Caetano, Feirantes, Lojas de Material de Constru\u00e7\u00e3o)\u00a0\u00a0CDL, Associa\u00e7\u00e3o\u00a0\u00a0Comercial de Itabuna, Sindicom, Escrit\u00f3rios de Contabilidade ,Bancos, Financeiras, Motoristas, Sindicato dos Taxistas, Motoboys, Empresas de Transportes, Auto-escolas, Empresas de Turismo, Agropecuaristas, Pessoas e Comerciantes de nome Rita de C\u00e1ssia.<\/em><u><\/u><u><\/u><\/p>\n<p class=\"m_-3181321314189934464xgmail-msonospacing\"><em><b>Liturgia<\/b><\/em><em>: Grupo Santo Ant\u00f4nio e MECE<\/em><u><\/u><u><\/u><\/p>\n<p class=\"m_-3181321314189934464xgmail-msonospacing\"><em>Quermesse: Pastoral Familiar \u2013(Barraca Espetinho-Pastoral do Dizimo)<\/em><u><\/u><u><\/u><\/p>\n<p class=\"m_-3181321314189934464xgmail-msonospacing\"><em><b>Oferta<\/b><\/em><em>: Refrigerante<\/em><u><\/u><u><\/u><\/p>\n<p class=\"m_-3181321314189934464xgmail-msonospacing\"><em>\u00a0<\/em><u><\/u><u><\/u><\/p>\n<p class=\"m_-3181321314189934464xgmail-msonospacing\"><strong><em>6\u00aa Noite 18.05 (Sexta-Feira)-\u00a019h<\/em><\/strong><u><\/u><u><\/u><\/p>\n<p class=\"m_-3181321314189934464xgmail-msonospacing\"><em><b>Subtema:<\/b><\/em><em>\u00a0\u201c Os crist\u00e3os leigos e a pratica da miseric\u00f3rdia, da reconcilia\u00e7\u00e3o e da fraternidade em sua miss\u00e3o de evangelizadores\u201d.<\/em><u><\/u><u><\/u><\/p>\n<p class=\"m_-3181321314189934464xgmail-msonospacing\"><em><b>Convidados<\/b><\/em><em>: Par\u00f3quia S\u00e3o Judas Tadeu, Policia Militar, Policia Rodovi\u00e1ria\u00a0\u00a0Estadual e Federal ,Corpo de Bombeiro, Companhia\u00a0\u00a0independente de Policiamento de Guarda- CIPG, Tiro de Guerra, Policia Civil, Delegacia da Mulher, Empresas de Seguran\u00e7a\u00a0\u00a0Particular, SESTTRAN, DETRAN, Guarda Municipal ,Poder Judici\u00e1rio, Conselho Tutelar, Vara da Inf\u00e2ncia e Juventude.<\/em><u><\/u><u><\/u><\/p>\n<p class=\"m_-3181321314189934464xgmail-msonospacing\"><em><b>Liturgia<\/b><\/em><em>: Comunidades: Santa Luzia, Nossa Senhora de Lourdes, S\u00e3o Paulo Ap\u00f3stolo, e S\u00e3o Francisco de Assis.<\/em><u><\/u><u><\/u><\/p>\n<p class=\"m_-3181321314189934464xgmail-msonospacing\"><em><b>Quermesse<\/b><\/em><em>: Legi\u00e3o de Maria\u00a0\u00a0e Pastoral da Catequese \u2013(Barraca Espetinho-Pastoral do Dizimo)<\/em><u><\/u><u><\/u><\/p>\n<p class=\"m_-3181321314189934464xgmail-msonospacing\"><em><b>Oferta<\/b><\/em><em>: ESP\u00c9CIE<\/em><u><\/u><u><\/u><\/p>\n<p class=\"m_-3181321314189934464xgmail-msonospacing\"><em>\u00a0<\/em><u><\/u><u><\/u><\/p>\n<p class=\"m_-3181321314189934464xgmail-msonospacing\"><strong><em>7\u00aa Noite 19.05(S\u00e1bado)- 19h<\/em><\/strong><u><\/u><u><\/u><\/p>\n<p class=\"m_-3181321314189934464xgmail-msonospacing\"><em><b>Subtema<\/b><\/em><em>: \u201cOs crist\u00e3os leigos e o compromisso de\u00a0\u00a0viverem\u00a0\u00a0e transmitirem a comunh\u00e3o com a Trindade, forte de vida comunit\u00e1ria\u201d.\u00a0<\/em><u><\/u><u><\/u><\/p>\n<p class=\"m_-3181321314189934464xgmail-msonospacing\"><em><b>Convidados<\/b><\/em><em>: Par\u00f3quias: Nossa Senhora da Concei\u00e7\u00e3o (Ferradas) e Par\u00f3quia Santa In\u00eas. Comunidades de vida e de Alian\u00e7a (Santa Cecilia, Rainha da Paz, Filhos de Israel)\u00a0\u00a0Congrega\u00e7\u00f5es Religiosas da Diocese, Di\u00e1conos\u00a0\u00a0da Diocese de Itabuna, Pastoral do Batismo.<\/em><u><\/u><u><\/u><\/p>\n<p class=\"m_-3181321314189934464xgmail-msonospacing\"><em><b>Liturgia:<\/b><\/em><em>\u00a0Apostolado da Ora\u00e7\u00e3o, Grupo dos Jovens (EJC), Minist\u00e9rio Jovem e Crismandos (Barraca\u00a0\u00a0Espetinho -Pastoral do Dizimo)<\/em><u><\/u><u><\/u><\/p>\n<p class=\"m_-3181321314189934464xgmail-msonospacing\"><em><b>Oferta:<\/b><\/em><em>\u00a0ESP\u00c9CIE<\/em><u><\/u><u><\/u><\/p>\n<p class=\"m_-3181321314189934464xgmail-msonospacing\"><em>\u00a0<\/em><u><\/u><u><\/u><\/p>\n<p class=\"m_-3181321314189934464xgmail-msonospacing\"><strong><em>8\u00aa Noite 20.05 (Domingo)- 19h<\/em><\/strong><u><\/u><u><\/u><\/p>\n<p class=\"m_-3181321314189934464xgmail-msonospacing\"><em><b>Subtema<\/b><\/em><em>: \u201cOs crist\u00e3os leigos jovens e seu protagonismo na Igreja e no mundo, apoiados pelos presb\u00edteros e agentes de pastoral\u201d.<\/em><u><\/u><u><\/u><\/p>\n<p class=\"m_-3181321314189934464xgmail-msonospacing\"><em><b>Convidados<\/b><\/em><em>: Par\u00f3quias: Nossa Senhora das Vit\u00f3rias e Santa Maria Madalena, Setor Juventude\u00a0\u00a0Diocesana, Grupos de Jovens das Par\u00f3quias e da Diocese (Coroinhas, Crisma, Restaura\u00e7\u00e3o, Jovens das Comunidades, Juventude Mission\u00e1ria, Escalada, Maria Jovens, EJC.<\/em><u><\/u><u><\/u><\/p>\n<p class=\"m_-3181321314189934464xgmail-msonospacing\"><em><b>Liturgia<\/b><\/em><em>: M\u00fasicos, OFS e MECE.<\/em><u><\/u><u><\/u><\/p>\n<p class=\"m_-3181321314189934464xgmail-msonospacing\"><em><b>Quermesse<\/b><\/em><em>: Renova\u00e7\u00e3o Carism\u00e1tica\u00a0\u00a0Cat\u00f3lica \u2013(Barraca Espetinho \u2013Pastoral do D\u00edzimo)<\/em><u><\/u><u><\/u><\/p>\n<p class=\"m_-3181321314189934464xgmail-msonospacing\"><em>Oferta: Refrigerante\/\u00c1gua Mineral\u00a0<\/em><u><\/u><u><\/u><\/p>\n<p class=\"m_-3181321314189934464xgmail-msonospacing\"><em>\u00a0<\/em><u><\/u><u><\/u><\/p>\n<p class=\"m_-3181321314189934464xgmail-msonospacing\"><strong><em>9\u00aa Noite 21.05 (Segunda-Feira) -18h<\/em><\/strong><u><\/u><u><\/u><\/p>\n<p class=\"m_-3181321314189934464xgmail-msonospacing\"><em><b>Subtema<\/b><\/em><em>: \u201cO crist\u00e3o leigo e a determina\u00e7\u00e3o e\u00a0\u00a0coragem para vencer as tenta\u00e7\u00f5es na miss\u00e3o ,pela frequ\u00eancia ass\u00eddua aos Sacramentos\u201d.<\/em><u><\/u><u><\/u><\/p>\n<p class=\"m_-3181321314189934464xgmail-msonospacing\"><em><b>Convidados<\/b><\/em><em>: Par\u00f3quia Nossa Senhora de F\u00e1tima, Grupos das par\u00f3quias e da Diocese (RCC, Legi\u00e3o de Maria, Apostolado da Ora\u00e7\u00e3o). Comunidades: S\u00e3o Francisco, S\u00e3o Paulo Ap\u00f3stolo,\u00a0\u00a0Santa Luzia, Nossa Senhora de Lourdes, Pastoral da Crian\u00e7a, MECE, Ordem franciscana, Grupo de Pe. Pio, M\u00fasicos, Grupo Santa Ant\u00f4nio, ECC, Ter\u00e7o dos Homens, Bom Viver, Vicentino e Cursilho).<\/em><u><\/u><u><\/u><\/p>\n<p class=\"m_-3181321314189934464xgmail-msonospacing\"><em><b>Liturgia<\/b><\/em><em>: Liturgia e M\u00fasicos que acompanham o Padre Paulo Avelino<\/em><u><\/u><u><\/u><\/p>\n<p class=\"m_-3181321314189934464xgmail-msonospacing\"><em><b>Quermesse<\/b><\/em><em>: Ter\u00e7o dos homens e todas as Pastorais- (Barraca\u00a0\u00a0Espetinho \u2013 Pastoral do D\u00edzimo)<\/em><u><\/u><u><\/u><\/p>\n<p class=\"m_-3181321314189934464xgmail-msonospacing\"><em>Oferta: ESP\u00c9CIE<\/em><u><\/u><u><\/u><\/p>\n<p class=\"m_-3181321314189934464xgmail-msonospacing\" align=\"center\"><em><b>Dia 22 (Ter\u00e7a-Feira)-\u00faltimo dia<\/b><\/em><u><\/u><u><\/u><\/p>\n<p class=\"m_-3181321314189934464xgmail-msonospacing\"><em>Solenidade de Santa Rita de C\u00e1ssia<\/em><u><\/u><u><\/u><\/p>\n<p class=\"m_-3181321314189934464xgmail-msonospacing\"><em>05h- Alvorada<\/em><u><\/u><u><\/u><\/p>\n<p class=\"m_-3181321314189934464xgmail-msonospacing\"><em>19h- Missa solene seguida de prociss\u00e3o<\/em><u><\/u><u><\/u><\/p>\n<p class=\"m_-3181321314189934464xgmail-msonospacing\"><em><b>Liturgia:\u00a0<\/b><\/em><em>Pastoral Lit\u00fargica<\/em><u><\/u><u><\/u><\/p>\n<p class=\"m_-3181321314189934464xgmail-msonospacing\"><em>Quermesse: Todas as Pastorais, grupos, movimentos e comunidades de nossa par\u00f3quia.<\/em><\/p>\n<p>&nbsp;<\/p>\n","protected":false},"excerpt":{"rendered":"<p>A Par\u00f3quia Santa Rita de C\u00e1ssia situada no bairro S\u00e3o Caetano, em Itabuna (BA), est\u00e1 em festa, pois vai ter a felicidade de celebrar o Jubileu de Ouro junto com a festa de sua padroeira. na cidade e diocese de Itabuna no sul da Bahia. As comemora\u00e7\u00f5es come\u00e7am no pr\u00f3ximo com a Novena, no dia&nbsp;<\/p>\n<p><a class=\"btn btn-style\" href=\"http:\/\/portalcatolico.net\/portal\/paroquia-santa-rita-de-cassia-abre-comemoracao-dos-50-anos-de-fundacao\/\">Continue Reading<\/a><\/p>\n","protected":false},"author":2,"featured_media":54931,"comment_status":"open","ping_status":"open","sticky":false,"template":"","format":"standard","meta":{"footnotes":""},"categories":[1],"tags":[],"class_list":["post-54928","post","type-post","status-publish","format-standard","has-post-thumbnail","hentry","category-agenda"],"_links":{"self":[{"href":"http:\/\/portalcatolico.net\/portal\/wp-json\/wp\/v2\/posts\/54928","targetHints":{"allow":["GET"]}}],"collection":[{"href":"http:\/\/portalcatolico.net\/portal\/wp-json\/wp\/v2\/posts"}],"about":[{"href":"http:\/\/portalcatolico.net\/portal\/wp-json\/wp\/v2\/types\/post"}],"author":[{"embeddable":true,"href":"http:\/\/portalcatolico.net\/portal\/wp-json\/wp\/v2\/users\/2"}],"replies":[{"embeddable":true,"href":"http:\/\/portalcatolico.net\/portal\/wp-json\/wp\/v2\/comments?post=54928"}],"version-history":[{"count":1,"href":"http:\/\/portalcatolico.net\/portal\/wp-json\/wp\/v2\/posts\/54928\/revisions"}],"predecessor-version":[{"id":54930,"href":"http:\/\/portalcatolico.net\/portal\/wp-json\/wp\/v2\/posts\/54928\/revisions\/54930"}],"wp:featuredmedia":[{"embeddable":true,"href":"http:\/\/portalcatolico.net\/portal\/wp-json\/wp\/v2\/media\/54931"}],"wp:attachment":[{"href":"http:\/\/portalcatolico.net\/portal\/wp-json\/wp\/v2\/media?parent=54928"}],"wp:term":[{"taxonomy":"category","embeddable":true,"href":"http:\/\/portalcatolico.net\/portal\/wp-json\/wp\/v2\/categories?post=54928"},{"taxonomy":"post_tag","embeddable":true,"href":"http:\/\/portalcatolico.net\/portal\/wp-json\/wp\/v2\/tags?post=54928"}],"curies":[{"name":"wp","href":"https:\/\/api.w.org\/{rel}","templated":true}]}}