{"id":54925,"date":"2018-05-03T20:06:10","date_gmt":"2018-05-03T23:06:10","guid":{"rendered":"http:\/\/portalcatolico.net\/portal\/?p=54925"},"modified":"2018-05-03T20:06:10","modified_gmt":"2018-05-03T23:06:10","slug":"consistorio-ordinario-marcado","status":"publish","type":"post","link":"http:\/\/portalcatolico.net\/portal\/consistorio-ordinario-marcado\/","title":{"rendered":"Consist\u00f3rio Ordin\u00e1rio marcado"},"content":{"rendered":"<div class=\"article__subTitle\">Papa Francisco convocou os cardeais presentes em Roma para Consist\u00f3rio Ordin\u00e1rio. Seis beatos ser\u00e3o canonizados, entre eles o Papa Paulo VI e Dom Oscar Romero.<\/div>\n<div class=\"title__separator\"><\/div>\n<div class=\"article__text\">\n<p>O<b>\u00a0Papa Francisco<\/b>, por meio de seu mestre de cerimonias Monsenhor Guido Marini, convocou nesta manh\u00e3, 03 de maio, os Cardeais residentes e presentes em Roma para o Consist\u00f3rio Ordin\u00e1rio no dia 19 de maio. O encontro se realizar\u00e1 \u00e0s 10 horas no Pal\u00e1cio Apost\u00f3lico, no Vaticano. O Santo Padre presidir\u00e1 a hora m\u00e9dia da liturgia das horas e o Consist\u00f3rio\u00a0P\u00fablico para a canoniza\u00e7\u00e3o dos seguintes beatos:<\/p>\n<p><b>Paulo VI<\/b>\u00a0(Giovanni Battista Montini), Sumo Pontificie &#8211;\u00a0Giovanni Battista Montini nasceu em Concesio, Br\u00e9scia, na regi\u00e3o italiana da Lombardia, e foi ordenado aos 22 anos. Doutor em filosofia, direito civil e direito can\u00f4nico, serviu a diplomacia da Santa S\u00e9 e a pastoral universit\u00e1ria italiana. A partir de 1937, foi colaborador direto do Papa Pio XII. Durante II Guerra Mundial, no Vaticano, se ocupou da ajuda aos refugiados e aos judeus. Ap\u00f3s o conflito, colaborou na funda\u00e7\u00e3o da Associa\u00e7\u00e3o Cat\u00f3lica de Trabalhadores Italianos (ACLI), e em 1954, foi nomeado arcebispo de Mil\u00e3o.\u00a0 Criado cardeal pelo Papa Jo\u00e3o XXIII em 1958, participou nos trabalhos preparat\u00f3rios do Conc\u00edlio Vaticano II.\u00a0\u00a0Em 21 de junho de 1963 foi eleito Papa.\u00a0Paulo VI escreveu sete enc\u00edclicas, entre as quais a \u2018Humanae vitae\u2019 (1968) sobre o controle da natalidade, e a \u2018Populorum progressio\u2019 (1967) que abrange o desenvolvimento dos povos. Foi o primeiro Papa a fazer viagens internacionais, tendo visitado Terra Santa, EUA, \u00cdndia, Portugal, Turquia, Filipinas e Austr\u00e1lia, dentre outros.<\/p>\n<p><b>Oscar Arnulfo Romero Gald\u00e1mez<\/b>, Arcebispo de S\u00e3o Salvador, M\u00e1rtir &#8211;\u00a0nasceu em 15 de agosto de 1917, em Ciudad Barrios, em El Salvador. Sua fam\u00edlia era numerosa e pobre. Com apenas 13 anos entrou no semin\u00e1rio. Foi para Roma completar o curso de teologia com 20 anos e se ordenou sacerdote, em 1943.\u00a0Em 1977, padre Oscar Romero foi nomeado Arcebispo de El Salvador, chegando \u00e0 capital com fama de conservador.\u00a0No dia 24 de mar\u00e7o de 1980, Dom Romero foi fuzilado, em meio aos doentes de c\u00e2ncer e enfermeiros, enquanto celebrava uma missa na capela do Hospital da Divina Provid\u00eancia, na capital de El Salvador.<br \/>\nSua a\u00e7\u00e3o pastoral visava ao entendimento m\u00fatuo entre os salvadorenhos. Criticava duramente tanto a in\u00e9rcia do governo, as interfer\u00eancias estrangeiras, como as injusti\u00e7as praticadas pelos grupos &#8220;revolucion\u00e1rios&#8221;. O Arcebispo Dom Oscar Arnulfo Romero foi fiel a Igreja, e pagou com a vida o pre\u00e7o de ser disc\u00edpulo de Cristo. O seu nome foi inclu\u00eddo na rela\u00e7\u00e3o dos 1015 salvadorenhos que foram assassinados, em 1980.<\/p>\n<p>Outros 4 beatos ser\u00e3o canonizados juntos a Papa Paulo VI e a Dom Oscar Romero:<\/p>\n<p><b>Francesco Spinelli<\/b>, Sacerdote diocesano, Fundador do Instituto das Irm\u00e3s Adoradoras do Sant\u00edssimo Sacramento;<\/p>\n<p><b>Vincenzo Romano<\/b>, Sacerdote diocesano;<\/p>\n<p><b>Maria Caterina Kasper<\/b>, Virgem, Fundadora do Instituto das Pobres Servas de Jesus Cristo;<\/p>\n<p><b>Maria Ignazia de Santa Teresa de Jesus,<\/b>\u00a0virgem, Fundadora da Congrega\u00e7\u00e3o das Irm\u00e3s missionarias Cruzadas da Igreja.<\/p>\n<p>Fonte: Vatican Midia\n<\/p><\/div>\n","protected":false},"excerpt":{"rendered":"<p>Papa Francisco convocou os cardeais presentes em Roma para Consist\u00f3rio Ordin\u00e1rio. Seis beatos ser\u00e3o canonizados, entre eles o Papa Paulo VI e Dom Oscar Romero. O\u00a0Papa Francisco, por meio de seu mestre de cerimonias Monsenhor Guido Marini, convocou nesta manh\u00e3, 03 de maio, os Cardeais residentes e presentes em Roma para o Consist\u00f3rio Ordin\u00e1rio no&nbsp;<\/p>\n<p><a class=\"btn btn-style\" href=\"http:\/\/portalcatolico.net\/portal\/consistorio-ordinario-marcado\/\">Continue Reading<\/a><\/p>\n","protected":false},"author":2,"featured_media":54926,"comment_status":"open","ping_status":"open","sticky":false,"template":"","format":"standard","meta":{"footnotes":""},"categories":[5],"tags":[],"class_list":["post-54925","post","type-post","status-publish","format-standard","has-post-thumbnail","hentry","category-igreja_no_mundo"],"_links":{"self":[{"href":"http:\/\/portalcatolico.net\/portal\/wp-json\/wp\/v2\/posts\/54925","targetHints":{"allow":["GET"]}}],"collection":[{"href":"http:\/\/portalcatolico.net\/portal\/wp-json\/wp\/v2\/posts"}],"about":[{"href":"http:\/\/portalcatolico.net\/portal\/wp-json\/wp\/v2\/types\/post"}],"author":[{"embeddable":true,"href":"http:\/\/portalcatolico.net\/portal\/wp-json\/wp\/v2\/users\/2"}],"replies":[{"embeddable":true,"href":"http:\/\/portalcatolico.net\/portal\/wp-json\/wp\/v2\/comments?post=54925"}],"version-history":[{"count":1,"href":"http:\/\/portalcatolico.net\/portal\/wp-json\/wp\/v2\/posts\/54925\/revisions"}],"predecessor-version":[{"id":54927,"href":"http:\/\/portalcatolico.net\/portal\/wp-json\/wp\/v2\/posts\/54925\/revisions\/54927"}],"wp:featuredmedia":[{"embeddable":true,"href":"http:\/\/portalcatolico.net\/portal\/wp-json\/wp\/v2\/media\/54926"}],"wp:attachment":[{"href":"http:\/\/portalcatolico.net\/portal\/wp-json\/wp\/v2\/media?parent=54925"}],"wp:term":[{"taxonomy":"category","embeddable":true,"href":"http:\/\/portalcatolico.net\/portal\/wp-json\/wp\/v2\/categories?post=54925"},{"taxonomy":"post_tag","embeddable":true,"href":"http:\/\/portalcatolico.net\/portal\/wp-json\/wp\/v2\/tags?post=54925"}],"curies":[{"name":"wp","href":"https:\/\/api.w.org\/{rel}","templated":true}]}}