{"id":54907,"date":"2018-05-03T06:04:26","date_gmt":"2018-05-03T09:04:26","guid":{"rendered":"http:\/\/portalcatolico.net\/portal\/?p=54907"},"modified":"2018-05-03T06:07:13","modified_gmt":"2018-05-03T09:07:13","slug":"paroquia-em-ibicarai-tem-programacao-deste-mes-voltado-para-homenagens-a-maria","status":"publish","type":"post","link":"http:\/\/portalcatolico.net\/portal\/paroquia-em-ibicarai-tem-programacao-deste-mes-voltado-para-homenagens-a-maria\/","title":{"rendered":"Par\u00f3quia em Ibicara\u00ed tem programa\u00e7\u00e3o deste m\u00eas voltado para homenagens a Maria"},"content":{"rendered":"<p style=\"font-weight: 400;\">A Par\u00f3quia do Senhor Deus Menino de Ibicara\u00ed (BA), tem a honra de convidar voc\u00ea e toda sua fam\u00edlia para participar do M\u00eas Mariano, com reflex\u00e3o do tema: \u201cA exemplo de Maria, somos Crist\u00e3os Leigos e Leigas na Igreja e na Sociedade\u201d, e do lema: &#8220;Sal da Terra e Luz do Mundo.&#8221; (Mt 5,13-14).<\/p>\n<p style=\"font-weight: 400;\">O m\u00eas de maio ser\u00e1 dedicado a medita\u00e7\u00e3o do Santo Ter\u00e7o, Santa Missa, momentos marianos em pra\u00e7as da cidade, vig\u00edlia de Pentecostes e ao final, a grande coroa\u00e7\u00e3o de Nossa Senhora.<\/p>\n<p style=\"font-weight: 400;\"><strong>Confira a programa\u00e7\u00e3o completa e participe!<\/strong><\/p>\n<p style=\"font-weight: 400;\"><img loading=\"lazy\" decoding=\"async\" class=\"alignnone wp-image-54910\" src=\"http:\/\/portalcatolico.net\/portal\/wp-content\/uploads\/2018\/05\/31693225_2046470085677139_5985572612477026304_n-300x210.jpg\" alt=\"31693225_2046470085677139_5985572612477026304_n\" width=\"663\" height=\"464\" srcset=\"http:\/\/portalcatolico.net\/portal\/wp-content\/uploads\/2018\/05\/31693225_2046470085677139_5985572612477026304_n-300x210.jpg 300w, http:\/\/portalcatolico.net\/portal\/wp-content\/uploads\/2018\/05\/31693225_2046470085677139_5985572612477026304_n-768x537.jpg 768w, http:\/\/portalcatolico.net\/portal\/wp-content\/uploads\/2018\/05\/31693225_2046470085677139_5985572612477026304_n.jpg 960w\" sizes=\"auto, (max-width: 663px) 100vw, 663px\" \/> <img loading=\"lazy\" decoding=\"async\" class=\"alignnone wp-image-54911\" src=\"http:\/\/portalcatolico.net\/portal\/wp-content\/uploads\/2018\/05\/31699025_2046470045677143_6834014346348068864_n-300x210.jpg\" alt=\"31699025_2046470045677143_6834014346348068864_n\" width=\"663\" height=\"464\" srcset=\"http:\/\/portalcatolico.net\/portal\/wp-content\/uploads\/2018\/05\/31699025_2046470045677143_6834014346348068864_n-300x210.jpg 300w, http:\/\/portalcatolico.net\/portal\/wp-content\/uploads\/2018\/05\/31699025_2046470045677143_6834014346348068864_n-768x537.jpg 768w, http:\/\/portalcatolico.net\/portal\/wp-content\/uploads\/2018\/05\/31699025_2046470045677143_6834014346348068864_n.jpg 960w\" sizes=\"auto, (max-width: 663px) 100vw, 663px\" \/><\/p>\n<p style=\"font-weight: 400;\">\n","protected":false},"excerpt":{"rendered":"<p>A Par\u00f3quia do Senhor Deus Menino de Ibicara\u00ed (BA), tem a honra de convidar voc\u00ea e toda sua fam\u00edlia para participar do M\u00eas Mariano, com reflex\u00e3o do tema: \u201cA exemplo de Maria, somos Crist\u00e3os Leigos e Leigas na Igreja e na Sociedade\u201d, e do lema: &#8220;Sal da Terra e Luz do Mundo.&#8221; (Mt 5,13-14). O&nbsp;<\/p>\n<p><a class=\"btn btn-style\" href=\"http:\/\/portalcatolico.net\/portal\/paroquia-em-ibicarai-tem-programacao-deste-mes-voltado-para-homenagens-a-maria\/\">Continue Reading<\/a><\/p>\n","protected":false},"author":2,"featured_media":54908,"comment_status":"open","ping_status":"open","sticky":false,"template":"","format":"standard","meta":{"footnotes":""},"categories":[1],"tags":[],"class_list":["post-54907","post","type-post","status-publish","format-standard","has-post-thumbnail","hentry","category-agenda"],"_links":{"self":[{"href":"http:\/\/portalcatolico.net\/portal\/wp-json\/wp\/v2\/posts\/54907","targetHints":{"allow":["GET"]}}],"collection":[{"href":"http:\/\/portalcatolico.net\/portal\/wp-json\/wp\/v2\/posts"}],"about":[{"href":"http:\/\/portalcatolico.net\/portal\/wp-json\/wp\/v2\/types\/post"}],"author":[{"embeddable":true,"href":"http:\/\/portalcatolico.net\/portal\/wp-json\/wp\/v2\/users\/2"}],"replies":[{"embeddable":true,"href":"http:\/\/portalcatolico.net\/portal\/wp-json\/wp\/v2\/comments?post=54907"}],"version-history":[{"count":3,"href":"http:\/\/portalcatolico.net\/portal\/wp-json\/wp\/v2\/posts\/54907\/revisions"}],"predecessor-version":[{"id":54913,"href":"http:\/\/portalcatolico.net\/portal\/wp-json\/wp\/v2\/posts\/54907\/revisions\/54913"}],"wp:featuredmedia":[{"embeddable":true,"href":"http:\/\/portalcatolico.net\/portal\/wp-json\/wp\/v2\/media\/54908"}],"wp:attachment":[{"href":"http:\/\/portalcatolico.net\/portal\/wp-json\/wp\/v2\/media?parent=54907"}],"wp:term":[{"taxonomy":"category","embeddable":true,"href":"http:\/\/portalcatolico.net\/portal\/wp-json\/wp\/v2\/categories?post=54907"},{"taxonomy":"post_tag","embeddable":true,"href":"http:\/\/portalcatolico.net\/portal\/wp-json\/wp\/v2\/tags?post=54907"}],"curies":[{"name":"wp","href":"https:\/\/api.w.org\/{rel}","templated":true}]}}