{"id":54897,"date":"2018-05-02T20:14:13","date_gmt":"2018-05-02T23:14:13","guid":{"rendered":"http:\/\/portalcatolico.net\/portal\/?p=54897"},"modified":"2018-05-02T21:02:53","modified_gmt":"2018-05-03T00:02:53","slug":"marcha-com-maria-acontece-em-itabuna-com-a-presenca-de-uma-multidao-de-fieis","status":"publish","type":"post","link":"http:\/\/portalcatolico.net\/portal\/marcha-com-maria-acontece-em-itabuna-com-a-presenca-de-uma-multidao-de-fieis\/","title":{"rendered":"Marcha com Maria acontece em Itabuna com a presen\u00e7a de uma multid\u00e3o de fieis"},"content":{"rendered":"<p style=\"font-weight: 400;\">A Legi\u00e3o\u00a0de Maria da Diocese de Itabuna, no sul da Bahia, realizou neste \u00a0dia 1\u00b0 de Maio, a X\u00a0Marcha com Maria. Como j\u00e1 \u00e9 de tradi\u00e7\u00e3o todos os anos, milhares\u00a0\u00a0de cat\u00f3licos acompanharam uma dos maiores eventos cat\u00f3licos na Diocese de Itabuna, que este ano completou 10 anos\u00a0de\u00a0devo\u00e7\u00e3o.<\/p>\n<p style=\"font-weight: 400;\">O\u00a0\u00a0tema para este ano \u00e9: \u201c10 anos marchando com Maria. Ela que nos leva a amar e conhecer Jesus\u201d.<\/p>\n<p style=\"font-weight: 400;\">A \u00a0concentra\u00e7\u00e3o come\u00e7ou antes das 14h, com a Igreja completamente lotada, \u00e0s 14h. Minutos\u00a0antes, \u00a0teve in\u00edcio a Reza do Ter\u00e7o.<\/p>\n<p style=\"font-weight: 400;\">\u00c0s 15h, come\u00e7ou a caminhada intercalada com momentos de ora\u00e7\u00e3o, reflex\u00e3o e m\u00fasica.<\/p>\n<p><iframe loading=\"lazy\"  id=\"_ytid_85726\"  width=\"480\" height=\"270\"  data-origwidth=\"480\" data-origheight=\"270\" src=\"https:\/\/www.youtube.com\/embed\/C55V5daW1fM?enablejsapi=1&#038;autoplay=0&#038;cc_load_policy=0&#038;cc_lang_pref=&#038;iv_load_policy=1&#038;loop=0&#038;rel=1&#038;fs=1&#038;playsinline=0&#038;autohide=2&#038;theme=dark&#038;color=red&#038;controls=1&#038;disablekb=0&#038;\" class=\"__youtube_prefs__  epyt-is-override  no-lazyload\" title=\"YouTube player\"  allow=\"fullscreen; accelerometer; autoplay; clipboard-write; encrypted-media; gyroscope; picture-in-picture; web-share\" referrerpolicy=\"strict-origin-when-cross-origin\" allowfullscreen data-no-lazy=\"1\" data-skipgform_ajax_framebjll=\"\"><\/iframe><\/p>\n<p style=\"font-weight: 400;\">O percurso durou mais de 1hora e meia, saindo da Catedral de S\u00e3o Jos\u00e9, passando pelas principais ruas e avenidas do centro da cidade, al\u00e9m dos bairros S\u00e3o Caetano e Jardim Primavera, rumo \u00e0 Par\u00f3quia Senhor do Bomfim.<\/p>\n<p style=\"font-weight: 400;\">\u00a0\u00c0s 16h45, aconteceu a celebra\u00e7\u00e3o da santa missa que foi presidida pelo bispo diocesano, Dom Carlos Alberto dos Santos, e concelebrada por padres, di\u00e1conos e seminaristas. Logos ap\u00f3s a santa missa, houve o momento de consagra\u00e7\u00e3o a Nossa Senhora.<\/p>\n<p style=\"font-weight: 400;\">Na homilia, Dom Carlos falou sobre a f\u00e9 e devo\u00e7\u00e3o a Maria:\u00a0Maria, mulher de f\u00e9. E voc\u00ea tamb\u00e9m \u00e9 uma pessoa de f\u00e9? Maria foi aquela mulher que sonhou ouvir a voz de Deus e soube dizer: \u2018fa\u00e7a-se em mim segundo a tua palavra\u2019. Na hora de tomarem as decis\u00f5es da sua vida, o que \u00e9 que voc\u00ea faz? Reza? Maria passa na frente, mas se voc\u00ea n\u00e3o tiver f\u00e9, n\u00e3o passa de forma alguma. Precisa f\u00e9 em dizer: \u2018Maria passa na frente porque eu confio e confio no Seu Filho Jesus que me ama, que me quer bem\u201d<\/p>\n<p style=\"font-weight: 400;\">Participaram desta 10\u00aa Marcha com Maria: caravanas de legion\u00e1rios de v\u00e1rias cidades circunvizinhas, <img loading=\"lazy\" decoding=\"async\" class=\"size-medium wp-image-54904 alignleft\" src=\"http:\/\/portalcatolico.net\/portal\/wp-content\/uploads\/2018\/05\/4-300x200.jpg\" alt=\"4\" width=\"300\" height=\"200\" srcset=\"http:\/\/portalcatolico.net\/portal\/wp-content\/uploads\/2018\/05\/4-300x200.jpg 300w, http:\/\/portalcatolico.net\/portal\/wp-content\/uploads\/2018\/05\/4-768x512.jpg 768w, http:\/\/portalcatolico.net\/portal\/wp-content\/uploads\/2018\/05\/4.jpg 1000w\" sizes=\"auto, (max-width: 300px) 100vw, 300px\" \/>al\u00e9m de Legion\u00e1rios e paroquianos da Diocese de Ilh\u00e9us, sendo mais de 100 fieis s\u00f3 da cidade de Coaraci.<\/p>\n<p style=\"font-weight: 400;\">Na oportunidade, a coordena\u00e7\u00e3o da Legi\u00e3o de Maria\u00a0anunciou que em 2019, a Marcha vai acontecer na Par\u00f3quia de Santo Ant\u00f4nio.<\/p>\n<p style=\"font-weight: 400;\">Fotos ,v\u00eddeo e reportagem: Valdeni Elias<\/p>\n<p style=\"font-weight: 400;\">Texto:Reda\u00e7\u00e3o Portal Catolico.net<\/p>\n<p style=\"font-weight: 400;\">\u00c1lbuns de fotos: <a href=\"http:\/\/portalcatolico.net\/portal\/10a-marcha-com-maria-em-itabuna\/\"><span style=\"color: #ff0000;\">Clique aqui<\/span><\/a><\/p>\n","protected":false},"excerpt":{"rendered":"<p>A Legi\u00e3o\u00a0de Maria da Diocese de Itabuna, no sul da Bahia, realizou neste \u00a0dia 1\u00b0 de Maio, a X\u00a0Marcha com Maria. Como j\u00e1 \u00e9 de tradi\u00e7\u00e3o todos os anos, milhares\u00a0\u00a0de cat\u00f3licos acompanharam uma dos maiores eventos cat\u00f3licos na Diocese de Itabuna, que este ano completou 10 anos\u00a0de\u00a0devo\u00e7\u00e3o. O\u00a0\u00a0tema para este ano \u00e9: \u201c10 anos marchando&nbsp;<\/p>\n<p><a class=\"btn btn-style\" href=\"http:\/\/portalcatolico.net\/portal\/marcha-com-maria-acontece-em-itabuna-com-a-presenca-de-uma-multidao-de-fieis\/\">Continue Reading<\/a><\/p>\n","protected":false},"author":2,"featured_media":54898,"comment_status":"open","ping_status":"open","sticky":false,"template":"","format":"standard","meta":{"footnotes":""},"categories":[68],"tags":[],"class_list":["post-54897","post","type-post","status-publish","format-standard","has-post-thumbnail","hentry","category-homilias"],"_links":{"self":[{"href":"http:\/\/portalcatolico.net\/portal\/wp-json\/wp\/v2\/posts\/54897","targetHints":{"allow":["GET"]}}],"collection":[{"href":"http:\/\/portalcatolico.net\/portal\/wp-json\/wp\/v2\/posts"}],"about":[{"href":"http:\/\/portalcatolico.net\/portal\/wp-json\/wp\/v2\/types\/post"}],"author":[{"embeddable":true,"href":"http:\/\/portalcatolico.net\/portal\/wp-json\/wp\/v2\/users\/2"}],"replies":[{"embeddable":true,"href":"http:\/\/portalcatolico.net\/portal\/wp-json\/wp\/v2\/comments?post=54897"}],"version-history":[{"count":6,"href":"http:\/\/portalcatolico.net\/portal\/wp-json\/wp\/v2\/posts\/54897\/revisions"}],"predecessor-version":[{"id":54906,"href":"http:\/\/portalcatolico.net\/portal\/wp-json\/wp\/v2\/posts\/54897\/revisions\/54906"}],"wp:featuredmedia":[{"embeddable":true,"href":"http:\/\/portalcatolico.net\/portal\/wp-json\/wp\/v2\/media\/54898"}],"wp:attachment":[{"href":"http:\/\/portalcatolico.net\/portal\/wp-json\/wp\/v2\/media?parent=54897"}],"wp:term":[{"taxonomy":"category","embeddable":true,"href":"http:\/\/portalcatolico.net\/portal\/wp-json\/wp\/v2\/categories?post=54897"},{"taxonomy":"post_tag","embeddable":true,"href":"http:\/\/portalcatolico.net\/portal\/wp-json\/wp\/v2\/tags?post=54897"}],"curies":[{"name":"wp","href":"https:\/\/api.w.org\/{rel}","templated":true}]}}